{"id":56727,"date":"2026-01-24T10:41:22","date_gmt":"2026-01-24T14:41:22","guid":{"rendered":"https:\/\/noticiasveraces.com\/?p=56727"},"modified":"2026-01-24T10:41:22","modified_gmt":"2026-01-24T14:41:22","slug":"cartel-de-emplazamiento-correo-del-caroni","status":"publish","type":"post","link":"https:\/\/noticiasveraces.com\/?p=56727","title":{"rendered":"Cartel de emplazamiento \u2013 Correo del Caron\u00ed"},"content":{"rendered":"<p> \n<\/p>\n<div data-id=\"32b8dfe8\" data-element_type=\"widget\" id=\"texto\" data-widget_type=\"theme-post-content.default\">\n<div class=\"elementor-widget-container\">\n<p class=\"has-text-align-center has-black-color has-text-color has-link-color wp-elements-abe285bd3211bfadfd347fe5842aa020\"><strong>REP\u00daBLICA BOLIVARIANA DE VENEZUELA<\/strong><\/p>\n<figure class=\"wp-block-image aligncenter size-full is-resized\"><img fetchpriority=\"high\" decoding=\"async\" width=\"300\" height=\"350\" alt=\"\" class=\"wp-image-94150 ewww_webp\" style=\"width:139px;height:auto\" src-img=\"https:\/\/correodelcaroni.com\/wp-content\/uploads\/2023\/06\/Escudo_TSJ_carteles2.jpg\" src-webp=\"https:\/\/correodelcaroni.com\/wp-content\/uploads\/2023\/06\/Escudo_TSJ_carteles2.jpg.webp\" data-eio=\"j\"\/><img fetchpriority=\"high\" decoding=\"async\" width=\"300\" height=\"350\" src=\"https:\/\/correodelcaroni.com\/wp-content\/uploads\/2023\/06\/Escudo_TSJ_carteles2.jpg\" alt=\"\" class=\"wp-image-94150\" style=\"width:139px;height:auto\"\/><\/figure>\n<p class=\"has-text-align-center has-black-color has-text-color has-link-color wp-elements-adace7152680f6f1e8c56449708b3142\"><strong>PODER JUDICIAL<\/strong><\/p>\n<p class=\"has-text-align-center has-black-color has-text-color has-link-color wp-elements-7c586de7871f6894202610ee9df86779\">TRIBUNAL PRIMERO DE MUNICIPIO ORDINARIO Y EJECUTOR DE MEDIDAS DE LOS MUNICIPIOS \u00a0EL CALLAO Y ROSCIO DEL SEGUNDO CIRCUITO DE LA CIRCUNSCRIPCI\u00d3N JUDICIAL DEL ESTADO BOL\u00cdVAR<\/p>\n<p class=\"has-text-align-center has-black-color has-text-color has-link-color wp-elements-e1121f7b9f92ef14591afd886c2f7f34\">El Callao, 04 de Diciembre del a\u00f1o 2025.-<\/p>\n<p class=\"has-text-align-center has-black-color has-text-color has-link-color wp-elements-0a7d699536413cf66d71feffaeafde55\">A\u00f1os: 215\u00b0 Y 166\u00b0<\/p>\n<p class=\"has-text-align-center has-black-color has-text-color has-link-color has-medium-font-size wp-elements-732aba37421cbff6784f07b034a51c1f\"><strong><u>CARTEL DE EMPLAZAMIENTO<\/u><\/strong><\/p>\n<p class=\"has-text-align-center has-black-color has-text-color has-link-color wp-elements-b7213c4642276060dc7464ecdfa28aed\"><strong><u>SE HACE SABER<\/u><\/strong><\/p>\n<p class=\"has-black-color has-text-color has-link-color wp-elements-0c17641674d6667185b3fe738d1ad3ac\">A la ciudadana: <strong>ALEINNYS MARIA CHACOA PAEZ<\/strong>Venezolana, mayor de edad, titular de la c\u00e9dula de identidad N\u00b0 <strong>V.-17.541.509<\/strong>domiciliada en la Avenida Urdaneta, Calle Boyac\u00e1 Ibarra, Casa S\/N Sector La Carioca, Guasipati, Municipio Roscio del Estado Bol\u00edvar; en su car\u00e1cter de parte demandada en la presente Causa de <strong>RECONOCIMIENTO DE CONTENIDO Y FIRMA DE DOCUMENTO PRIVADO<\/strong>presentado por el Ciudadano: <strong>ISKANDER JAVIER GONZ\u00c1LEZ<\/strong>venezolano, mayor de edad, titular de la c\u00e9dula de identidad N\u00b0 <strong>V-11.512.382<\/strong>debidamente asistido por el ciudadano: ALI RAMON LUGO, abogado en ejercicio e inscrito en el inpreabogado bajo el N\u00b0 101.174, que deber\u00e1 comparecer dentro de los quince (15) d\u00edas siguientes contados a partir de la publicaci\u00f3n consignaci\u00f3n y fijaci\u00f3n que del presente cartel se haga, a darse por citada a los fines de dar su contestaci\u00f3n a las pretensiones establecidas por el demandante, en el horario comprendido de 8:30 A.M. a 3:30 P.M. Se le advierte que, si no comparece en el lapso antes se\u00f1alado, se le designar\u00e1 Defensor Judicial con qui\u00e9n se entender\u00e1 la citaci\u00f3n y dem\u00e1s diligencias del presente proceso hasta su terminaci\u00f3n. El presente cartel deber\u00e1 ser publicado en el diario Primicia y Correo del Caron\u00ed, ambos editados en la ciudad de Puerto Ordaz, Municipio Caron\u00ed del estado Bol\u00edvar, con el intervalo de tres d\u00edas entre uno y el otro en letra grande y con una dimensi\u00f3n que facilite su lectura.<\/p>\n<p class=\"has-black-color has-text-color has-link-color wp-elements-26e1c85c38e6d68fe4cb51562ac18557\">Todo de conformidad con lo previsto en los art\u00edculos 223 del C\u00f3digo de Procedimiento Civil, en cumplimiento de las Garant\u00edas establecidas en los art\u00edculos 7, 26, 49, 257 \u0443 334 de la Constituci\u00f3n Bolivariana de Venezuela.<\/p>\n<p>LA JUEZA,<\/p>\n<p class=\"has-black-color has-text-color has-link-color wp-elements-dce35cd9d5513f417cb8b6bca3e5688b\">(FDO. y SELLADO)<\/p>\n<p class=\"has-black-color has-text-color has-link-color wp-elements-47faadf4e181d7cdbe461e47114e8fdb\"><strong>ABG. PRICELA MU\u00d1OZ DOS PASOS<\/strong><\/p>\n<p class=\"has-text-align-right has-black-color has-text-color has-link-color wp-elements-d97a1988596582992bf81f3b415ea6af\"><strong>LA SECRETARIA<\/strong>,<\/p>\n<p class=\"has-text-align-right has-black-color has-text-color has-link-color wp-elements-c4ed7ca6826b4e12a6cf617f7f6f7b43\">(FDO.)<\/p>\n<p class=\"has-text-align-right has-black-color has-text-color has-link-color wp-elements-7e4cb46502cbb8688165ebff4670cb72\"><strong>ABG. ELICAR GOMEZ.-<\/strong><\/p>\n<p><iframe name=\"myiFrame\" width=\"800px\" height=\"650px\" scrolling=\"no\" marginwidth=\"0\" marginheight=\"0\" style=\"border:0px none #ffffff;\" data-src=\"https:\/\/correodelcaroni.com\/wp-content\/uploads\/2026\/01\/Cartel_Emplazamiento_Web.pdf\" class=\"lazyload\"><\/iframe>\t\t<\/div>\n<\/p><\/div>\n\n","protected":false},"excerpt":{"rendered":"<p>REP\u00daBLICA BOLIVARIANA DE VENEZUELA PODER JUDICIAL TRIBUNAL PRIMERO DE MUNICIPIO ORDINARIO Y EJECUTOR DE MEDIDAS DE LOS MUNICIPIOS \u00a0EL CALLAO Y ROSCIO DEL SEGUNDO CIRCUITO DE LA CIRCUNSCRIPCI\u00d3N JUDICIAL DEL ESTADO BOL\u00cdVAR El Callao, 04 de Diciembre del a\u00f1o 2025.- A\u00f1os: 215\u00b0 Y 166\u00b0 CARTEL DE EMPLAZAMIENTO SE HACE SABER A la ciudadana: ALEINNYS MARIA &hellip;<\/p>\n","protected":false},"author":1,"featured_media":56729,"comment_status":"open","ping_status":"open","sticky":false,"template":"","format":"standard","meta":{"fifu_image_url":"https:\/\/correodelcaroni.com\/wp-content\/uploads\/2022\/06\/Imagen-Cartel-1.jpg","fifu_image_alt":"","footnotes":""},"categories":[13],"tags":[],"class_list":["post-56727","post","type-post","status-publish","format-standard","has-post-thumbnail","","category-mundo"],"_links":{"self":[{"href":"https:\/\/noticiasveraces.com\/index.php?rest_route=\/wp\/v2\/posts\/56727","targetHints":{"allow":["GET"]}}],"collection":[{"href":"https:\/\/noticiasveraces.com\/index.php?rest_route=\/wp\/v2\/posts"}],"about":[{"href":"https:\/\/noticiasveraces.com\/index.php?rest_route=\/wp\/v2\/types\/post"}],"author":[{"embeddable":true,"href":"https:\/\/noticiasveraces.com\/index.php?rest_route=\/wp\/v2\/users\/1"}],"replies":[{"embeddable":true,"href":"https:\/\/noticiasveraces.com\/index.php?rest_route=%2Fwp%2Fv2%2Fcomments&post=56727"}],"version-history":[{"count":0,"href":"https:\/\/noticiasveraces.com\/index.php?rest_route=\/wp\/v2\/posts\/56727\/revisions"}],"wp:featuredmedia":[{"embeddable":true,"href":"https:\/\/noticiasveraces.com\/index.php?rest_route=\/wp\/v2\/media\/56729"}],"wp:attachment":[{"href":"https:\/\/noticiasveraces.com\/index.php?rest_route=%2Fwp%2Fv2%2Fmedia&parent=56727"}],"wp:term":[{"taxonomy":"category","embeddable":true,"href":"https:\/\/noticiasveraces.com\/index.php?rest_route=%2Fwp%2Fv2%2Fcategories&post=56727"},{"taxonomy":"post_tag","embeddable":true,"href":"https:\/\/noticiasveraces.com\/index.php?rest_route=%2Fwp%2Fv2%2Ftags&post=56727"}],"curies":[{"name":"wp","href":"https:\/\/api.w.org\/{rel}","templated":true}]}}