{"id":56720,"date":"2026-01-24T07:38:45","date_gmt":"2026-01-24T11:38:45","guid":{"rendered":"https:\/\/noticiasveraces.com\/?p=56720"},"modified":"2026-01-24T07:38:45","modified_gmt":"2026-01-24T11:38:45","slug":"el-festival-estatal-de-vesak-se-celebrara-el-30-de-mayo","status":"publish","type":"post","link":"https:\/\/noticiasveraces.com\/?p=56720","title":{"rendered":"El Festival Estatal de Vesak se celebrar\u00e1 el 30 de mayo"},"content":{"rendered":"<p> \n<\/p>\n<div>\n<p>La Ministra de Administraci\u00f3n P\u00fablica, Consejos Provinciales y Gobierno Local, Prof. Chandana Abeyratne, dice que el Festival Estatal Vesak de este a\u00f1o se celebrar\u00e1 el 30 de mayo de 2026.<\/p>\n<p>El Ministro dijo que la decisi\u00f3n se tom\u00f3 bas\u00e1ndose en las recomendaciones hechas por el Comit\u00e9 Poya, teniendo en cuenta una solicitud presentada por los principales prelados de los tres cap\u00edtulos budistas de Sri Lanka.<\/p>\n<p>En consecuencia, el 29 de diciembre de 2025, los principales prelados de los tres cap\u00edtulos budistas escribieron al presidente Anura Kumara Dissanayake, solicitando que el 30 de mayo de 2026 fuera declarado D\u00eda de Vesak Poya, ya que dos d\u00edas de Luna Llena Poya caen en el mes de mayo de 2026.<\/p>\n<p>La carta se\u00f1alaba que los dos d\u00edas de Luna Llena Poya en mayo de 2026 caen el 1 y 30 de mayo. Seg\u00fan el calendario emitido por el Ministerio de Administraci\u00f3n P\u00fablica, el 1 de mayo de 2026 ha sido designado como D\u00eda de Luna Llena Poya de Vesak, mientras que el 30 de mayo de 2026 ha sido declarado D\u00eda de Luna Llena Poya de Adhi Poson.<\/p>\n<p>Sin embargo, los principales prelados se\u00f1alaron que ha surgido un debate p\u00fablico sobre la observancia de Vesak el 1 de mayo, ya que la &#39;vis\u0101 nakatha&#39; no cae en esa fecha.<\/p>\n<p>Tras consultas con Sangha Sabhas y astr\u00f3logos, y bajo la gu\u00eda de Mahanayaka Theros, se decidi\u00f3 que el 30 de mayo de 2026, que coincide con el &#39;vis\u0101 nakatha&#39;, deber\u00eda celebrarse como el D\u00eda de Luna Llena Poya de Vesak de acuerdo con las antiguas tradiciones de Buda Shasana.<\/p>\n<p>La carta dec\u00eda adem\u00e1s que, por lo tanto, ser\u00eda apropiado declarar oficialmente el 30 de mayo de 2026 como D\u00eda de Luna Llena Poya de Vesak e instruir a las autoridades estatales pertinentes para que lleven a cabo todas las celebraciones religiosas y ceremonias estatales relacionadas con Vesak en esa fecha.<\/p>\n<\/p><\/div>\n\n","protected":false},"excerpt":{"rendered":"<p>La Ministra de Administraci\u00f3n P\u00fablica, Consejos Provinciales y Gobierno Local, Prof. Chandana Abeyratne, dice que el Festival Estatal Vesak de este a\u00f1o se celebrar\u00e1 el 30 de mayo de 2026. El Ministro dijo que la decisi\u00f3n se tom\u00f3 bas\u00e1ndose en las recomendaciones hechas por el Comit\u00e9 Poya, teniendo en cuenta una solicitud presentada por los &hellip;<\/p>\n","protected":false},"author":1,"featured_media":56721,"comment_status":"open","ping_status":"open","sticky":false,"template":"","format":"standard","meta":{"fifu_image_url":"https:\/\/adaderanaenglish.s3.amazonaws.com\/1769252191-vesak-6.jpg","fifu_image_alt":"","footnotes":""},"categories":[13],"tags":[],"class_list":["post-56720","post","type-post","status-publish","format-standard","has-post-thumbnail","","category-mundo"],"_links":{"self":[{"href":"https:\/\/noticiasveraces.com\/index.php?rest_route=\/wp\/v2\/posts\/56720","targetHints":{"allow":["GET"]}}],"collection":[{"href":"https:\/\/noticiasveraces.com\/index.php?rest_route=\/wp\/v2\/posts"}],"about":[{"href":"https:\/\/noticiasveraces.com\/index.php?rest_route=\/wp\/v2\/types\/post"}],"author":[{"embeddable":true,"href":"https:\/\/noticiasveraces.com\/index.php?rest_route=\/wp\/v2\/users\/1"}],"replies":[{"embeddable":true,"href":"https:\/\/noticiasveraces.com\/index.php?rest_route=%2Fwp%2Fv2%2Fcomments&post=56720"}],"version-history":[{"count":0,"href":"https:\/\/noticiasveraces.com\/index.php?rest_route=\/wp\/v2\/posts\/56720\/revisions"}],"wp:featuredmedia":[{"embeddable":true,"href":"https:\/\/noticiasveraces.com\/index.php?rest_route=\/wp\/v2\/media\/56721"}],"wp:attachment":[{"href":"https:\/\/noticiasveraces.com\/index.php?rest_route=%2Fwp%2Fv2%2Fmedia&parent=56720"}],"wp:term":[{"taxonomy":"category","embeddable":true,"href":"https:\/\/noticiasveraces.com\/index.php?rest_route=%2Fwp%2Fv2%2Fcategories&post=56720"},{"taxonomy":"post_tag","embeddable":true,"href":"https:\/\/noticiasveraces.com\/index.php?rest_route=%2Fwp%2Fv2%2Ftags&post=56720"}],"curies":[{"name":"wp","href":"https:\/\/api.w.org\/{rel}","templated":true}]}}