{"id":56704,"date":"2026-01-24T06:01:05","date_gmt":"2026-01-24T10:01:05","guid":{"rendered":"https:\/\/noticiasveraces.com\/?p=56704"},"modified":"2026-01-24T06:01:05","modified_gmt":"2026-01-24T10:01:05","slug":"valencia-es-mi-casa-no-descarto-jugar-un-dia-en-mestalla","status":"publish","type":"post","link":"https:\/\/noticiasveraces.com\/?p=56704","title":{"rendered":"\u00abValencia es mi casa, no descarto jugar un d\u00eda en Mestalla\u00bb"},"content":{"rendered":"<p> \n<\/p>\n<div>\n<p data-mrf-recirculation=\"Links P\u00e1rrafos\" class=\"ue-c-article__paragraph paragraph xai-icon-container ue-c-article--first-letter-highlighted\">Fran Navarro (Valencia, 1998) <span class=\"xai-icon\"\/><\/p>\n<p data-mrf-recirculation=\"Links P\u00e1rrafos\" class=\"ue-c-article__paragraph paragraph xai-icon-container\"><strong>Pregunta. Una curiosidad para empezar. \u00bfDe d\u00f3nde le viene lo de &#8216;El Toro&#8217;?<\/strong><span class=\"xai-icon\"\/><\/p>\n<p data-mrf-recirculation=\"Links P\u00e1rrafos\" class=\"ue-c-article__paragraph paragraph xai-icon-container\">Respuesta. Me lo pusieron en el juvenil de Valencia. Incluso antes. Me lo puso el padre de un compa\u00f1ero m\u00edo, Fran Villalba, que est\u00e1 ahora en M\u00e9xico. Le hizo gracia la manera en que iba por los balones, c\u00f3mo presionaba&#8230;\u00a0Ah\u00ed se qued\u00f3 y hasta el d\u00eda de hoy.<span class=\"xai-icon\"\/><\/p>\n<p data-mrf-recirculation=\"Links P\u00e1rrafos\" class=\"ue-c-article__paragraph paragraph xai-icon-container\"><strong>P. Gil Vicente, Oporto, Braga&#8230; \u00bfQu\u00e9 ha encontrado Fran Navarro en Portugal?<\/strong><span\/><span class=\"xai-icon\"\/><\/p>\n<p data-mrf-recirculation=\"Links P\u00e1rrafos\" class=\"ue-c-article__paragraph paragraph xai-icon-container\">R. Son sitios diferentes, pero desde que llegu\u00e9 a Portugal he sido muy feliz, ya sea con momentos m\u00e1s o menos buenos. En Gil Vicente jugu\u00e9 mis dos primeras temporadas en Primera divisi\u00f3n e hice historia. Tengo un recuerdo muy bonito.\u00a0Di un paso muy grande yendo a Oporto. Es cierto que no jugu\u00e9 tanto como quer\u00eda, pero sab\u00eda que hab\u00eda much\u00edsima competencia.\u00a0Pude, eso s\u00ed, debutar en Champions League. <span\/><span class=\"xai-icon\"\/><\/p>\n<blockquote class=\"ue-c-article__blockquote\">\n<p>Desde que llegu\u00e9 a Portugal he sido muy feliz<\/p>\n<p><span class=\"ue-c-article__blockquote-author\">Fran Navarro<\/span><\/p><\/blockquote>\n<p data-mrf-recirculation=\"Links P\u00e1rrafos\" class=\"ue-c-article__paragraph paragraph xai-icon-container\">En Braga tambi\u00e9n me gustar\u00eda jugar m\u00e1s, pero tenemos muchas competiciones hay que estar ah\u00ed. Al final todos somos importantes y, personalmente, estoy en buen momento. Llevo nueve goles y espero que sean muchos m\u00e1s.<span class=\"xai-icon\"\/><\/p>\n<p data-mrf-recirculation=\"Links P\u00e1rrafos\" class=\"ue-c-article__paragraph paragraph xai-icon-container\"><strong>P. Mucha gente igual no lo sabe, pero Fran Navarro es el espa\u00f1ol que m\u00e1s goles ha marcado tanto en la historia de la Liga portuguesa (40 en 100 partidos) como en una sola temporada (17 en la 2022-23). \u00bfSe siente orgulloso?<\/strong><span class=\"xai-icon\"\/><\/p>\n<p data-mrf-recirculation=\"Links P\u00e1rrafos\" class=\"ue-c-article__paragraph paragraph xai-icon-container\">R. S\u00ed. Ahora me hace sentirme m\u00e1s orgulloso si cabe. En el momento no me daba cuenta. Te lo dec\u00edan, pero como que no eras consciente. Ahora pasa el tiempo y lo pones en valor. Lo que he logrado es muy complicado.<span class=\"xai-icon\"\/><\/p>\n<blockquote class=\"ue-c-article__blockquote\">\n<p>Ser el espa\u00f1ol que m\u00e1s goles ha marcado en Portugal me hace sentirme orgulloso<\/p>\n<p><span class=\"ue-c-article__blockquote-author\">Fran Navarro<\/span><\/p><\/blockquote>\n<p data-mrf-recirculation=\"Links P\u00e1rrafos\" class=\"ue-c-article__paragraph paragraph xai-icon-container\"><strong>P. \u00bfNo s\u00e9 si teme que ahora Pau V\u00edctor o Samu Aghehowa le puedan quitar ese r\u00e9cord?<\/strong><span class=\"xai-icon\"\/><\/p>\n<p data-mrf-recirculation=\"Links P\u00e1rrafos\" class=\"ue-c-article__paragraph paragraph xai-icon-container\">R. No lo hab\u00eda pensado. Al final son momentos y circunstancias. Que cada uno meta los goles que pueda&#8230; que yo intentar\u00e9 meter los m\u00edos.<span class=\"xai-icon\"\/><\/p>\n<p data-mrf-recirculation=\"Links P\u00e1rrafos\" class=\"ue-c-article__paragraph paragraph xai-icon-container\"><strong>P. Puede que no est\u00e9 jugando todo lo que quer\u00eda, pero el gol no lo pierde. Es el tercer m\u00e1ximo goleador del Braga con nueve goles en 1.702&#8242;. \u00bfQu\u00e9 falta para ver al Fran Navarro del Gil Vicente?<\/strong><span class=\"xai-icon\"\/><\/p>\n<p data-mrf-recirculation=\"Links P\u00e1rrafos\" class=\"ue-c-article__paragraph paragraph xai-icon-container\">R. La \u00fanica diferencia es que en Gil Vicente sab\u00eda que marcara o no, al d\u00eda siguiente iba a jugar. El jugar d\u00eda tras d\u00eda los 90 minutos te da confianza. Al final, un delantero, cuanto m\u00e1s juega, m\u00e1s ocasiones tiene y m\u00e1s goles marca.\u00a0En Braga, si hubiera jugado m\u00e1s, podr\u00eda tener m\u00e1s goles y m\u00e1s asistencias, pero lo importante es adaptarse al rol que uno tiene en cada momento y aprovechar los minutos que juegas.<span\/><span class=\"xai-icon\"\/><\/p>\n<p data-mrf-recirculation=\"Links P\u00e1rrafos\" class=\"ue-c-article__paragraph paragraph xai-icon-container\"><strong>P. Es curioso. Ha marcado en todas las competiciones: suma tres goles ne Liga, cuatro en la Europa League, uno en Copa de la Liga y otro en Copa.<\/strong><span class=\"xai-icon\"\/><\/p>\n<p data-mrf-recirculation=\"Links P\u00e1rrafos\" class=\"ue-c-article__paragraph paragraph xai-icon-container\">R. S\u00ed. Es lo que comentaba antes: intentas aprovechar los minutos que tienes, sea la competici\u00f3n que sea, para ayudar al equipo, que es lo realmente importante.<span class=\"xai-icon\"\/><\/p>\n<blockquote class=\"ue-c-article__blockquote\">\n<p>Lo importante es aprovechar los minutos que tienes, sea la competici\u00f3n que sea, para ayudar al equipo<\/p>\n<p><span class=\"ue-c-article__blockquote-author\">Fran Navarro<\/span><\/p><\/blockquote>\n<p data-mrf-recirculation=\"Links P\u00e1rrafos\" class=\"ue-c-article__paragraph paragraph xai-icon-container\"><strong>P. Con Pau V\u00edctor han formado en varias ocasiones una doble punta. \u00bfC\u00f3mo se compenetran?<\/strong><span class=\"xai-icon\"\/><\/p>\n<p data-mrf-recirculation=\"Links P\u00e1rrafos\" class=\"ue-c-article__paragraph paragraph xai-icon-container\">R. A m\u00ed me gusta jugar con \u00e9l. Creo que nos entendemos bien y, encima, tenemos muy buena relaci\u00f3n. Ya no s\u00f3lo en el campo, tambi\u00e9n fuera. Estamos mucho juntos y, cuando jugamos juntos, \u00e9l juega un poquito m\u00e1s retrasado, pero creo que nos entendemos bien.<span class=\"xai-icon\"\/><\/p>\n<p data-mrf-recirculation=\"Links P\u00e1rrafos\" class=\"ue-c-article__paragraph paragraph xai-icon-container\"><strong>P. Pau V\u00edctor asegura que est\u00e1 aprendiendo cosas de Fran Navarro.<\/strong><span class=\"xai-icon\"\/><\/p>\n<p data-mrf-recirculation=\"Links P\u00e1rrafos\" class=\"ue-c-article__paragraph paragraph xai-icon-container\">R. No s\u00e9 si est\u00e1 aprendiendo de m\u00ed, pero\u00a0para eso estamos aqu\u00ed tambi\u00e9n.<span class=\"xai-icon\"\/><\/p>\n<blockquote class=\"ue-c-article__blockquote\">\n<p>Me gusta jugar con Pau V\u00edctor. Creo que nos entendemos bien y, encima, tenemos muy buena relaci\u00f3n<\/p>\n<p><span class=\"ue-c-article__blockquote-author\">Fran Navarro<\/span><\/p><\/blockquote>\n<p data-mrf-recirculation=\"Links P\u00e1rrafos\" class=\"ue-c-article__paragraph paragraph xai-icon-container\"><strong>P. Ha pasado por el Oporto. \u00bfA qu\u00e9 nivel situar\u00eda al Braga en Portugal?<\/strong><span class=\"xai-icon\"\/><\/p>\n<p data-mrf-recirculation=\"Links P\u00e1rrafos\" class=\"ue-c-article__paragraph paragraph xai-icon-container\">R. Yo siempre he pensado que el Braga era un club muy grande, pero estando aqu\u00ed te das cuenta que puedes competir con los tres grandes. El d\u00eda a d\u00eda aqu\u00ed es una pasada. En otros clubes no hab\u00eda visto que cuiden tanto al jugador.\u00a0A nivel de entrenamientos es casi todo con bal\u00f3n y eso se ve reflejado luego en los partidos. Podemos ganar a cualquiera. En ese aspecto lo meto como si fuera uno de los tres grandes.<span class=\"xai-icon\"\/><\/p>\n<p data-mrf-recirculation=\"Links P\u00e1rrafos\" class=\"ue-c-article__paragraph paragraph xai-icon-container\"><strong>P. \u00bfVe al Braga capaz de pelearle la Liga a Sporting, Oporto y Benfica a medio largo plazo?<\/strong><span class=\"xai-icon\"\/><\/p>\n<p data-mrf-recirculation=\"Links P\u00e1rrafos\" class=\"ue-c-article__paragraph paragraph xai-icon-container\">R.\u00a0Si nos ves jugar contra cualquier equipo, no es que digas que hay diferencia, todo lo contrario. Creo que nos falta tener la\u00a0concentraci\u00f3n que tenemos cuando jugamos contra los equipos m\u00e1s grandes con otros equipos a los que deber\u00edamos ganar&#8230; y se nos escapan puntos por detalles. <span class=\"xai-icon\"\/><\/p>\n<p data-mrf-recirculation=\"Links P\u00e1rrafos\" class=\"ue-c-article__paragraph paragraph xai-icon-container\"><strong>P. De los nueve goles que ha marcado esta temporada. \u00bfCon cu\u00e1l se queda?<\/strong><span class=\"xai-icon\"\/><\/p>\n<p data-mrf-recirculation=\"Links P\u00e1rrafos\" class=\"ue-c-article__paragraph paragraph xai-icon-container\">R. Me voy a quedar con el que met\u00ed de chilena contra el Levski. Fue en la pr\u00f3rroga, en la previa de la Europa League, y fue el primero de la temporada. Por si fuera poco, lo marqu\u00e9 de chilena&#8230; con la izquierda. No creo que haya m\u00e1s videos as\u00ed m\u00edos, as\u00ed que me quedo con \u00e9se.<span class=\"xai-icon\"\/><\/p>\n<figure class=\"ue-c-article__media ue-c-article__media--image\">\n<div class=\"ue-c-article__media-img-container ue-l-article--expand-edge-right-until-tablet ue-l-article--expand-edge-left-until-tablet\"><picture><source type=\"image\/webp\" sizes=\"(min-width: 1010px) 660px, (min-width: 980px) calc(100vw - 350px), (min-width: 740px) calc(100vw - 320px), 100vw\" srcset=\"https:\/\/objetos-xlk.estaticos-marca.com\/files\/article_360_widen_webp\/uploads\/2026\/01\/23\/697341af86bdd.webp 360w,https:\/\/objetos-xlk.estaticos-marca.com\/files\/article_375_widen_webp\/uploads\/2026\/01\/23\/697341af86bdd.webp 375w,https:\/\/objetos-xlk.estaticos-marca.com\/files\/article_414_widen_webp\/uploads\/2026\/01\/23\/697341af86bdd.webp 414w,https:\/\/objetos-xlk.estaticos-marca.com\/files\/article_660_widen_webp\/uploads\/2026\/01\/23\/697341af86bdd.webp 660w,https:\/\/objetos-xlk.estaticos-marca.com\/files\/article_720_widen_webp\/uploads\/2026\/01\/23\/697341af86bdd.webp 720w,https:\/\/objetos-xlk.estaticos-marca.com\/files\/article_750_widen_webp\/uploads\/2026\/01\/23\/697341af86bdd.webp 750w,https:\/\/objetos-xlk.estaticos-marca.com\/files\/article_828_widen_webp\/uploads\/2026\/01\/23\/697341af86bdd.webp 828w,https:\/\/objetos-xlk.estaticos-marca.com\/files\/article_1320_widen_webp\/uploads\/2026\/01\/23\/697341af86bdd.webp 1320w\"><source type=\"image\/png\" sizes=\"(min-width: 1010px) 660px, (min-width: 980px) calc(100vw - 350px), (min-width: 740px) calc(100vw - 320px), 100vw\" srcset=\"https:\/\/objetos-xlk.estaticos-marca.com\/files\/article_360_widen\/uploads\/2026\/01\/23\/697341af86bdd.png 360w,https:\/\/objetos-xlk.estaticos-marca.com\/files\/article_375_widen\/uploads\/2026\/01\/23\/697341af86bdd.png 375w,https:\/\/objetos-xlk.estaticos-marca.com\/files\/article_414_widen\/uploads\/2026\/01\/23\/697341af86bdd.png 414w,https:\/\/objetos-xlk.estaticos-marca.com\/files\/article_660_widen\/uploads\/2026\/01\/23\/697341af86bdd.png 660w,https:\/\/objetos-xlk.estaticos-marca.com\/files\/article_720_widen\/uploads\/2026\/01\/23\/697341af86bdd.png 720w,https:\/\/objetos-xlk.estaticos-marca.com\/files\/article_750_widen\/uploads\/2026\/01\/23\/697341af86bdd.png 750w,https:\/\/objetos-xlk.estaticos-marca.com\/files\/article_828_widen\/uploads\/2026\/01\/23\/697341af86bdd.png 828w,https:\/\/objetos-xlk.estaticos-marca.com\/files\/article_1320_widen\/uploads\/2026\/01\/23\/697341af86bdd.png 1320w\"><img decoding=\"async\" width=\"1347\" height=\"730\" class=\"ue-c-article__image lazyload\" alt=\"La chilena de Fran Navarro contra el Levski\" loading=\"lazy\" src=\"https:\/\/objetos-xlk.estaticos-marca.com\/uploads\/2026\/01\/23\/697341af86bdd.png\"\/><\/source><\/source><\/picture><\/div><figcaption class=\"ue-c-article__media-caption\">\n<p><span class=\"ue-c-article__media-description\">La chilena de Fran Navarro contra el Levski<\/span><span class=\"ue-c-article__media-source\"><span class=\"ue-c-article__media-author\">Instagram<\/span><\/span><\/p>\n<\/figcaption><\/figure>\n<p data-mrf-recirculation=\"Links P\u00e1rrafos\" class=\"ue-c-article__paragraph paragraph xai-icon-container\"><strong>P. \u00bfC\u00f3mo es el m\u00edster, Carlos Vicens?<\/strong><span class=\"xai-icon\"\/><\/p>\n<p data-mrf-recirculation=\"Links P\u00e1rrafos\" class=\"ue-c-article__paragraph paragraph xai-icon-container\">R. Es un entrenador que le gusta mucho tener el bal\u00f3n. Los entrenamientos son todos con bal\u00f3n para que cada vez nos sintamos mejor y encontremos soluciones. Lo que persigue es que el rival sea el que corra, someterles y tener muchas m\u00e1s oportunidades.<span class=\"xai-icon\"\/><\/p>\n<p data-mrf-recirculation=\"Links P\u00e1rrafos\" class=\"ue-c-article__paragraph paragraph xai-icon-container\"><strong>P. Rafa Mir y Pepelu, por poner dos ejemplos, volvieron al Valencia. Usted es canterano. \u00bfNo le hubiera gustado tener una oportunidad?<\/strong><span class=\"xai-icon\"\/><\/p>\n<p data-mrf-recirculation=\"Links P\u00e1rrafos\" class=\"ue-c-article__paragraph paragraph xai-icon-container\">R. Claro que s\u00ed, Valencia es mi casa. Todas mi familia es del Valencia, mis amigos&#8230; Me hubiera gustado jugar en Mestalla y, si te digo la verdad, no lo descarto. Ser\u00eda bonito jugar en el Valencia y que todos mis amigos y familia est\u00e9n ah\u00ed en la grada.<span class=\"xai-icon\"\/><\/p>\n<blockquote class=\"ue-c-article__blockquote\">\n<p>Valencia es mi casa.\u00a0Me hubiera gustado jugar en Mestalla y, si te digo la verdad, no lo descarto<\/p>\n<p><span class=\"ue-c-article__blockquote-author\">Fran Navarro<\/span><\/p><\/blockquote>\n<p data-mrf-recirculation=\"Links P\u00e1rrafos\" class=\"ue-c-article__paragraph paragraph xai-icon-container\"><strong>P. \u00bfDoli\u00f3 mucho la derrota contra el Vit\u00f3ria Guimaraes en la final de la Copa de la Liga?<\/strong><span class=\"xai-icon\"\/><\/p>\n<p data-mrf-recirculation=\"Links P\u00e1rrafos\" class=\"ue-c-article__paragraph paragraph xai-icon-container\">R. S\u00ed. Fueron d\u00edas &#8216;jodidos&#8217;. El d\u00eda despu\u00e9s, en casa, se hizo bastante pesado, pero al final es f\u00fatbol y tiene que ganar uno. Tenemos mucho por delante, falta media temporada a\u00fan, y toca seguir adelante, no queda otra.<span class=\"xai-icon\"\/><\/p>\n<p data-mrf-recirculation=\"Links P\u00e1rrafos\" class=\"ue-c-article__paragraph paragraph xai-icon-container\"><strong>P. De exdelantero del Oporto a delantero del Oporto. \u00bfC\u00f3mo ve a Samu?<\/strong><span class=\"xai-icon\"\/><\/p>\n<p data-mrf-recirculation=\"Links P\u00e1rrafos\" class=\"ue-c-article__paragraph paragraph xai-icon-container\">R. Desde que lleg\u00f3 al Oporto le dieron esa confianza y la est\u00e1 aprovechando muy bien. Hace poco pas\u00f3 a Toni Mart\u00ednez en goles con el Oporto y est\u00e1 en un buen momento. Me alegro mucho por \u00e9l. Es buen\u00a0 chico y lo est\u00e1 demostrando.<span class=\"xai-icon\"\/><\/p>\n<blockquote class=\"ue-c-article__blockquote\">\n<p>A Samu le dieron confianza desde que lleg\u00f3 al Oporto y la est\u00e1 aprovechando muy bien<\/p>\n<p><span class=\"ue-c-article__blockquote-author\">Fran Navarro<\/span><\/p><\/blockquote>\n<p data-mrf-recirculation=\"Links P\u00e1rrafos\" class=\"ue-c-article__paragraph paragraph xai-icon-container\"><strong>P. Comparti\u00f3 equipo con Cucurella en categor\u00edas inferiores de la Selecci\u00f3n. \u00bfQu\u00e9 siente al verle ganando la Eurocopa y la Nations League?<\/strong><span class=\"xai-icon\"\/><\/p>\n<p data-mrf-recirculation=\"Links P\u00e1rrafos\" class=\"ue-c-article__paragraph paragraph xai-icon-container\">R. Coincid\u00edamos mucho. Encima yo hablaba valenciano, el catal\u00e1n&#8230; y nos junt\u00e1bamos. Es un t\u00edo muy gracioso y est\u00e1 donde se merece. Con 1-18 a\u00f1os ya sab\u00edas que iba a llegar a Primera, estaba claro. El nivel al que est\u00e1 no me sorprende nada. <span class=\"xai-icon\"\/><\/p>\n<\/div>\n\n","protected":false},"excerpt":{"rendered":"<p>Fran Navarro (Valencia, 1998) Pregunta. Una curiosidad para empezar. \u00bfDe d\u00f3nde le viene lo de &#8216;El Toro&#8217;? Respuesta. Me lo pusieron en el juvenil de Valencia. Incluso antes. Me lo puso el padre de un compa\u00f1ero m\u00edo, Fran Villalba, que est\u00e1 ahora en M\u00e9xico. Le hizo gracia la manera en que iba por los balones, &hellip;<\/p>\n","protected":false},"author":1,"featured_media":56706,"comment_status":"open","ping_status":"open","sticky":false,"template":"","format":"standard","meta":{"fifu_image_url":"https:\/\/objetos-xlk.estaticos-marca.com\/files\/article_main_microformat\/uploads\/2026\/01\/23\/Zu4Dc1fSrPy8DVuEK.jpeg","fifu_image_alt":"","footnotes":""},"categories":[6],"tags":[],"class_list":["post-56704","post","type-post","status-publish","format-standard","has-post-thumbnail","","category-deportes"],"_links":{"self":[{"href":"https:\/\/noticiasveraces.com\/index.php?rest_route=\/wp\/v2\/posts\/56704","targetHints":{"allow":["GET"]}}],"collection":[{"href":"https:\/\/noticiasveraces.com\/index.php?rest_route=\/wp\/v2\/posts"}],"about":[{"href":"https:\/\/noticiasveraces.com\/index.php?rest_route=\/wp\/v2\/types\/post"}],"author":[{"embeddable":true,"href":"https:\/\/noticiasveraces.com\/index.php?rest_route=\/wp\/v2\/users\/1"}],"replies":[{"embeddable":true,"href":"https:\/\/noticiasveraces.com\/index.php?rest_route=%2Fwp%2Fv2%2Fcomments&post=56704"}],"version-history":[{"count":0,"href":"https:\/\/noticiasveraces.com\/index.php?rest_route=\/wp\/v2\/posts\/56704\/revisions"}],"wp:featuredmedia":[{"embeddable":true,"href":"https:\/\/noticiasveraces.com\/index.php?rest_route=\/wp\/v2\/media\/56706"}],"wp:attachment":[{"href":"https:\/\/noticiasveraces.com\/index.php?rest_route=%2Fwp%2Fv2%2Fmedia&parent=56704"}],"wp:term":[{"taxonomy":"category","embeddable":true,"href":"https:\/\/noticiasveraces.com\/index.php?rest_route=%2Fwp%2Fv2%2Fcategories&post=56704"},{"taxonomy":"post_tag","embeddable":true,"href":"https:\/\/noticiasveraces.com\/index.php?rest_route=%2Fwp%2Fv2%2Ftags&post=56704"}],"curies":[{"name":"wp","href":"https:\/\/api.w.org\/{rel}","templated":true}]}}