{"id":56681,"date":"2026-01-24T04:34:37","date_gmt":"2026-01-24T08:34:37","guid":{"rendered":"https:\/\/noticiasveraces.com\/?p=56681"},"modified":"2026-01-24T04:34:37","modified_gmt":"2026-01-24T08:34:37","slug":"colombia-y-ecuador-se-reuniran-la-proxima-semana-para-tratar-la-crisis-diplomatica-y-arancelaria","status":"publish","type":"post","link":"https:\/\/noticiasveraces.com\/?p=56681","title":{"rendered":"Colombia y Ecuador se reunir\u00e1n la pr\u00f3xima semana para tratar la crisis diplom\u00e1tica y arancelaria"},"content":{"rendered":"<p> \n<\/p>\n<div>\n<p>Bogot\u00e1 y Quito celebrar\u00e1n la semana que viene una cumbre bilateral de emergencia, ante los \u00faltimos acontecimientos que encendieron las relaciones entre ambos pa\u00edses. Esta semana el presidente ecuatoriano, Daniel Noboa, sorprendi\u00f3 al anunciar un <strong>arancel del 30% a las importaciones colombianas<\/strong>lo que fue respondido con una medida id\u00e9ntica por parte de Colombia a una veintena de productos ecuatorianos y con la suspensi\u00f3n de la venta de electricidad a Ecuador.<\/p>\n<p>Consciente de que este \u00faltimo elemento es clave para mitigar sus recientes crisis energ\u00e9ticas, Quito agreg\u00f3 un arancel tambi\u00e9n del 30% al transporte que hace de petr\u00f3leo colombiano.<\/p>\n<p>Pero las \u00faltimas declaraciones del gobierno ecuatoriano dejan entrever que las conversaciones entre ambos bandos han sido activas en las \u00faltimas horas. La ministra de Relaciones Exteriores de Ecuador, <strong>Gabriela Sommerfeld<\/strong>lo confirm\u00f3.<\/p>\n<blockquote class=\"quote\">\n<p>\u00abHay una solicitud de cita el d\u00eda domingo 25 (de febrero), pero ese d\u00eda Ecuador est\u00e1 recibiendo en los salones de Canciller\u00eda una misi\u00f3n de seguridad de un pa\u00eds cooperante. Son agendas ya establecidas, pero Ecuador ha hecho una contrapropuesta de fechas para la siguiente semana\u00bb, dijo la ministra de Exteriores de Ecuador.<\/p>\n<\/blockquote>\n<p>En Colombia, parte de los empresarios acogen la idea del di\u00e1logo con aplausos. Se trata \u2013por ejemplo\u2013 del <strong>Consejo Gremial Nacional<\/strong> (CGN), que inst\u00f3 a ambos gobiernos a restablecer las relaciones comerciales porque \u00abpone en riesgo el empleo y la estabilidad econ\u00f3mica regional\u00bb.<\/p>\n<p>El CGN, entidad colombiana que agrupa a los principales gremios econ\u00f3micos del pa\u00eds, record\u00f3 que Ecuador es un <strong>socio comercial estrat\u00e9gico<\/strong> para Colombia y que la relaci\u00f3n ha sido hist\u00f3ricamente de beneficio en doble v\u00eda.<\/p>\n<div class=\"em-video-wrapper m-em-video\" data-media-video-wbmz364680-f24-es-20260124=\"\" data-wrapper-video-player=\"\" data-show-hidden-video-player=\"WBMZ364680-F24-ES-20260124\" data-youtube-script=\"\">\n<div class=\"m-em-video__video\">\n<div class=\"o-em-consent \">\n<div class=\"o-em-consent__content\">\n<p class=\"o-em-consent__content__text\">Para mostrar este contenido de YouTube, debe autorizar las cookies de medici\u00f3n de audiencia y publicidad.<\/p>\n<p>        <button class=\"a-master-button a-master-button--dark\" data-action=\"accept\"><\/p>\n<p>            Aceptar<\/p>\n<p>  <svg class=\"a-svg a-svg--icon-check\">\n    <use xlink:href=\"http:\/\/www.france24.com\/build\/images\/svg\/sprite.17415c6ec01e4a8b145df03c806104d3.svg#icon-check\" href=\"http:\/\/www.france24.com\/build\/images\/svg\/sprite.17415c6ec01e4a8b145df03c806104d3.svg#icon-check\"\/>\n  <\/svg><br \/>\n        <\/button><br \/>\n        <button class=\"a-link\" data-action=\"manage\">Gestionar mis opciones<i class=\"a-svg a-svg--icon-edit\"\/><\/button>\n    <\/div>\n<\/div>\n<div class=\"o-em-adblock\" data-adblock-content=\"\">\n<div class=\"o-em-adblock__content\">\n<p class=\"o-em-adblock__content__text\">Una extensi\u00f3n de tu navegador parece estar bloqueando la carga del reproductor de video. Para poder ver este contenido, debes desactivarla en este sitio.<\/p>\n<p>            <button class=\"a-master-button a-master-button--dark\" data-action=\"reload\">Reintentar<\/button>\n    <\/div>\n<\/div>\n<figure class=\"m-item-image m-item-image--16x9 m-item-image--has-caption\">\n<picture class=\"a-picture a-picture--16x9\"><source type=\"image\/webp\" srcset=\"https:\/\/s.france24.com\/media\/display\/a8d72ac0-f863-11f0-9e4d-005056a90284\/w:388\/p:16x9\/ES-20260123-063141-063303-CS.webp 388w,https:\/\/s.france24.com\/media\/display\/a8d72ac0-f863-11f0-9e4d-005056a90284\/w:720\/p:16x9\/ES-20260123-063141-063303-CS.webp 720w,https:\/\/s.france24.com\/media\/display\/a8d72ac0-f863-11f0-9e4d-005056a90284\/w:1024\/p:16x9\/ES-20260123-063141-063303-CS.webp 1024w\" sizes=\"(max-width: 639px) calc(100vw - 32px), (max-width: 1076px) calc(100vw - 44px), 850px\"><img fetchpriority=\"low\" decoding=\"async\" src=\"https:\/\/s.france24.com\/media\/display\/a8d72ac0-f863-11f0-9e4d-005056a90284\/w:1024\/p:16x9\/ES-20260123-063141-063303-CS.jpg\" srcset=\"https:\/\/s.france24.com\/media\/display\/a8d72ac0-f863-11f0-9e4d-005056a90284\/w:388\/p:16x9\/ES-20260123-063141-063303-CS.jpg 388w,https:\/\/s.france24.com\/media\/display\/a8d72ac0-f863-11f0-9e4d-005056a90284\/w:720\/p:16x9\/ES-20260123-063141-063303-CS.jpg 720w,https:\/\/s.france24.com\/media\/display\/a8d72ac0-f863-11f0-9e4d-005056a90284\/w:1024\/p:16x9\/ES-20260123-063141-063303-CS.jpg 1024w\" sizes=\"auto, (max-width: 639px) calc(100vw - 32px), (max-width: 1076px) calc(100vw - 44px), 850px\" width=\"1024\" height=\"576\" alt=\"\" loading=\"lazy\" class=\"a-img \"\/><br \/>\n<\/source><\/picture><figcaption class=\"a-figcaption\">\n                                <span>\u00a9 Francia 24<\/span>            <\/figcaption><\/figure>\n<\/p><\/div>\n<\/p><\/div>\n<p>Los n\u00fameros tambi\u00e9n tendr\u00e1n un peso relevante en la futura reuni\u00f3n que celebrar\u00e1n ambas partes, puesto que la disputa arancelaria se da en un contexto de intercambio comercial que ronda los 2.700 millones de d\u00f3lares, con un <strong>super\u00e1vit para Colombia de 920,7 millones<\/strong> hasta noviembre de 2025, seg\u00fan datos actualizados este mismo jueves por el Departamento Administrativo Nacional de Estad\u00edstica (DANE).<\/p>\n<p>Sectores como combustibles, veh\u00edculos y manufacturas han sido tradicionalmente relevantes en las ventas colombianas hacia Ecuador, mientras que el pa\u00eds vecino exporta principalmente productos como preparaciones de carne, grasas y algunos productos agr\u00edcolas.<\/p>\n<h2><strong>Crisis de relaciones<\/strong><\/h2>\n<p>Petro ha sido el \u00fanico jefe de Estado que ha asistido a las dos ceremonias de investidura presidencial que ha protagonizado Noboa en Quito en 2023 y 2025, pese a representar \u2013ideol\u00f3gicamente\u2013 polos opuestos.<\/p>\n<p>Para empezar, Noboa ha acercado posturas con su hom\u00f3logo en la Casa Blanca, mientras Petro se ha mostrado ante la opini\u00f3n p\u00fablica un l\u00edder combativo frente al jefe del Despacho Oval.<\/p>\n<p>Tambi\u00e9n existen episodios que han marcado un punto y aparte en las relaciones entre Colombia y Ecuador. Uno de ellos, el asalto a la Embajada de M\u00e9xico en Quito, donde Jorge Glas fue capturado. En solidaridad con M\u00e9xico, Petro suspendi\u00f3 la celebraci\u00f3n de los gabinetes nacionales, donde los presidentes y ministros de ambos pa\u00edses se reun\u00edan una vez al a\u00f1o para tratar asuntos de inter\u00e9s bilateral y fronterizo.<\/p>\n<div class=\"em-video-wrapper m-em-video\" data-media-video-wbmz364681-f24-es-20260124=\"\" data-wrapper-video-player=\"\" data-show-hidden-video-player=\"WBMZ364681-F24-ES-20260124\" data-youtube-script=\"\">\n<div class=\"m-em-video__video\">\n<div class=\"o-em-consent \">\n<div class=\"o-em-consent__content\">\n<p class=\"o-em-consent__content__text\">Para mostrar este contenido de YouTube, debe autorizar las cookies de medici\u00f3n de audiencia y publicidad.<\/p>\n<p>        <button class=\"a-master-button a-master-button--dark\" data-action=\"accept\"><\/p>\n<p>            Aceptar<\/p>\n<p>  <svg class=\"a-svg a-svg--icon-check\">\n    <use xlink:href=\"http:\/\/www.france24.com\/build\/images\/svg\/sprite.17415c6ec01e4a8b145df03c806104d3.svg#icon-check\" href=\"http:\/\/www.france24.com\/build\/images\/svg\/sprite.17415c6ec01e4a8b145df03c806104d3.svg#icon-check\"\/>\n  <\/svg><br \/>\n        <\/button><br \/>\n        <button class=\"a-link\" data-action=\"manage\">Gestionar mis opciones<i class=\"a-svg a-svg--icon-edit\"\/><\/button>\n    <\/div>\n<\/div>\n<div class=\"o-em-adblock\" data-adblock-content=\"\">\n<div class=\"o-em-adblock__content\">\n<p class=\"o-em-adblock__content__text\">Una extensi\u00f3n de tu navegador parece estar bloqueando la carga del reproductor de video. Para poder ver este contenido, debes desactivarla en este sitio.<\/p>\n<p>            <button class=\"a-master-button a-master-button--dark\" data-action=\"reload\">Reintentar<\/button>\n    <\/div>\n<\/div>\n<figure class=\"m-item-image m-item-image--16x9 m-item-image--has-caption\">\n<picture class=\"a-picture a-picture--16x9\"><source type=\"image\/webp\" srcset=\"https:\/\/s.france24.com\/media\/display\/4cbbbde6-f863-11f0-b745-005056a97e36\/w:388\/p:16x9\/ES-20260123-071253-072452-CS.webp 388w,https:\/\/s.france24.com\/media\/display\/4cbbbde6-f863-11f0-b745-005056a97e36\/w:720\/p:16x9\/ES-20260123-071253-072452-CS.webp 720w,https:\/\/s.france24.com\/media\/display\/4cbbbde6-f863-11f0-b745-005056a97e36\/w:1024\/p:16x9\/ES-20260123-071253-072452-CS.webp 1024w\" sizes=\"(max-width: 639px) calc(100vw - 32px), (max-width: 1076px) calc(100vw - 44px), 850px\"><img fetchpriority=\"low\" decoding=\"async\" src=\"https:\/\/s.france24.com\/media\/display\/4cbbbde6-f863-11f0-b745-005056a97e36\/w:1024\/p:16x9\/ES-20260123-071253-072452-CS.jpg\" srcset=\"https:\/\/s.france24.com\/media\/display\/4cbbbde6-f863-11f0-b745-005056a97e36\/w:388\/p:16x9\/ES-20260123-071253-072452-CS.jpg 388w,https:\/\/s.france24.com\/media\/display\/4cbbbde6-f863-11f0-b745-005056a97e36\/w:720\/p:16x9\/ES-20260123-071253-072452-CS.jpg 720w,https:\/\/s.france24.com\/media\/display\/4cbbbde6-f863-11f0-b745-005056a97e36\/w:1024\/p:16x9\/ES-20260123-071253-072452-CS.jpg 1024w\" sizes=\"auto, (max-width: 639px) calc(100vw - 32px), (max-width: 1076px) calc(100vw - 44px), 850px\" width=\"1024\" height=\"576\" alt=\"\" loading=\"lazy\" class=\"a-img \"\/><br \/>\n<\/source><\/picture><figcaption class=\"a-figcaption\">\n                                <span>\u00a9 Francia 24<\/span>            <\/figcaption><\/figure>\n<\/p><\/div>\n<\/p><\/div>\n<p>A finales de 2024, en un contexto de tensas relaciones, Ecuador vivi\u00f3 una crisis energ\u00e9tica. Pero Petro tendi\u00f3 la mano al pa\u00eds vecino con electricidad suministrada por Bogot\u00e1.<\/p>\n<p>El gesto apacigu\u00f3 las hostilidades verbales, pero no las finaliz\u00f3: Petro se sum\u00f3 a la postura del expresidente Rafael Correa (2007-2017) de dudar de los resultados de las elecciones donde Noboa fue reelegido. Adem\u00e1s, reclam\u00f3 la liberaci\u00f3n del \u201cpreso pol\u00edtico \u2013dijo\u2013 Jorge Glas.<\/p>\n<p>Pocas semanas despu\u00e9s que Petro anunciase haberle concedido la nacionalidad colombiana a Jorge Glas, Noboa hizo que fuese el primer preso en entrar a su c\u00e1rcel emblema, un fort\u00edn a similar a la megac\u00e1rcel de Nayib Bukele en El Salvador. Y mientras esta semana Petro volvi\u00f3 a exigir la libertad de Glas, Noboa \u2013un d\u00eda despu\u00e9s\u2013 respondi\u00f3 con la imposici\u00f3n de unos aranceles que la semana que viene sentar\u00e1n a ambas partes a una mesa de negociaci\u00f3n.<\/p>\n<p>Con Reuters y Efe<\/p>\n<\/p><\/div>\n\n","protected":false},"excerpt":{"rendered":"<p>Bogot\u00e1 y Quito celebrar\u00e1n la semana que viene una cumbre bilateral de emergencia, ante los \u00faltimos acontecimientos que encendieron las relaciones entre ambos pa\u00edses. Esta semana el presidente ecuatoriano, Daniel Noboa, sorprendi\u00f3 al anunciar un arancel del 30% a las importaciones colombianaslo que fue respondido con una medida id\u00e9ntica por parte de Colombia a una &hellip;<\/p>\n","protected":false},"author":1,"featured_media":56683,"comment_status":"open","ping_status":"open","sticky":false,"template":"","format":"standard","meta":{"fifu_image_url":"https:\/\/s.france24.com\/media\/display\/05fbb772-ea43-11f0-be3a-005056bfb2b6\/w:1280\/p:16x9\/2025-12-30T015317Z-828659320-RC2NQIA587S7-RTRMADP-3-COLOMBIA-MILITARY.jpg","fifu_image_alt":"","footnotes":""},"categories":[13],"tags":[],"class_list":["post-56681","post","type-post","status-publish","format-standard","has-post-thumbnail","","category-mundo"],"_links":{"self":[{"href":"https:\/\/noticiasveraces.com\/index.php?rest_route=\/wp\/v2\/posts\/56681","targetHints":{"allow":["GET"]}}],"collection":[{"href":"https:\/\/noticiasveraces.com\/index.php?rest_route=\/wp\/v2\/posts"}],"about":[{"href":"https:\/\/noticiasveraces.com\/index.php?rest_route=\/wp\/v2\/types\/post"}],"author":[{"embeddable":true,"href":"https:\/\/noticiasveraces.com\/index.php?rest_route=\/wp\/v2\/users\/1"}],"replies":[{"embeddable":true,"href":"https:\/\/noticiasveraces.com\/index.php?rest_route=%2Fwp%2Fv2%2Fcomments&post=56681"}],"version-history":[{"count":0,"href":"https:\/\/noticiasveraces.com\/index.php?rest_route=\/wp\/v2\/posts\/56681\/revisions"}],"wp:featuredmedia":[{"embeddable":true,"href":"https:\/\/noticiasveraces.com\/index.php?rest_route=\/wp\/v2\/media\/56683"}],"wp:attachment":[{"href":"https:\/\/noticiasveraces.com\/index.php?rest_route=%2Fwp%2Fv2%2Fmedia&parent=56681"}],"wp:term":[{"taxonomy":"category","embeddable":true,"href":"https:\/\/noticiasveraces.com\/index.php?rest_route=%2Fwp%2Fv2%2Fcategories&post=56681"},{"taxonomy":"post_tag","embeddable":true,"href":"https:\/\/noticiasveraces.com\/index.php?rest_route=%2Fwp%2Fv2%2Ftags&post=56681"}],"curies":[{"name":"wp","href":"https:\/\/api.w.org\/{rel}","templated":true}]}}