{"id":56671,"date":"2026-01-24T00:30:06","date_gmt":"2026-01-24T04:30:06","guid":{"rendered":"https:\/\/noticiasveraces.com\/?p=56671"},"modified":"2026-01-24T00:30:06","modified_gmt":"2026-01-24T04:30:06","slug":"familiares-de-presos-politicos-escribieron-en-el-suelo-los-nombres-de-los-detenidos-durante-la-vigilia-el-diario-venezuela","status":"publish","type":"post","link":"https:\/\/noticiasveraces.com\/?p=56671","title":{"rendered":"Familiares de presos pol\u00edticos escribieron en el suelo los nombres de los detenidos durante la vigilia &#8211; El Diario Venezuela"},"content":{"rendered":"<p> \n<\/p>\n<div>\n<p>Familiares de presos pol\u00edticos detenidos en varios centros de reclusi\u00f3n <strong>permanecen en vigilia por 16 d\u00edas consecutivos<\/strong>. Durante la jornada del 23 de enero, las personas escribieron los nombres de sus parientes detenidos.<\/p>\n<div class=\"ruby-table-contents rbtoc table-fw\">\n<ul class=\"toc-content h5\">\n<li>Sobres las excarcelaciones <\/li>\n<li>Denuncias previas<\/li>\n<\/ul>\n<\/div>\n<p>Los manifestantes tambi\u00e9n encendieron velas y colocaron fotograf\u00edas de los privados de libertad. Adem\u00e1s, exigieron la libertad para todos los presos pol\u00edticos del pa\u00eds.<\/p>\n<p>Las vigilias de este viernes, convocadas por el Comit\u00e9 por la Libertad de los Presos Pol\u00edticos (Clippve), se registraron en varios estados de Venezuela: en <strong>Caracas<\/strong> (El Helicoide); en el estado <strong>miranda<\/strong> (Rodeo I, Zona 7, Ramo Verde, Cris\u00e1lida y el Instituto Nacional de Orientaci\u00f3n Femenina \u2014INOF\u2014); y en el estado <strong>Aragua<\/strong> (Tocor\u00f3n). Entre las exigencias est\u00e1n las liberaciones inmediatas.<\/p>\n<figure class=\"wp-block-image size-large\"><img fetchpriority=\"high\" decoding=\"async\" width=\"1200\" height=\"800\" src=\"https:\/\/eldiario.com\/wp-content\/uploads\/2026\/01\/Diseno-sin-titulo-19-1-1200x800.jpg\" alt=\"Familiares de presos pol\u00edticos escribieron en el suelo los nombres de los detenidos durante la vigilia\" class=\"wp-image-840595\" srcset=\"https:\/\/eldiario.com\/wp-content\/uploads\/2026\/01\/Diseno-sin-titulo-19-1-1200x800.jpg 1200w, https:\/\/eldiario.com\/wp-content\/uploads\/2026\/01\/Diseno-sin-titulo-19-1-300x200.jpg 300w, https:\/\/eldiario.com\/wp-content\/uploads\/2026\/01\/Diseno-sin-titulo-19-1-768x512.jpg 768w, https:\/\/eldiario.com\/wp-content\/uploads\/2026\/01\/Diseno-sin-titulo-19-1-1536x1024.jpg 1536w, https:\/\/eldiario.com\/wp-content\/uploads\/2026\/01\/Diseno-sin-titulo-19-1-330x220.jpg 330w, https:\/\/eldiario.com\/wp-content\/uploads\/2026\/01\/Diseno-sin-titulo-19-1-420x280.jpg 420w, https:\/\/eldiario.com\/wp-content\/uploads\/2026\/01\/Diseno-sin-titulo-19-1-615x410.jpg 615w, https:\/\/eldiario.com\/wp-content\/uploads\/2026\/01\/Diseno-sin-titulo-19-1-860x574.jpg 860w, https:\/\/eldiario.com\/wp-content\/uploads\/2026\/01\/Diseno-sin-titulo-19-1-150x100.jpg 150w, https:\/\/eldiario.com\/wp-content\/uploads\/2026\/01\/Diseno-sin-titulo-19-1.jpg 1600w\" sizes=\"(max-width: 1200px) 100vw, 1200px\"\/><figcaption class=\"wp-element-caption\">@RHelicoide<\/figcaption><\/figure>\n<h2 id=\"sobres-las-excarcelacionesnbsp\" class=\"rb-heading-index-0-840593 wp-block-heading\"><strong>Sobres las excarcelaciones <\/strong><\/h2>\n<p>Los familiares de los presos pol\u00edticos, junto con organizaciones no gubernamentales (ONG) como Justicia, Encuentro y Perd\u00f3n (JEP), han cuestionado las declaraciones de la presidenta encargada, Delcy Rodr\u00edguez, quien el 23 de enero asegur\u00f3 que <strong>se han llevado a cabo 626 excarcelaciones.<\/strong><\/p>\n<p>La mandataria rechaz\u00f3 los se\u00f1alamientos de las ONG <strong>contra<\/strong> el proceso anunciado el 8 de enero y asegur\u00f3 que se trata de \u201csectores que persisten en manipular y maniobrar con cifras a trav\u00e9s de la mentira\u201d. <\/p>\n<figure class=\"wp-block-image size-large\"><img loading=\"lazy\" decoding=\"async\" width=\"1200\" height=\"800\" src=\"https:\/\/eldiario.com\/wp-content\/uploads\/2026\/01\/Diseno-sin-titulo-17-2-1200x800.jpg\" alt=\"Familiares de presos pol\u00edticos escribieron en el suelo los nombres de los detenidos durante la vigilia\" class=\"wp-image-840597\" srcset=\"https:\/\/eldiario.com\/wp-content\/uploads\/2026\/01\/Diseno-sin-titulo-17-2-1200x800.jpg 1200w, https:\/\/eldiario.com\/wp-content\/uploads\/2026\/01\/Diseno-sin-titulo-17-2-300x200.jpg 300w, https:\/\/eldiario.com\/wp-content\/uploads\/2026\/01\/Diseno-sin-titulo-17-2-768x512.jpg 768w, https:\/\/eldiario.com\/wp-content\/uploads\/2026\/01\/Diseno-sin-titulo-17-2-1536x1024.jpg 1536w, https:\/\/eldiario.com\/wp-content\/uploads\/2026\/01\/Diseno-sin-titulo-17-2-330x220.jpg 330w, https:\/\/eldiario.com\/wp-content\/uploads\/2026\/01\/Diseno-sin-titulo-17-2-420x280.jpg 420w, https:\/\/eldiario.com\/wp-content\/uploads\/2026\/01\/Diseno-sin-titulo-17-2-615x410.jpg 615w, https:\/\/eldiario.com\/wp-content\/uploads\/2026\/01\/Diseno-sin-titulo-17-2-860x574.jpg 860w, https:\/\/eldiario.com\/wp-content\/uploads\/2026\/01\/Diseno-sin-titulo-17-2-150x100.jpg 150w, https:\/\/eldiario.com\/wp-content\/uploads\/2026\/01\/Diseno-sin-titulo-17-2.jpg 1600w\" sizes=\"auto, (max-width: 1200px) 100vw, 1200px\"\/><figcaption class=\"wp-element-caption\">@RHelicoide<\/figcaption><\/figure>\n<p>De acuerdo con el Foro Penal, hasta este viernes han podido confirmar la excarcelaci\u00f3n de 156 presos pol\u00edticos desde el 8 de enero, mientras que JEP inform\u00f3 que ha podido verificar 174 excarcelaciones.<\/p>\n<p>Ante esta situaci\u00f3n, la ONG exigi\u00f3 la publicaci\u00f3n inmediata de las listas completas de las personas que han sido liberadas bajo condiciones.<\/p>\n<h2 id=\"denuncias-previas\" class=\"rb-heading-index-1-840593 wp-block-heading\"><strong>Denuncias previas<\/strong><\/h2>\n<p>Las vigilias a las afueras de varios centros de detenci\u00f3n en Venezuela <strong>comenzaron el 8 de enero<\/strong>tras el anuncio de Jorge Rodr\u00edguez. Desde entonces, las personas han dormido en el suelo, en carpas o sobre colchones donados por otros ciudadanos, mientras esperan informaci\u00f3n, fe de vida o la liberaci\u00f3n de sus familiares detenidos por razones pol\u00edticas.<\/p>\n<p>En estos espacios, los manifestantes han realizado diversas actividades como forma de protesta para exigir la liberaci\u00f3n de sus seres queridos.<\/p>\n<p>En el centro de reclusi\u00f3n Zona 7, espec\u00edficamente, los familiares han denunciado la presencia de contingentes policiales, el bloqueo del acceso al comando y la instalaci\u00f3n de c\u00e1maras de vigilancia, acciones que \u2014a su juicio\u2014 vulneran sus derechos.<\/p>\n<figure class=\"wp-block-image size-large\"><img loading=\"lazy\" decoding=\"async\" width=\"1200\" height=\"800\" src=\"https:\/\/eldiario.com\/wp-content\/uploads\/2026\/01\/Diseno-sin-titulo-16-2-1200x800.jpg\" alt=\"Familiares de presos pol\u00edticos escribieron en el suelo los nombres de los detenidos durante la vigilia\" class=\"wp-image-840598\" srcset=\"https:\/\/eldiario.com\/wp-content\/uploads\/2026\/01\/Diseno-sin-titulo-16-2-1200x800.jpg 1200w, https:\/\/eldiario.com\/wp-content\/uploads\/2026\/01\/Diseno-sin-titulo-16-2-300x200.jpg 300w, https:\/\/eldiario.com\/wp-content\/uploads\/2026\/01\/Diseno-sin-titulo-16-2-768x512.jpg 768w, https:\/\/eldiario.com\/wp-content\/uploads\/2026\/01\/Diseno-sin-titulo-16-2-1536x1024.jpg 1536w, https:\/\/eldiario.com\/wp-content\/uploads\/2026\/01\/Diseno-sin-titulo-16-2-330x220.jpg 330w, https:\/\/eldiario.com\/wp-content\/uploads\/2026\/01\/Diseno-sin-titulo-16-2-420x280.jpg 420w, https:\/\/eldiario.com\/wp-content\/uploads\/2026\/01\/Diseno-sin-titulo-16-2-615x410.jpg 615w, https:\/\/eldiario.com\/wp-content\/uploads\/2026\/01\/Diseno-sin-titulo-16-2-860x574.jpg 860w, https:\/\/eldiario.com\/wp-content\/uploads\/2026\/01\/Diseno-sin-titulo-16-2-150x100.jpg 150w, https:\/\/eldiario.com\/wp-content\/uploads\/2026\/01\/Diseno-sin-titulo-16-2.jpg 1600w\" sizes=\"auto, (max-width: 1200px) 100vw, 1200px\"\/><figcaption class=\"wp-element-caption\">@RHelicoide<\/figcaption><\/figure>\n<p>El Observatorio Venezolano de Prisiones (OVP) advirti\u00f3 el viernes 23 de enero que el proceso de excarcelaci\u00f3n de presos pol\u00edticos en Venezuela viola los derechos de los familiares y de los detenidos.<\/p>\n<p>La denuncia del OVP ocurre luego de 15 d\u00edas del anuncio del presidente de la Asamblea Nacional, Jorge Rodr\u00edguez, quien confirm\u00f3 el 8 de enero de 2026 que se llevar\u00eda a cabo la liberaci\u00f3n de un \u201cn\u00famero importante\u201d de personas.<\/p>\n<p><!-- CONTENT END 1 -->\n<\/div>\n\n","protected":false},"excerpt":{"rendered":"<p>Familiares de presos pol\u00edticos detenidos en varios centros de reclusi\u00f3n permanecen en vigilia por 16 d\u00edas consecutivos. Durante la jornada del 23 de enero, las personas escribieron los nombres de sus parientes detenidos. Sobres las excarcelaciones Denuncias previas Los manifestantes tambi\u00e9n encendieron velas y colocaron fotograf\u00edas de los privados de libertad. Adem\u00e1s, exigieron la libertad &hellip;<\/p>\n","protected":false},"author":1,"featured_media":56673,"comment_status":"open","ping_status":"open","sticky":false,"template":"","format":"standard","meta":{"fifu_image_url":"https:\/\/eldiario.com\/wp-content\/uploads\/2026\/01\/4261f96da6a9fd793515a56433635a219a474852.jpg","fifu_image_alt":"","footnotes":""},"categories":[13],"tags":[],"class_list":["post-56671","post","type-post","status-publish","format-standard","has-post-thumbnail","","category-mundo"],"_links":{"self":[{"href":"https:\/\/noticiasveraces.com\/index.php?rest_route=\/wp\/v2\/posts\/56671","targetHints":{"allow":["GET"]}}],"collection":[{"href":"https:\/\/noticiasveraces.com\/index.php?rest_route=\/wp\/v2\/posts"}],"about":[{"href":"https:\/\/noticiasveraces.com\/index.php?rest_route=\/wp\/v2\/types\/post"}],"author":[{"embeddable":true,"href":"https:\/\/noticiasveraces.com\/index.php?rest_route=\/wp\/v2\/users\/1"}],"replies":[{"embeddable":true,"href":"https:\/\/noticiasveraces.com\/index.php?rest_route=%2Fwp%2Fv2%2Fcomments&post=56671"}],"version-history":[{"count":0,"href":"https:\/\/noticiasveraces.com\/index.php?rest_route=\/wp\/v2\/posts\/56671\/revisions"}],"wp:featuredmedia":[{"embeddable":true,"href":"https:\/\/noticiasveraces.com\/index.php?rest_route=\/wp\/v2\/media\/56673"}],"wp:attachment":[{"href":"https:\/\/noticiasveraces.com\/index.php?rest_route=%2Fwp%2Fv2%2Fmedia&parent=56671"}],"wp:term":[{"taxonomy":"category","embeddable":true,"href":"https:\/\/noticiasveraces.com\/index.php?rest_route=%2Fwp%2Fv2%2Fcategories&post=56671"},{"taxonomy":"post_tag","embeddable":true,"href":"https:\/\/noticiasveraces.com\/index.php?rest_route=%2Fwp%2Fv2%2Ftags&post=56671"}],"curies":[{"name":"wp","href":"https:\/\/api.w.org\/{rel}","templated":true}]}}