{"id":56636,"date":"2026-01-23T20:26:02","date_gmt":"2026-01-24T00:26:02","guid":{"rendered":"https:\/\/noticiasveraces.com\/?p=56636"},"modified":"2026-01-23T20:26:02","modified_gmt":"2026-01-24T00:26:02","slug":"velas-por-la-libertad-familiares-de-los-presos-politicos-mantienen-vigilia-frente-al-rodeo-i-albertonews","status":"publish","type":"post","link":"https:\/\/noticiasveraces.com\/?p=56636","title":{"rendered":"\u00abVelas por la libertad\u00bb: Familiares de los presos pol\u00edticos mantienen vigilia frente al Rodeo I &#8211; AlbertoNews"},"content":{"rendered":"<p> \n<\/p>\n<div>\n<p data-path-to-node=\"3\"><span class=\"\">A trav\u00e9s de redes sociales,<\/span><span class=\"\">  la organizaci\u00f3n <\/span><b class=\"\" data-path-to-node=\"3\" data-index-in-node=\"65\">Realidad Helicoide<\/b><span class=\"\">  report\u00f3 una nueva jornada de protesta pac\u00edfica a las afueras del Centro Penitenciario Rodeo I,<\/span><span class=\"\">  en el estado Miranda.<\/span><\/p>\n<p data-path-to-node=\"3\"><span class=\"\">Bajo el lema \u00abQue sean todos\u00bb,<\/span><span class=\"\">  familiares de detenidos por motivos pol\u00edticos realizaron una vigilia nocturna para exigir la libertad plena de sus allegados.<\/span><\/p>\n<p data-path-to-node=\"5,0,0\">Los familiares encendieron velas como s\u00edmbolo de esperanza y resistencia ante la situaci\u00f3n de reclusi\u00f3n de sus parientes.<\/p>\n<p data-path-to-node=\"5,1,0\">La demanda principal es la excarcelaci\u00f3n inmediata y sin condiciones de todos los considerados presos pol\u00edticos en dicho recinto.<\/p>\n<p data-path-to-node=\"5,2,0\">Seg\u00fan el reporte de @RHelicoide, estas acciones forman parte de una \u00ablucha incansable\u00bb que se ha mantenido de forma recurrente en las inmediaciones del penal.<\/p>\n<p data-path-to-node=\"7\"><strong>\u00abOtra noche de velas encendidas y lucha incansable\u2026 exigen libertad\u00bb,<\/strong> detall\u00f3 la plataforma Realidad Helicoide en su reporte m\u00e1s reciente.<\/p>\n<blockquote class=\"twitter-tweet\">\n<p dir=\"ltr\" lang=\"es\"><a href=\"https:\/\/twitter.com\/hashtag\/AHORA?src=hash&amp;ref_src=twsrc%5Etfw\">#AHORA<\/a> | RODEO I.\ud83d\udccd<\/p>\n<p>Otra noche de velas encendidas y lucha incansable. Desde el centro penitenciario Rodeo I, familiares de presos pol\u00edticos exigen libertad.<a href=\"https:\/\/twitter.com\/hashtag\/QueSeanTodos?src=hash&amp;ref_src=twsrc%5Etfw\">#QueSeanTodos<\/a> <a href=\"https:\/\/twitter.com\/hashtag\/LibertadParaTodos?src=hash&amp;ref_src=twsrc%5Etfw\">#LibertadParaTodos<\/a> <a href=\"https:\/\/t.co\/EhATtlrO7L\">pic.twitter.com\/EhATtlrO7L<\/a><\/p>\n<p>\u2014 Realidad Helicoide (@RHelicoide) <a href=\"https:\/\/twitter.com\/RHelicoide\/status\/2014848120316727491?ref_src=twsrc%5Etfw\">23 de enero de 2026<\/a><\/p>\n<\/blockquote>\n<blockquote class=\"twitter-tweet\">\n<p dir=\"ltr\" lang=\"es\"><a href=\"https:\/\/twitter.com\/hashtag\/AHORA?src=hash&amp;ref_src=twsrc%5Etfw\">#AHORA<\/a> | RODEO I.\ud83d\udccd\ud83d\udd6f\ufe0f<\/p>\n<p>\u00a1QU\u00c9 SEAN TODOS!<\/p>\n<p>\u00a1Libertad para todos los preso pol\u00edticos!<a href=\"https:\/\/twitter.com\/hashtag\/QueSeanTodos?src=hash&amp;ref_src=twsrc%5Etfw\">#QueSeanTodos<\/a> <a href=\"https:\/\/twitter.com\/hashtag\/LibertadParaTodos?src=hash&amp;ref_src=twsrc%5Etfw\">#LibertadParaTodos<\/a> <a href=\"https:\/\/t.co\/Wxwndyh7Qf\">pic.twitter.com\/Wxwndyh7Qf<\/a><\/p>\n<p>\u2014 Realidad Helicoide (@RHelicoide) <a href=\"https:\/\/twitter.com\/RHelicoide\/status\/2014853165170991467?ref_src=twsrc%5Etfw\">24 de enero de 2026<\/a><\/p>\n<\/blockquote>\n<p><strong>Si quieres recibir en tu celular esta y otras informaciones, descarga Telegram, ingresa al link <\/strong><strong>https:\/\/t.me\/albertorodnews<\/strong><strong> y dale clic a +Unirme.  <\/strong><\/p>\n<p><strong>Alberto Noticias<\/strong><\/p>\n<\/p><\/div>\n<p><script async src=\"https:\/\/platform.twitter.com\/widgets.js\" charset=\"utf-8\"><\/script><br \/>\n<br \/>\n","protected":false},"excerpt":{"rendered":"<p>A trav\u00e9s de redes sociales, la organizaci\u00f3n Realidad Helicoide report\u00f3 una nueva jornada de protesta pac\u00edfica a las afueras del Centro Penitenciario Rodeo I, en el estado Miranda. Bajo el lema \u00abQue sean todos\u00bb, familiares de detenidos por motivos pol\u00edticos realizaron una vigilia nocturna para exigir la libertad plena de sus allegados. Los familiares encendieron &hellip;<\/p>\n","protected":false},"author":1,"featured_media":56637,"comment_status":"open","ping_status":"open","sticky":false,"template":"","format":"standard","meta":{"fifu_image_url":"https:\/\/bitlyanews.com\/wp-content\/uploads\/2026\/01\/Rodeo-I.-Foto-@RHelicoide.jpg","fifu_image_alt":"","footnotes":""},"categories":[13],"tags":[],"class_list":["post-56636","post","type-post","status-publish","format-standard","has-post-thumbnail","","category-mundo"],"_links":{"self":[{"href":"https:\/\/noticiasveraces.com\/index.php?rest_route=\/wp\/v2\/posts\/56636","targetHints":{"allow":["GET"]}}],"collection":[{"href":"https:\/\/noticiasveraces.com\/index.php?rest_route=\/wp\/v2\/posts"}],"about":[{"href":"https:\/\/noticiasveraces.com\/index.php?rest_route=\/wp\/v2\/types\/post"}],"author":[{"embeddable":true,"href":"https:\/\/noticiasveraces.com\/index.php?rest_route=\/wp\/v2\/users\/1"}],"replies":[{"embeddable":true,"href":"https:\/\/noticiasveraces.com\/index.php?rest_route=%2Fwp%2Fv2%2Fcomments&post=56636"}],"version-history":[{"count":0,"href":"https:\/\/noticiasveraces.com\/index.php?rest_route=\/wp\/v2\/posts\/56636\/revisions"}],"wp:featuredmedia":[{"embeddable":true,"href":"https:\/\/noticiasveraces.com\/index.php?rest_route=\/wp\/v2\/media\/56637"}],"wp:attachment":[{"href":"https:\/\/noticiasveraces.com\/index.php?rest_route=%2Fwp%2Fv2%2Fmedia&parent=56636"}],"wp:term":[{"taxonomy":"category","embeddable":true,"href":"https:\/\/noticiasveraces.com\/index.php?rest_route=%2Fwp%2Fv2%2Fcategories&post=56636"},{"taxonomy":"post_tag","embeddable":true,"href":"https:\/\/noticiasveraces.com\/index.php?rest_route=%2Fwp%2Fv2%2Ftags&post=56636"}],"curies":[{"name":"wp","href":"https:\/\/api.w.org\/{rel}","templated":true}]}}