{"id":56633,"date":"2026-01-23T19:25:01","date_gmt":"2026-01-23T23:25:01","guid":{"rendered":"https:\/\/noticiasveraces.com\/?p=56633"},"modified":"2026-01-23T19:25:01","modified_gmt":"2026-01-23T23:25:01","slug":"cabello-admitio-publicamente-que-maduro-esta-en-una-prision-de-eeuu-por-una-traicion-video","status":"publish","type":"post","link":"https:\/\/noticiasveraces.com\/?p=56633","title":{"rendered":"Cabello admiti\u00f3 p\u00fablicamente que Maduro est\u00e1 en una prisi\u00f3n de EEUU por una &quot;traici\u00f3n&quot; (VIDEO)"},"content":{"rendered":"<p> \n<\/p>\n<figure id=\"attachment_5872755\" aria-describedby=\"caption-attachment-5872755\" style=\"width: 1010px\" class=\"wp-caption alignnone\"><img loading=\"lazy\" decoding=\"async\" class=\"size-full wp-image-5872755\" src=\"https:\/\/sandia.datanubex.uk\/wp-content\/uploads\/2026\/01\/diosdado-cabello-2.jpg\" alt=\"\" width=\"1010\" height=\"706\" \/><figcaption id=\"caption-attachment-5872755\" class=\"wp-caption-text\">Cortes\u00eda<\/figcaption><\/figure>\n<p>&nbsp;<\/p>\n<p>Diosdado Cabello, con el mazo dando pero de la rabia, reconoci\u00f3 p\u00fablicamente este viernes 23 de enero que la captura de Nicol\u00e1s Maduro por parte de Estados Unidos fue producto de una \u00abtraici\u00f3n\u00bb interna.<\/p>\n<p><strong>lapatilla.com<\/strong><\/p>\n<p>El \u00abn\u00famero dos\u00bb del chavismo, visiblemente golpeado y sin la risita burlona de siempre, solt\u00f3 la prenda en pleno discurso. Tratando de remendar el capote ante una militancia desmoralizada. \u00abSabe el pueblo que aqu\u00ed no va a haber m\u00e1s traici\u00f3n\u00bb.<\/p>\n<p>Cabello intent\u00f3 disfrazar el despecho jurando que ahora s\u00ed est\u00e1n todos \u00abresteados\u00bb. Admiti\u00f3 sin tapujos que el operativo del pasado 3 de enero fue un \u00abduro golpe\u00bb cargado de \u00abtristeza, rabia, dolor y frustraci\u00f3n\u00bb.<\/p>\n<p>\u00abEstamos en la calle hoy no para recordar la \u00faltima traici\u00f3n, sino para celebrar la lealtad absoluta\u00bb, vocifer\u00f3 Cabello.<\/p>\n<div style=\"width: 640px\" class=\"wp-video\"><video class=\"wp-video-shortcode\" id=\"video-5872752-1\" width=\"640\" height=\"377\" preload=\"metadata\" controls=\"controls\">https:\/\/sandia.datanubex.uk\/wp-content\/uploads\/2026\/01\/diosdado-cabello-traicion.mp4<\/video><\/div>\n\n","protected":false},"excerpt":{"rendered":"<p>Cortes\u00eda &nbsp; Diosdado Cabello, con el mazo dando pero de la rabia, reconoci\u00f3 p\u00fablicamente este viernes 23 de enero que la captura de Nicol\u00e1s Maduro por parte de Estados Unidos fue producto de una \u00abtraici\u00f3n\u00bb interna. lapatilla.com El \u00abn\u00famero dos\u00bb del chavismo, visiblemente golpeado y sin la risita burlona de siempre, solt\u00f3 la prenda en &hellip;<\/p>\n","protected":false},"author":1,"featured_media":56635,"comment_status":"open","ping_status":"open","sticky":false,"template":"","format":"standard","meta":{"fifu_image_url":"https:\/\/sandia.datanubex.uk\/wp-content\/uploads\/2026\/01\/diosdado-cabello-2.jpg","fifu_image_alt":"","footnotes":""},"categories":[13],"tags":[],"class_list":["post-56633","post","type-post","status-publish","format-standard","has-post-thumbnail","","category-mundo"],"_links":{"self":[{"href":"https:\/\/noticiasveraces.com\/index.php?rest_route=\/wp\/v2\/posts\/56633","targetHints":{"allow":["GET"]}}],"collection":[{"href":"https:\/\/noticiasveraces.com\/index.php?rest_route=\/wp\/v2\/posts"}],"about":[{"href":"https:\/\/noticiasveraces.com\/index.php?rest_route=\/wp\/v2\/types\/post"}],"author":[{"embeddable":true,"href":"https:\/\/noticiasveraces.com\/index.php?rest_route=\/wp\/v2\/users\/1"}],"replies":[{"embeddable":true,"href":"https:\/\/noticiasveraces.com\/index.php?rest_route=%2Fwp%2Fv2%2Fcomments&post=56633"}],"version-history":[{"count":0,"href":"https:\/\/noticiasveraces.com\/index.php?rest_route=\/wp\/v2\/posts\/56633\/revisions"}],"wp:featuredmedia":[{"embeddable":true,"href":"https:\/\/noticiasveraces.com\/index.php?rest_route=\/wp\/v2\/media\/56635"}],"wp:attachment":[{"href":"https:\/\/noticiasveraces.com\/index.php?rest_route=%2Fwp%2Fv2%2Fmedia&parent=56633"}],"wp:term":[{"taxonomy":"category","embeddable":true,"href":"https:\/\/noticiasveraces.com\/index.php?rest_route=%2Fwp%2Fv2%2Fcategories&post=56633"},{"taxonomy":"post_tag","embeddable":true,"href":"https:\/\/noticiasveraces.com\/index.php?rest_route=%2Fwp%2Fv2%2Ftags&post=56633"}],"curies":[{"name":"wp","href":"https:\/\/api.w.org\/{rel}","templated":true}]}}