{"id":56628,"date":"2026-01-23T17:59:02","date_gmt":"2026-01-23T21:59:02","guid":{"rendered":"https:\/\/noticiasveraces.com\/?p=56628"},"modified":"2026-01-23T17:59:02","modified_gmt":"2026-01-23T21:59:02","slug":"asi-es-juwensley-onstein-de-desconocido-a-estar-a-un-paso-del-barcelona-soy-un-autentico-ganador","status":"publish","type":"post","link":"https:\/\/noticiasveraces.com\/?p=56628","title":{"rendered":"As\u00ed es Juwensley Onstein, de &#8216;desconocido&#8217; a estar a un paso del Barcelona: \u00abSoy un aut\u00e9ntico ganador\u00bb"},"content":{"rendered":"<p> \n<\/p>\n<div>\n<p data-mrf-recirculation=\"Links P\u00e1rrafos\" class=\"ue-c-article__paragraph paragraph ue-c-article--first-letter-highlighted\">Hace un par de d\u00edas, la prensa belga y la italiana daban por hecho la llegada de <strong>Juwensley Onstein<\/strong> (2007, 18 a\u00f1os, 1.88 metros de altura) al <strong>Mil\u00e1n<\/strong>. Los &#8216;rossoneri&#8217; estaban decididos a incorporarlo al Milan Futuro (su filia, en Serie D) de cara a un salto a la defensa del primer equipo (es central) en un futuro cercano. Sin embargo, como informaba Matteo Moretto en MARCA, <strong>ahora el Barcelona ha adelantado a cualquier rival.<\/strong><\/p>\n<figure class=\"ue-c-article__media ue-c-article__media--video  video-player\"><figcaption class=\"ue-c-article__media-caption\" itemprop=\"description\">\n<p><span class=\"ue-c-article__media-description\">Matteo Moretto analiza el mercado en La Pizarra de Quintana<\/span><span class=\"ue-c-article__media-author\"><span>Radio MARCA<\/span><\/span><\/p>\n<\/figcaption><\/figure>\n<p data-mrf-recirculation=\"Links P\u00e1rrafos\" class=\"ue-c-article__paragraph paragraph\">Onstein, nacido y Arnhem e <strong>internacional Sub18 con los Pa\u00edses Bajos<\/strong> pero de ascendencia\u00a0surinam\u00e9s, ha pasado de ser un prospecto nacional con buena prensa en el Benelux&#8230; a que <strong>su nombre y apellido aparezca en todos los medios deportivos del planeta f\u00fatbol. <\/strong><\/p>\n<p data-mrf-recirculation=\"Links P\u00e1rrafos\" class=\"ue-c-article__paragraph paragraph\">Y es que la pregunta es: <strong>\u00bfQui\u00e9n es\u00a0Juwensley Onstein?.<\/strong> El Ajax se lo llev\u00f3 del Vitesse en 2019 y tras cuatro a\u00f1os en la academia &#8216;ajacied&#8217;, el Genk, una de las mejores canteras de B\u00e9lgica, se hizo con \u00e9l. Ya en la 2023-24 se estren\u00f3 con el Jong Genk (el &#8216;B&#8217;) en la Segunda Divisi\u00f3n belga&#8230; mientras que en la pasada 2024-25 dio un paso al frente jugando 16 encuentros.\u00a0\u00abHa demostrado una excelente condici\u00f3n f\u00edsica y una visi\u00f3n de juego excepcional, <strong>cualidades que lo convierten en uno de los mejores defensas de su generaci\u00f3n\u00bb, <\/strong>escrib\u00eda Johan Walckiers y &#39;Peri\u00f3dico F\u00fatbol&#39;. <strong>Esta campa\u00f1a, sin embargo, alterno lesiones con ausencias y no ha jugado todav\u00eda.<\/strong><span\/><\/p>\n<blockquote class=\"ue-c-article__blockquote\">\n<p>Ha demostrado una excelente condici\u00f3n f\u00edsica y una visi\u00f3n de juego excepcional<\/p>\n<p><span class=\"ue-c-article__blockquote-author\">Johan Walckiers<\/span><\/p><\/blockquote>\n<p data-mrf-recirculation=\"Links P\u00e1rrafos\" class=\"ue-c-article__paragraph paragraph\">Cuentan a MARCA qui\u00e9nes le han visto de forma habitual en Limburgo que es <strong>un futbolista tremendamente r\u00e1pido para la altura que tiene (1.88) aunque, sin embargo, \u00able faltaba algo de calma\u00bb con la pelota<\/strong> cuando el rival sube la presi\u00f3n a las l\u00edneas m\u00e1s altas. No obstante, ha ido creciendo con el paso de los meses desde su llegada a <strong>Genk, un club sobra conocido en B\u00e9lgica por el trabajo que imprime en el aspecto t\u00e9cnico.<\/strong><\/p>\n<figure class=\"ue-c-article__media ue-c-article__media--image\">\n<div class=\"ue-c-article__media-img-container ue-l-article--expand-edge-right-until-tablet ue-l-article--expand-edge-left-until-tablet\"><picture><source type=\"image\/webp\" sizes=\"(min-width: 1010px) 660px, (min-width: 980px) calc(100vw - 350px), (min-width: 740px) calc(100vw - 320px), 100vw\" srcset=\"https:\/\/objetos-xlk.estaticos-marca.com\/files\/article_360_widen_webp\/uploads\/2026\/01\/23\/697383c85f85d.webp 360w,https:\/\/objetos-xlk.estaticos-marca.com\/files\/article_375_widen_webp\/uploads\/2026\/01\/23\/697383c85f85d.webp 375w,https:\/\/objetos-xlk.estaticos-marca.com\/files\/article_414_widen_webp\/uploads\/2026\/01\/23\/697383c85f85d.webp 414w,https:\/\/objetos-xlk.estaticos-marca.com\/files\/article_660_widen_webp\/uploads\/2026\/01\/23\/697383c85f85d.webp 660w,https:\/\/objetos-xlk.estaticos-marca.com\/files\/article_720_widen_webp\/uploads\/2026\/01\/23\/697383c85f85d.webp 720w,https:\/\/objetos-xlk.estaticos-marca.com\/files\/article_750_widen_webp\/uploads\/2026\/01\/23\/697383c85f85d.webp 750w,https:\/\/objetos-xlk.estaticos-marca.com\/files\/article_828_widen_webp\/uploads\/2026\/01\/23\/697383c85f85d.webp 828w,https:\/\/objetos-xlk.estaticos-marca.com\/files\/article_1320_widen_webp\/uploads\/2026\/01\/23\/697383c85f85d.webp 1320w\"><source type=\"image\/jpeg\" sizes=\"(min-width: 1010px) 660px, (min-width: 980px) calc(100vw - 350px), (min-width: 740px) calc(100vw - 320px), 100vw\" srcset=\"https:\/\/objetos-xlk.estaticos-marca.com\/files\/article_360_widen\/uploads\/2026\/01\/23\/697383c85f85d.jpeg 360w,https:\/\/objetos-xlk.estaticos-marca.com\/files\/article_375_widen\/uploads\/2026\/01\/23\/697383c85f85d.jpeg 375w,https:\/\/objetos-xlk.estaticos-marca.com\/files\/article_414_widen\/uploads\/2026\/01\/23\/697383c85f85d.jpeg 414w,https:\/\/objetos-xlk.estaticos-marca.com\/files\/article_660_widen\/uploads\/2026\/01\/23\/697383c85f85d.jpeg 660w,https:\/\/objetos-xlk.estaticos-marca.com\/files\/article_720_widen\/uploads\/2026\/01\/23\/697383c85f85d.jpeg 720w,https:\/\/objetos-xlk.estaticos-marca.com\/files\/article_750_widen\/uploads\/2026\/01\/23\/697383c85f85d.jpeg 750w,https:\/\/objetos-xlk.estaticos-marca.com\/files\/article_828_widen\/uploads\/2026\/01\/23\/697383c85f85d.jpeg 828w,https:\/\/objetos-xlk.estaticos-marca.com\/files\/article_1320_widen\/uploads\/2026\/01\/23\/697383c85f85d.jpeg 1320w\"><img decoding=\"async\" width=\"1080\" height=\"1350\" class=\"ue-c-article__image lazyload\" alt=\"Onstein, en un partido con el Jong Genk.\" loading=\"lazy\" src=\"https:\/\/objetos-xlk.estaticos-marca.com\/uploads\/2026\/01\/23\/697383c85f85d.jpeg\"\/><\/source><\/source><\/picture><\/div><figcaption class=\"ue-c-article__media-caption\">\n<p><span class=\"ue-c-article__media-description\">Onstein, en un partido con el Jong Genk.<\/span><span class=\"ue-c-article__media-source\"><span class=\"ue-c-article__media-author\">INSTAGRAM.<\/span><\/span><\/p>\n<\/figcaption><\/figure>\n<h2 class=\"ue-c-article__subheadline\">\u00abSoy un ganador\u00bb<\/h2>\n<p data-mrf-recirculation=\"Links P\u00e1rrafos\" class=\"ue-c-article__paragraph paragraph\"><strong>El central zurdo lleg\u00f3 a B\u00e9lgica con apenas 16 a\u00f1os,<\/strong> firmando un contrato profesional por tres temporadas con el Genk. \u00abJuwensley destaca como defensa central por su velocidad y presencia f\u00edsica, combinadas con experiencia t\u00e9cnica y buen manejo del bal\u00f3n. No teme penetrar y jugar con espacios desde la zaga. <strong>En resumen, un defensa central moderno que encaja a la perfecci\u00f3n con la visi\u00f3n futbol\u00edstica del Genk\u00bb,<\/strong> afirma en aquel momento el coordinador t\u00e9cnico del Jong Genk, Stijn Haeldermans.<\/p>\n<blockquote class=\"ue-c-article__blockquote\">\n<p>Juwensley destaca como defensa central por su velocidad y presencia f\u00edsica, combinadas con experiencia t\u00e9cnica y buen manejo del bal\u00f3n<\/p>\n<p><span class=\"ue-c-article__blockquote-author\">Stijn Haeldermans<\/span><\/p><\/blockquote>\n<p data-mrf-recirculation=\"Links P\u00e1rrafos\" class=\"ue-c-article__paragraph paragraph\">Fue Michel Ribeiro, el entrenador t\u00e9cnico del Genk, el que lo convenci\u00f3 de elegir este proyecto tras su adi\u00f3s al Ajax. <strong>\u00abSoy un aut\u00e9ntico ganador\u00bb, declaraba\u00a0Onstein. <\/strong>Y fue la opci\u00f3n del Genk de compaginar la cantera con el f\u00fatbol profesional (Segunda Divisi\u00f3n) lo que tanto le llamo la atenci\u00f3n dicho proyecto. <\/p>\n<p data-mrf-recirculation=\"Links P\u00e1rrafos\" class=\"ue-c-article__paragraph paragraph\">Ahora es el Barcelona el que llama a su puerta, y \u00e9l la ha abierto. \u00abEl acuerdo est\u00e1 cercano <strong>y el deseo del jugador ha sido clave: solo quiere vestir de azulgrana\u00bb,<\/strong> confirma Moretto en MARCA.<\/p>\n<\/div>\n\n","protected":false},"excerpt":{"rendered":"<p>Hace un par de d\u00edas, la prensa belga y la italiana daban por hecho la llegada de Juwensley Onstein (2007, 18 a\u00f1os, 1.88 metros de altura) al Mil\u00e1n. Los &#8216;rossoneri&#8217; estaban decididos a incorporarlo al Milan Futuro (su filia, en Serie D) de cara a un salto a la defensa del primer equipo (es central) &hellip;<\/p>\n","protected":false},"author":1,"featured_media":56630,"comment_status":"open","ping_status":"open","sticky":false,"template":"","format":"standard","meta":{"fifu_image_url":"https:\/\/objetos-xlk.estaticos-marca.com\/files\/article_main_microformat\/\/uploads\/2026\/01\/23\/6973814c1b472.jpeg","fifu_image_alt":"","footnotes":""},"categories":[6],"tags":[],"class_list":["post-56628","post","type-post","status-publish","format-standard","has-post-thumbnail","","category-deportes"],"_links":{"self":[{"href":"https:\/\/noticiasveraces.com\/index.php?rest_route=\/wp\/v2\/posts\/56628","targetHints":{"allow":["GET"]}}],"collection":[{"href":"https:\/\/noticiasveraces.com\/index.php?rest_route=\/wp\/v2\/posts"}],"about":[{"href":"https:\/\/noticiasveraces.com\/index.php?rest_route=\/wp\/v2\/types\/post"}],"author":[{"embeddable":true,"href":"https:\/\/noticiasveraces.com\/index.php?rest_route=\/wp\/v2\/users\/1"}],"replies":[{"embeddable":true,"href":"https:\/\/noticiasveraces.com\/index.php?rest_route=%2Fwp%2Fv2%2Fcomments&post=56628"}],"version-history":[{"count":0,"href":"https:\/\/noticiasveraces.com\/index.php?rest_route=\/wp\/v2\/posts\/56628\/revisions"}],"wp:featuredmedia":[{"embeddable":true,"href":"https:\/\/noticiasveraces.com\/index.php?rest_route=\/wp\/v2\/media\/56630"}],"wp:attachment":[{"href":"https:\/\/noticiasveraces.com\/index.php?rest_route=%2Fwp%2Fv2%2Fmedia&parent=56628"}],"wp:term":[{"taxonomy":"category","embeddable":true,"href":"https:\/\/noticiasveraces.com\/index.php?rest_route=%2Fwp%2Fv2%2Fcategories&post=56628"},{"taxonomy":"post_tag","embeddable":true,"href":"https:\/\/noticiasveraces.com\/index.php?rest_route=%2Fwp%2Fv2%2Ftags&post=56628"}],"curies":[{"name":"wp","href":"https:\/\/api.w.org\/{rel}","templated":true}]}}