{"id":56621,"date":"2026-01-23T17:41:07","date_gmt":"2026-01-23T21:41:07","guid":{"rendered":"https:\/\/noticiasveraces.com\/?p=56621"},"modified":"2026-01-23T17:41:07","modified_gmt":"2026-01-23T21:41:07","slug":"la-fiscalia-archiva-la-denuncia-contra-julio-iglesias-por-falta-de-competencia-sociedad","status":"publish","type":"post","link":"https:\/\/noticiasveraces.com\/?p=56621","title":{"rendered":"La Fiscal\u00eda archiva la denuncia contra Julio Iglesias por falta de competencia | Sociedad"},"content":{"rendered":"<p> \n<br \/><img decoding=\"async\" src=\"https:\/\/imagenes.elpais.com\/resizer\/v2\/2J27QVSCLRFUVKCV7DJYTKJUPY.jpg?auth=fc7f31c9bb5c5dd1216b43aa649ee9a899bd773523d3777f215d290082aaf5bd\" \/><\/p>\n<div data-dtm-region=\"articulo_cuerpo\">\n<p class=\"\">La Fiscal\u00eda de la Audiencia Nacional ha archivado la denuncia presentada contra Julio Iglesias por una ONG en nombre de dos extrabajadoras del cantante, al que acusaban de presuntas agresiones sexuales y trata, entre otros delitos. El ministerio p\u00fablico, que hab\u00eda abierto diligencias preprocesales (una especie de investigaci\u00f3n previa para analizar si tiene competencias para asumir el caso y si existen indicios para seguir adelante), ha alegado la \u201cfalta de jurisdicci\u00f3n de los tribunales espa\u00f1oles\u201d para dar carpetazo al asunto, seg\u00fan consta en una resoluci\u00f3n firmada este viernes. Las mujeres denunciaron que la supuesta actuaci\u00f3n il\u00edcita del artista se produjo en 2021 en Rep\u00fablica Dominicana y Bahamas.<\/p>\n<p class=\"\">En el escrito de siete p\u00e1ginas, la Fiscal\u00eda explica que la Audiencia Nacional, \u201csiguiendo los criterios\u201d fijados por el Tribunal Supremo, ha interpretado \u201creiteradamente\u201d que \u201cEspa\u00f1a no es competente para investigar delitos cometidos en el extranjero cuando no existan v\u00ednculos relevantes con nuestro pa\u00eds\u201d. Y precisa que, \u201cespecialmente\u201d, cuando las v\u00edctimas son extranjeras y no son residentes en Espa\u00f1a; cuando los presuntos autores tambi\u00e9n son extranjeros o no se encuentran en el pa\u00eds; o cuando siendo espa\u00f1oles tampoco est\u00e1n en territorio nacional; o cuando los hechos se investigan o pueden investigarse en el Estado donde ocurrieron.<\/p>\n<p class=\"\">En este sentido, el ministerio p\u00fablico subraya que \u201cno existe constancia\u201d de que las autoridades de Rep\u00fablica Dominicana y Bahamas \u201chayan renunciado a ejercer su jurisdicci\u00f3n o se encuentren imposibilitadas para hacerlo\u201d. La Fiscal\u00eda repasa tambi\u00e9n otros aspectos que condicionaban la puesta en marcha en Espa\u00f1a de una investigaci\u00f3n contra Iglesias por esta denuncia: como que \u201cla totalidad de los hechos presuntamente delictivos habr\u00edan ocurrido fuera del territorio espa\u00f1ol\u201d; y que las denunciantes no solo carecen de nacionalidad espa\u00f1ola, sino que tampoco residen en este pa\u00eds, ni mantienen aqu\u00ed \u201csu centro de vida, intereses o actividad\u201d, \u201cni han viajado\u201d con el artista a Espa\u00f1a.<\/p>\n<p class=\"\">La organizaci\u00f3n Women\u2019s Link Worldwide present\u00f3 la denuncia a principios de enero en nombre de las dos exempleadas. Amnist\u00eda Internacional colabor\u00f3 dando apoyo a las v\u00edctimas. Women\u2019s Link subray\u00f3 que rechazaba acudir a la justicia de Rep\u00fablica Dominicana y Bahamas. E indic\u00f3 que optaba por Espa\u00f1a porque \u201ctiene unas leyes de protecci\u00f3n contra la trata y contra las violencias de g\u00e9nero, a trav\u00e9s de los tratados internacionales de los que es parte y de su desarrollo legislativo, que pueden dar acceso a la justicia a estas mujeres\u201d. Para intentar que la Audiencia Nacional asumiera el caso, la asociaci\u00f3n se aferraba a la nacionalidad espa\u00f1ola de Iglesias.<\/p>\n<p class=\"\">Las dos ONG califican de \u201clamentable\u201d la decisi\u00f3n de la Fiscal\u00eda, que \u201cpierde la oportunidad de investigar los hechos y considerar toda la evidencia\u201d que ambas denunciantes (cuyos pseud\u00f3nimos son Rebeca y Laura, para preservar su identidad) \u201cincluyeron en la denuncia\u201d. Ambas organizaciones reprochan al ministerio p\u00fablico que no haya hecho \u201cun an\u00e1lisis de fondo sobre la culpabilidad o no del denunciado\u201d. \u201cLa idea de que un ciudadano espa\u00f1ol podr\u00eda ser eximido de afrontar un proceso de justicia si los presuntos delitos de los que es acusado no ocurrieron en Espa\u00f1a y fueron cometidos contra mujeres no espa\u00f1olas, desconoce el principio de extraterritorialidad y, adem\u00e1s, el derecho humano fundamental para que todas las mujeres y ni\u00f1as puedan vivir en un mundo libre de violencias\u201d, dicen en un comunicado. <\/p>\n<p class=\"\">Las denunciantes \u201cseguir\u00e1n luchando por justicia y acudir\u00e1n a las v\u00edas legales disponibles\u201d, aseveran Women\u2019s Link y Amnist\u00eda, sin especificar cu\u00e1les ser\u00e1n sus pr\u00f3ximos pasos. Y reclaman que se respete su privacidad porque \u201ctemen por posibles represalias\u201d. Iglesias public\u00f3 el jueves en las redes sociales varios supuestos mensajes de estas mujeres para tratar de desacreditarlas.<\/p>\n<p class=\"\">Una exempleada del servicio dom\u00e9stico denunci\u00f3 que fue presionada para mantener encuentros sexuales con el cantante. Por su parte, una fisioterapeuta cont\u00f3 que sufri\u00f3 tocamientos. Ambas se\u00f1alaron que recib\u00edan insultos durante su jornada laboral, seg\u00fan la investigaci\u00f3n period\u00edstica publicada por <i>elDiario.es<\/i> y Univisi\u00f3n.<\/p>\n<p class=\"\">Seg\u00fan la ONG, los hechos denunciados podr\u00edan constituir un delito de trata de seres humanos con fines de imposici\u00f3n de trabajo forzado y servidumbre; delitos contra la libertad y la indemnidad sexuales, tales como acoso sexual y agresi\u00f3n sexual; y lesiones. Adem\u00e1s de a Iglesias, Women\u2019s Link Worldwide implicaba a dos mujeres en la presunta actividad irregular (una colombiana y una brasile\u00f1a).<\/p>\n<p class=\"\">En su resoluci\u00f3n, la Fiscal\u00eda apunta que otorg\u00f3 a las dos exempleadas la condici\u00f3n de testigos protegidos, a quienes interrog\u00f3 de forma telem\u00e1tica este mi\u00e9rcoles y este jueves. Sin embargo, tras escuchar su testimonio y conocer su relato de primera mano, el ministerio p\u00fablico concluye que carece de competencia para llevar el caso. <\/p>\n<p class=\"\">\u201c[El Tribunal Supremo] se\u00f1ala expresamente los l\u00edmites a la expansi\u00f3n extraterritorial de la jurisdicci\u00f3n, recordando que no corresponde a Espa\u00f1a investigar hechos cometidos allende sus fronteras cuando otro Estado tiene competencia clara y efectiva para ello\u201d, incide la Fiscal\u00eda. La acusaci\u00f3n p\u00fablica menciona un \u201cprecedente\u201d similar abordado en la Audiencia Nacional para rechazar investigar presuntos delitos de tortura y lesa humanidad cometidos en Colombia. Y ahonda en esa l\u00ednea: \u201cLos hechos deben ser perseguidos por los Estados directamente competentes, por ser donde ocurrieron los hechos y donde se encuentran las pruebas\u201d.<\/p>\n<p class=\"\">El ministerio p\u00fablico abunda en que la Audiencia Nacional \u201cha reiterado en m\u00faltiples resoluciones\u201d que la ley contempla que \u201cEspa\u00f1a solo interviene si el Estado directamente competente no puede o no quiere investigar y as\u00ed se acredita\u201d. \u201cLa jurisdicci\u00f3n universal espa\u00f1ola es residual y tasada\u201d, prosigue la Fiscal\u00eda. \u201cEl Supremo afirma que el principio de personalidad solo opera como excepci\u00f3n al principio de territorialidad, y que debe aplicarse restrictivamente, pues no implica que un ciudadano \u2018lleve consigo la ley penal espa\u00f1ola\u2019 m\u00e1s all\u00e1 de las fronteras del Estado\u201d, cita la resoluci\u00f3n emitida este viernes para dar carpetazo al asunto.<\/p>\n<p class=\"\">Julio Iglesias ha negado las acusaciones en todo momento. El cantante contrat\u00f3 a uno de los abogados penalistas m\u00e1s influyentes de Espa\u00f1a, Jos\u00e9 Antonio Chocl\u00e1n, para contrarrestar la ofensiva jur\u00eddica contra \u00e9l. El letrado, que intent\u00f3 personarse sin \u00e9xito en las diligencias preprocesales abiertas por la Fiscal\u00eda, ya aleg\u00f3 que la Audiencia Nacional carec\u00eda de competencia para asumir las pesquisas.<\/p>\n<p class=\"\">Esta decisi\u00f3n del ministerio p\u00fablico no impide que la ONG intente ahora abrir la v\u00eda penal con la presentaci\u00f3n de una querella directamente ante los juzgados de Instrucci\u00f3n de la Audiencia Nacional. El rev\u00e9s de este viernes no cierra ese camino, pero la asociaci\u00f3n acudir\u00e1 entonces a los tribunales a sabiendas de que la Fiscal\u00eda no la respalda.<\/p>\n<\/div>\n\n","protected":false},"excerpt":{"rendered":"<p>La Fiscal\u00eda de la Audiencia Nacional ha archivado la denuncia presentada contra Julio Iglesias por una ONG en nombre de dos extrabajadoras del cantante, al que acusaban de presuntas agresiones sexuales y trata, entre otros delitos. El ministerio p\u00fablico, que hab\u00eda abierto diligencias preprocesales (una especie de investigaci\u00f3n previa para analizar si tiene competencias para &hellip;<\/p>\n","protected":false},"author":1,"featured_media":56623,"comment_status":"open","ping_status":"open","sticky":false,"template":"","format":"standard","meta":{"fifu_image_url":"https:\/\/imagenes.elpais.com\/resizer\/v2\/2J27QVSCLRFUVKCV7DJYTKJUPY.jpg?auth=fc7f31c9bb5c5dd1216b43aa649ee9a899bd773523d3777f215d290082aaf5bd&width=1200","fifu_image_alt":"","footnotes":""},"categories":[11],"tags":[],"class_list":["post-56621","post","type-post","status-publish","format-standard","has-post-thumbnail","","category-viaje"],"_links":{"self":[{"href":"https:\/\/noticiasveraces.com\/index.php?rest_route=\/wp\/v2\/posts\/56621","targetHints":{"allow":["GET"]}}],"collection":[{"href":"https:\/\/noticiasveraces.com\/index.php?rest_route=\/wp\/v2\/posts"}],"about":[{"href":"https:\/\/noticiasveraces.com\/index.php?rest_route=\/wp\/v2\/types\/post"}],"author":[{"embeddable":true,"href":"https:\/\/noticiasveraces.com\/index.php?rest_route=\/wp\/v2\/users\/1"}],"replies":[{"embeddable":true,"href":"https:\/\/noticiasveraces.com\/index.php?rest_route=%2Fwp%2Fv2%2Fcomments&post=56621"}],"version-history":[{"count":0,"href":"https:\/\/noticiasveraces.com\/index.php?rest_route=\/wp\/v2\/posts\/56621\/revisions"}],"wp:featuredmedia":[{"embeddable":true,"href":"https:\/\/noticiasveraces.com\/index.php?rest_route=\/wp\/v2\/media\/56623"}],"wp:attachment":[{"href":"https:\/\/noticiasveraces.com\/index.php?rest_route=%2Fwp%2Fv2%2Fmedia&parent=56621"}],"wp:term":[{"taxonomy":"category","embeddable":true,"href":"https:\/\/noticiasveraces.com\/index.php?rest_route=%2Fwp%2Fv2%2Fcategories&post=56621"},{"taxonomy":"post_tag","embeddable":true,"href":"https:\/\/noticiasveraces.com\/index.php?rest_route=%2Fwp%2Fv2%2Ftags&post=56621"}],"curies":[{"name":"wp","href":"https:\/\/api.w.org\/{rel}","templated":true}]}}