{"id":56611,"date":"2026-01-23T15:21:04","date_gmt":"2026-01-23T19:21:04","guid":{"rendered":"https:\/\/noticiasveraces.com\/?p=56611"},"modified":"2026-01-23T15:21:04","modified_gmt":"2026-01-23T19:21:04","slug":"trump-y-groenlandia-un-cambio-que-redefine-la-otan-para-siempre","status":"publish","type":"post","link":"https:\/\/noticiasveraces.com\/?p=56611","title":{"rendered":"Trump y Groenlandia: un cambio que redefine la OTAN para siempre"},"content":{"rendered":"<p> \n<\/p>\n<div>\n<p>A pesar de que Donald Trump retir\u00f3 la amenaza de intervenir militarmente en Groenlandia y de imponer nuevos aranceles a Europa, sus declaraciones\u00a0acerca de apoderarse de la isla danesa marcan <strong>un antes y un despu\u00e9s<\/strong> dentro de la OTAN.  <\/p>\n<p>Reportes aseguran que la postura del presidente de EE.UU.\u00a0ha llevado a los funcionarios europeos a <strong>restringir el intercambio de informaci\u00f3n<\/strong> con Washington, llevando las relaciones entre la Casa Blanca y sus aliados europeos a <strong>su punto m\u00e1s bajo<\/strong> <strong>en a\u00f1os<\/strong>.<\/p>\n<div class=\"ReadMore-root Section-root Section-is1to3-xs_is1to1\" data-widgets=\"ReadMore\">\n<div class=\"Section-container Section-isRow-isTop-isWrap\">\n<article class=\"Card-root Card-is1to1 Card-default \">\n<div class=\"Card-imageWrap\">\n<div class=\"Card-picture\">\n<picture class=\"Picture-root Picture-default\"><!--[if IE 9]><video style=\"display: none;\"><![endif]--><source media=\"(-webkit-min-device-pixel-ratio: 2) and (min-resolution: 120dpi)\" data-srcset=\"&#10;                                            https:\/\/mfes.b37m.ru\/actualidad\/public_images\/2026.01\/thumbnail\/696f395959bf5b763f21297b.jpg 850w,&#10;                                    https:\/\/mfes.b37m.ru\/actualidad\/public_images\/2026.01\/article\/696f395959bf5b763f21297b.jpg 1960w,            \" srcset=\"&#10;                                    data:image\/png;base64,iVBORw0KGgoAAAANSUhEUgAAABAAAAAJCAQAAACRI2S5AAAAEElEQVR42mNkIAAYRxWAAQAG9gAKqv6+AwAAAABJRU5ErkJggg==&#10;                            \"><source data-srcset=\"&#10;                                            https:\/\/mfes.b37m.ru\/actualidad\/public_images\/2026.01\/thumbnail\/696f395959bf5b763f21297b.jpg 460,&#10;                                  https:\/\/mfes.b37m.ru\/actualidad\/public_images\/2026.01\/article\/696f395959bf5b763f21297b.jpg 980w,&#10;            \" srcset=\"&#10;                                    data:image\/png;base64,iVBORw0KGgoAAAANSUhEUgAAABAAAAAJCAQAAACRI2S5AAAAEElEQVR42mNkIAAYRxWAAQAG9gAKqv6+AwAAAABJRU5ErkJggg==&#10;                            \"><!--[if IE 9]><\/video><![endif]--><img decoding=\"async\" data-sizes=\"auto\" src=\"&#10;                                    data:image\/png;base64,iVBORw0KGgoAAAANSUhEUgAAABAAAAAJCAQAAACRI2S5AAAAEElEQVR42mNkIAAYRxWAAQAG9gAKqv6+AwAAAABJRU5ErkJggg==&#10;                            \" class=\"Picture-root Picture-default lazyload\" data-src=\"https:\/\/mfes.b37m.ru\/actualidad\/public_images\/2026.01\/thumbnail\/696f395959bf5b763f21297b.jpg\" alt=\"Reportes: La OTAN restringe informaci\u00f3n a EE.UU. en medio de las tensiones por Groenlandia\"\/><\/source><\/source><\/picture><!-- noscript pattern --><img decoding=\"async\" src=\"https:\/\/mfes.b37m.ru\/actualidad\/public_images\/2026.01\/article\/696f395959bf5b763f21297b.jpg\" alt=\"Reportes: La OTAN restringe informaci\u00f3n a EE.UU. en medio de las tensiones por Groenlandia\"\/>    <\/div>\n<\/p><\/div>\n<\/article><\/div>\n<\/p><\/div>\n<h3>Confianza \u00abrealmente da\u00f1ada\u00bb<\/h3>\n<p>Para la\u00a0vice primera ministra de Suecia, Ebba Busch, la confianza en sus aliados norteamericanos se ha visto \u00abrealmente da\u00f1ada\u00bb y llevar\u00e1 tiempo repararla. \u00abLas \u00faltimas semanas, aparte de <strong>un primer a\u00f1o muy turbulento<\/strong>han sido muy perjudiciales para la relaci\u00f3n entre la Uni\u00f3n Europea, Europa y Estados Unidos\u00bb, afirm\u00f3. <\/p>\n<p>En este contexto, la exministra de Defensa lituana Dovile Sakaliene advirti\u00f3 que \u00abEuropa<strong> a\u00fan no est\u00e1 lista<\/strong> para estar sola\u00bb. \u00abVa a tomar al menos <strong>de cinco a diez a\u00f1os<\/strong> hasta que estemos a <strong>un nivel algo similar<\/strong> al de las Fuerzas Armadas de EE.UU.\u00bb, calcul\u00f3. <\/p>\n<figure class=\"RTImage-root\">\n<div class=\"RTImage-image RTImage-original\"><picture class=\"Picture-root Picture-original\"><!--[if IE 9]><video style=\"display: none;\"><![endif]--><source media=\"(-webkit-min-device-pixel-ratio: 2) and (min-resolution: 120dpi)\" data-srcset=\"&#10;                                            https:\/\/mfes.b37m.ru\/actualidad\/public_images\/2026.01\/original\/697341b059bf5b33f656f6b8.jpg 850w,&#10;                                    https:\/\/mfes.b37m.ru\/actualidad\/public_images\/2026.01\/original\/697341b059bf5b33f656f6b8.jpg 1960w,            \" srcset=\"&#10;                                    data:image\/png;base64,iVBORw0KGgoAAAANSUhEUgAAABAAAAAJCAQAAACRI2S5AAAAEElEQVR42mNkIAAYRxWAAQAG9gAKqv6+AwAAAABJRU5ErkJggg==&#10;                            \"><source data-srcset=\"&#10;                                            https:\/\/mfes.b37m.ru\/actualidad\/public_images\/2026.01\/original\/697341b059bf5b33f656f6b8.jpg 460w,&#10;                                  https:\/\/mfes.b37m.ru\/actualidad\/public_images\/2026.01\/original\/697341b059bf5b33f656f6b8.jpg 980w,&#10;            \" srcset=\"&#10;                                    data:image\/png;base64,iVBORw0KGgoAAAANSUhEUgAAABAAAAAJCAQAAACRI2S5AAAAEElEQVR42mNkIAAYRxWAAQAG9gAKqv6+AwAAAABJRU5ErkJggg==&#10;                            \"><!--[if IE 9]><\/video><![endif]--><img decoding=\"async\" data-sizes=\"auto\" src=\"&#10;                                    data:image\/png;base64,iVBORw0KGgoAAAANSUhEUgAAABAAAAAJCAQAAACRI2S5AAAAEElEQVR42mNkIAAYRxWAAQAG9gAKqv6+AwAAAABJRU5ErkJggg==&#10;                            \" class=\"Picture-root Picture-original lazyload\" data-src=\"https:\/\/mfes.b37m.ru\/actualidad\/public_images\/2026.01\/original\/697341b059bf5b33f656f6b8.jpg\" alt=\"\"\/><\/source><\/source><\/picture><!-- noscript pattern --><img decoding=\"async\" src=\"https:\/\/mfes.b37m.ru\/actualidad\/public_images\/2026.01\/original\/697341b059bf5b33f656f6b8.jpg\" alt=\"\"\/><\/div>\n<\/figure>\n<p>En contraste, Trump\u00a0declar\u00f3\u00a0que EE.UU. <strong>nunca ha necesitado de la Alianza<\/strong> <strong>atl\u00e1ntico<\/strong> e incluso puso en duda si sus miembros estar\u00edan ah\u00ed para Washington en caso de ser necesario. <strong>\u00abEsa es<\/strong> <strong>la prueba definitiva\u00bb<\/strong>sentenci\u00f3. <\/p>\n<p>\u00abTal vez deber\u00edamos haber puesto a prueba a la OTAN: invocar el Art\u00edculo 5 y <strong>obligar a la OTAN<\/strong> a venir aqu\u00ed y proteger nuestra frontera sur de m\u00e1s invasiones de inmigrantes ilegales\u00bb, sugiri\u00f3 recientemente. <\/p>\n<div class=\"ReadMore-root Section-root Section-is1to3-xs_is1to1\" data-widgets=\"ReadMore\">\n<div class=\"Section-container Section-isRow-isTop-isWrap\">\n<article class=\"Card-root Card-is1to1 Card-default \">\n<div class=\"Card-imageWrap\">\n<div class=\"Card-picture\">\n<picture class=\"Picture-root Picture-default\"><!--[if IE 9]><video style=\"display: none;\"><![endif]--><source media=\"(-webkit-min-device-pixel-ratio: 2) and (min-resolution: 120dpi)\" data-srcset=\"&#10;                                            https:\/\/mfes.b37m.ru\/actualidad\/public_images\/2026.01\/thumbnail\/69722fcde9ff7175c75b1d08.jpg 850w,&#10;                                    https:\/\/mfes.b37m.ru\/actualidad\/public_images\/2026.01\/article\/69722fcde9ff7175c75b1d08.jpg 1960w,            \" srcset=\"&#10;                                    data:image\/png;base64,iVBORw0KGgoAAAANSUhEUgAAABAAAAAJCAQAAACRI2S5AAAAEElEQVR42mNkIAAYRxWAAQAG9gAKqv6+AwAAAABJRU5ErkJggg==&#10;                            \"><source data-srcset=\"&#10;                                            https:\/\/mfes.b37m.ru\/actualidad\/public_images\/2026.01\/thumbnail\/69722fcde9ff7175c75b1d08.jpg 460,&#10;                                  https:\/\/mfes.b37m.ru\/actualidad\/public_images\/2026.01\/article\/69722fcde9ff7175c75b1d08.jpg 980w,&#10;            \" srcset=\"&#10;                                    data:image\/png;base64,iVBORw0KGgoAAAANSUhEUgAAABAAAAAJCAQAAACRI2S5AAAAEElEQVR42mNkIAAYRxWAAQAG9gAKqv6+AwAAAABJRU5ErkJggg==&#10;                            \"><!--[if IE 9]><\/video><![endif]--><img decoding=\"async\" data-sizes=\"auto\" src=\"&#10;                                    data:image\/png;base64,iVBORw0KGgoAAAANSUhEUgAAABAAAAAJCAQAAACRI2S5AAAAEElEQVR42mNkIAAYRxWAAQAG9gAKqv6+AwAAAABJRU5ErkJggg==&#10;                            \" class=\"Picture-root Picture-default lazyload\" data-src=\"https:\/\/mfes.b37m.ru\/actualidad\/public_images\/2026.01\/thumbnail\/69722fcde9ff7175c75b1d08.jpg\" alt=\"Trump desde\u00f1a la contribuci\u00f3n de la OTAN en la guerra de Afganist\u00e1n\"\/><\/source><\/source><\/picture><!-- noscript pattern --><img decoding=\"async\" src=\"https:\/\/mfes.b37m.ru\/actualidad\/public_images\/2026.01\/article\/69722fcde9ff7175c75b1d08.jpg\" alt=\"Trump desde\u00f1a la contribuci\u00f3n de la OTAN en la guerra de Afganist\u00e1n\"\/>    <\/div>\n<\/p><\/div>\n<\/article><\/div>\n<\/p><\/div>\n<p>Frente a las palabras de Trump, l\u00edderes europeos se han limitado a destacar la necesidad de <strong>bajar la tensi\u00f3n<\/strong> y priorizar el di\u00e1logo entre ambas partes, dado que, como se\u00f1ala una fuente de inteligencia, las acciones del inquilino de la Casa Blanca no solamente causan <strong>divisiones dentro de la OTAN, sino tambi\u00e9n <\/strong>podr\u00edan \u00ab<strong>alterar profundamente el orden global <\/strong>en las pr\u00f3ximas d\u00e9cadas\u00bb. <\/p>\n<h3>\u00bfTiene futuro la OTAN?<\/h3>\n<p>Para el analista Travis Jones, las \u00faltimas semanas han dejado claro que los europeos necesitan <strong>reconsiderar su estrategia de defensa<\/strong>. Para lograrlo, se\u00f1ala, Europa tendr\u00e1 que recurrir a sus propios recursos para asegurarse una <strong>\u00abautonom\u00eda estrat\u00e9gica\u00bb. <\/strong><em><br \/><\/em><\/p>\n<figure class=\"RTImage-root\">\n<div class=\"RTImage-image RTImage-original\"><picture class=\"Picture-root Picture-original\"><!--[if IE 9]><video style=\"display: none;\"><![endif]--><source media=\"(-webkit-min-device-pixel-ratio: 2) and (min-resolution: 120dpi)\" data-srcset=\"&#10;                                            https:\/\/mfes.b37m.ru\/actualidad\/public_images\/2026.01\/original\/697341ad59bf5b33f656f6b7.jpg 850w,&#10;                                    https:\/\/mfes.b37m.ru\/actualidad\/public_images\/2026.01\/original\/697341ad59bf5b33f656f6b7.jpg 1960w,            \" srcset=\"&#10;                                    data:image\/png;base64,iVBORw0KGgoAAAANSUhEUgAAABAAAAAJCAQAAACRI2S5AAAAEElEQVR42mNkIAAYRxWAAQAG9gAKqv6+AwAAAABJRU5ErkJggg==&#10;                            \"><source data-srcset=\"&#10;                                            https:\/\/mfes.b37m.ru\/actualidad\/public_images\/2026.01\/original\/697341ad59bf5b33f656f6b7.jpg 460w,&#10;                                  https:\/\/mfes.b37m.ru\/actualidad\/public_images\/2026.01\/original\/697341ad59bf5b33f656f6b7.jpg 980w,&#10;            \" srcset=\"&#10;                                    data:image\/png;base64,iVBORw0KGgoAAAANSUhEUgAAABAAAAAJCAQAAACRI2S5AAAAEElEQVR42mNkIAAYRxWAAQAG9gAKqv6+AwAAAABJRU5ErkJggg==&#10;                            \"><!--[if IE 9]><\/video><![endif]--><img decoding=\"async\" data-sizes=\"auto\" src=\"&#10;                                    data:image\/png;base64,iVBORw0KGgoAAAANSUhEUgAAABAAAAAJCAQAAACRI2S5AAAAEElEQVR42mNkIAAYRxWAAQAG9gAKqv6+AwAAAABJRU5ErkJggg==&#10;                            \" class=\"Picture-root Picture-original lazyload\" data-src=\"https:\/\/mfes.b37m.ru\/actualidad\/public_images\/2026.01\/original\/697341ad59bf5b33f656f6b7.jpg\" alt=\"\"\/><\/source><\/source><\/picture><!-- noscript pattern --><img decoding=\"async\" src=\"https:\/\/mfes.b37m.ru\/actualidad\/public_images\/2026.01\/original\/697341ad59bf5b33f656f6b7.jpg\" alt=\"\"\/><\/div>\n<\/figure>\n<p>Sin embargo, pr\u00e1cticamente toda la regi\u00f3n enfrenta <strong>graves problemas econ\u00f3micos<\/strong>. El canciller de Alemania,\u00a0Friedrich Merz, admiti\u00f3 que su\u00a0pa\u00eds sufre una <strong>\u00abcrisis estructural\u00bb<\/strong> en su econom\u00eda. \u00abNadie deber\u00eda hacerse ilusiones sobre la profundidad y el alcance de los retos a los que nos enfrentamos\u00bb, advirti\u00f3. <\/p>\n<p>Alemania, la mayor econom\u00eda de Europa, enfrenta una <strong>marcada desaceleraci\u00f3n<\/strong> al registrar entre abril y junio de 2025 una ca\u00edda del PIB del 0,3 %, el triple de lo previsto.  <\/p>\n<p>En este contexto, algunos expertos, como la estratega pol\u00edtica Rachel Marsden, sostienen\u00a0que ha llegado el momento de \u00abcombatir la <strong>locura con locura\u00bb<\/strong>.<strong> <\/strong>\u00abYa es <strong>hora de que la UE se desate<\/strong> y se vuelva loca como en &#8216;Atracci\u00f3n fatal&#8217; con Trump y sus c\u00f3mplices belicistas, en respuesta a los a\u00f1os de comportamiento <strong>t\u00f3xico y abusivo<\/strong> de Washington, que ha logrado manipular a la UE para que comprometa sus principios y a sus ciudadanos\u00bb, defendi\u00f3. <\/p>\n<figure class=\"RTImage-root\">\n<div class=\"RTImage-image RTImage-original\"><picture class=\"Picture-root Picture-original\"><!--[if IE 9]><video style=\"display: none;\"><![endif]--><source media=\"(-webkit-min-device-pixel-ratio: 2) and (min-resolution: 120dpi)\" data-srcset=\"&#10;                                            https:\/\/mfes.b37m.ru\/actualidad\/public_images\/2026.01\/original\/6973420c59bf5b34f44b16d6.jpg 850w,&#10;                                    https:\/\/mfes.b37m.ru\/actualidad\/public_images\/2026.01\/original\/6973420c59bf5b34f44b16d6.jpg 1960w,            \" srcset=\"&#10;                                    data:image\/png;base64,iVBORw0KGgoAAAANSUhEUgAAABAAAAAJCAQAAACRI2S5AAAAEElEQVR42mNkIAAYRxWAAQAG9gAKqv6+AwAAAABJRU5ErkJggg==&#10;                            \"><source data-srcset=\"&#10;                                            https:\/\/mfes.b37m.ru\/actualidad\/public_images\/2026.01\/original\/6973420c59bf5b34f44b16d6.jpg 460w,&#10;                                  https:\/\/mfes.b37m.ru\/actualidad\/public_images\/2026.01\/original\/6973420c59bf5b34f44b16d6.jpg 980w,&#10;            \" srcset=\"&#10;                                    data:image\/png;base64,iVBORw0KGgoAAAANSUhEUgAAABAAAAAJCAQAAACRI2S5AAAAEElEQVR42mNkIAAYRxWAAQAG9gAKqv6+AwAAAABJRU5ErkJggg==&#10;                            \"><!--[if IE 9]><\/video><![endif]--><img decoding=\"async\" data-sizes=\"auto\" src=\"&#10;                                    data:image\/png;base64,iVBORw0KGgoAAAANSUhEUgAAABAAAAAJCAQAAACRI2S5AAAAEElEQVR42mNkIAAYRxWAAQAG9gAKqv6+AwAAAABJRU5ErkJggg==&#10;                            \" class=\"Picture-root Picture-original lazyload\" data-src=\"https:\/\/mfes.b37m.ru\/actualidad\/public_images\/2026.01\/original\/6973420c59bf5b34f44b16d6.jpg\" alt=\"\"\/><\/source><\/source><\/picture><!-- noscript pattern --><img decoding=\"async\" src=\"https:\/\/mfes.b37m.ru\/actualidad\/public_images\/2026.01\/original\/6973420c59bf5b34f44b16d6.jpg\" alt=\"\"\/><\/div>\n<\/figure>\n<p>Otros expertos, en cambio, como el\u00a0director del programa del club de discusiones Vald\u00e1i, Iv\u00e1n Timofeev, consideran que <strong>las tensiones actuales son temporales<\/strong>. \u00abLa OTAN sigue siendo una estructura de hormig\u00f3n armado en el campo de la seguridad. Adem\u00e1s, los aliados europeos hoy est\u00e1n <strong>dispuestos a cumplir<\/strong> con los requisitos que Donald Trump estableci\u00f3 en su primer mandato presidencial: gastar m\u00e1s en defensa\u00bb, recuerda. <\/p>\n<p>Adem\u00e1s, explica, el curso pol\u00edtico de Washington puede cambiar si los <strong>dem\u00f3cratas ganan las\u00a0elecciones presidenciales<\/strong>. \u00abParece que los aliados europeos <strong>vivir\u00e1n con la esperanza<\/strong> de un cambio de administraci\u00f3n en un futuro pr\u00f3ximo\u00bb, remacha. <\/p>\n<p><em><strong>C\u00f3mo la UE se convirti\u00f3 en un vasallo impotente de EE.UU.,\u00a0en este art\u00edculo<\/strong><\/em><\/p>\n<\/div>\n\n","protected":false},"excerpt":{"rendered":"<p>A pesar de que Donald Trump retir\u00f3 la amenaza de intervenir militarmente en Groenlandia y de imponer nuevos aranceles a Europa, sus declaraciones\u00a0acerca de apoderarse de la isla danesa marcan un antes y un despu\u00e9s dentro de la OTAN. Reportes aseguran que la postura del presidente de EE.UU.\u00a0ha llevado a los funcionarios europeos a restringir &hellip;<\/p>\n","protected":false},"author":1,"featured_media":56613,"comment_status":"open","ping_status":"open","sticky":false,"template":"","format":"standard","meta":{"fifu_image_url":"https:\/\/mfes.b37m.ru\/actualidad\/public_images\/2026.01\/article\/6973415959bf5b373b1bc1d1.jpg","fifu_image_alt":"","footnotes":""},"categories":[13],"tags":[],"class_list":["post-56611","post","type-post","status-publish","format-standard","has-post-thumbnail","","category-mundo"],"_links":{"self":[{"href":"https:\/\/noticiasveraces.com\/index.php?rest_route=\/wp\/v2\/posts\/56611","targetHints":{"allow":["GET"]}}],"collection":[{"href":"https:\/\/noticiasveraces.com\/index.php?rest_route=\/wp\/v2\/posts"}],"about":[{"href":"https:\/\/noticiasveraces.com\/index.php?rest_route=\/wp\/v2\/types\/post"}],"author":[{"embeddable":true,"href":"https:\/\/noticiasveraces.com\/index.php?rest_route=\/wp\/v2\/users\/1"}],"replies":[{"embeddable":true,"href":"https:\/\/noticiasveraces.com\/index.php?rest_route=%2Fwp%2Fv2%2Fcomments&post=56611"}],"version-history":[{"count":0,"href":"https:\/\/noticiasveraces.com\/index.php?rest_route=\/wp\/v2\/posts\/56611\/revisions"}],"wp:featuredmedia":[{"embeddable":true,"href":"https:\/\/noticiasveraces.com\/index.php?rest_route=\/wp\/v2\/media\/56613"}],"wp:attachment":[{"href":"https:\/\/noticiasveraces.com\/index.php?rest_route=%2Fwp%2Fv2%2Fmedia&parent=56611"}],"wp:term":[{"taxonomy":"category","embeddable":true,"href":"https:\/\/noticiasveraces.com\/index.php?rest_route=%2Fwp%2Fv2%2Fcategories&post=56611"},{"taxonomy":"post_tag","embeddable":true,"href":"https:\/\/noticiasveraces.com\/index.php?rest_route=%2Fwp%2Fv2%2Ftags&post=56611"}],"curies":[{"name":"wp","href":"https:\/\/api.w.org\/{rel}","templated":true}]}}