{"id":56597,"date":"2026-01-23T13:52:02","date_gmt":"2026-01-23T17:52:02","guid":{"rendered":"https:\/\/noticiasveraces.com\/?p=56597"},"modified":"2026-01-23T13:52:02","modified_gmt":"2026-01-23T17:52:02","slug":"el-cancer-colorrectal-ahora-es-la-principal-causa-de-muerte-por-cancer-en-adultos-menores-de-50-anos","status":"publish","type":"post","link":"https:\/\/noticiasveraces.com\/?p=56597","title":{"rendered":"El c\u00e1ncer colorrectal ahora es la principal causa de muerte por c\u00e1ncer en adultos menores de 50 a\u00f1os"},"content":{"rendered":"<p> \n<\/p>\n<div>\n<div id=\"beyondwords-wrapper\" class=\"beyondwords-wrapper\">\n<p><span class=\"label-bg\">NUEVO<\/span>\u00a1Ahora puedes escuchar los art\u00edculos de Fox News!\n  <\/p>\n<\/div>\n<p class=\"speakable\">El c\u00e1ncer colorrectal es ahora oficialmente la principal causa de muerte relacionada con el c\u00e1ncer entre hombres y mujeres de 50 a\u00f1os o menos, un aumento significativo desde la d\u00e9cada de 1990, cuando era la quinta m\u00e1s mortal.<\/p>\n<p class=\"speakable\">Esto es seg\u00fan una investigaci\u00f3n de la Sociedad Estadounidense del C\u00e1ncer, publicada el jueves en JAMA.<\/p>\n<p>Los investigadores analizaron los datos de mortalidad nacional para todos los tipos de c\u00e1ncer durante varias d\u00e9cadas y descubrieron que el c\u00e1ncer colorrectal ahora mata a m\u00e1s personas menores de 50 a\u00f1os que todos los dem\u00e1s tipos, incluidos el de pulm\u00f3n, mama, cerebro y leucemia.<\/p>\n<p><strong>EL RIESGO DE C\u00c1NCER MORTAL PODR\u00cdA DISMINUIR CON UN \u00daNICO ENTRENAMIENTO DE 10 MINUTOS, SUGIERE UN ESTUDIO<\/strong><\/p>\n<p>Las muertes por c\u00e1ncer en general han disminuido en este grupo de edad desde 1990, cayendo aproximadamente un 44% en conjunto.<\/p>\n<p>El c\u00e1ncer colorrectal es el \u00fanico c\u00e1ncer importante que ha experimentado un aumento en la mortalidad entre los menores de 50 a\u00f1os durante ese per\u00edodo, anotaron los investigadores.<\/p>\n<div class=\"image-ct inline\">\n<div class=\"m\"><picture><source media=\"(max-width: 767px)\" srcset=\"https:\/\/a57.foxnews.com\/static.foxnews.com\/foxnews.com\/content\/uploads\/2026\/01\/343\/192\/woman-at-doctor-colorectal-cancer.jpg?ve=1&amp;tl=1, https:\/\/a57.foxnews.com\/static.foxnews.com\/foxnews.com\/content\/uploads\/2026\/01\/686\/384\/woman-at-doctor-colorectal-cancer.jpg?ve=1&amp;tl=1 2x\" height=\"192\" width=\"343\"><source media=\"(min-width: 768px) and (max-width: 1023px)\" srcset=\"https:\/\/a57.foxnews.com\/static.foxnews.com\/foxnews.com\/content\/uploads\/2026\/01\/672\/378\/woman-at-doctor-colorectal-cancer.jpg?ve=1&amp;tl=1, https:\/\/a57.foxnews.com\/static.foxnews.com\/foxnews.com\/content\/uploads\/2026\/01\/1344\/756\/woman-at-doctor-colorectal-cancer.jpg?ve=1&amp;tl=1 2x\" height=\"378\" width=\"672\"><source media=\"(min-width: 1024px) and (max-width: 1279px)\" srcset=\"https:\/\/a57.foxnews.com\/static.foxnews.com\/foxnews.com\/content\/uploads\/2026\/01\/931\/523\/woman-at-doctor-colorectal-cancer.jpg?ve=1&amp;tl=1, https:\/\/a57.foxnews.com\/static.foxnews.com\/foxnews.com\/content\/uploads\/2026\/01\/1862\/1046\/woman-at-doctor-colorectal-cancer.jpg?ve=1&amp;tl=1 2x\" height=\"523\" width=\"931\"><source media=\"(min-width: 1280px)\" srcset=\"https:\/\/a57.foxnews.com\/static.foxnews.com\/foxnews.com\/content\/uploads\/2026\/01\/720\/405\/woman-at-doctor-colorectal-cancer.jpg?ve=1&amp;tl=1, https:\/\/a57.foxnews.com\/static.foxnews.com\/foxnews.com\/content\/uploads\/2026\/01\/1440\/810\/woman-at-doctor-colorectal-cancer.jpg?ve=1&amp;tl=1 2x\" height=\"405\" width=\"720\"><img loading=\"lazy\" decoding=\"async\" src=\"https:\/\/a57.foxnews.com\/static.foxnews.com\/foxnews.com\/content\/uploads\/2026\/01\/1200\/675\/woman-at-doctor-colorectal-cancer.jpg?ve=1&amp;tl=1\" alt=\"Mujer en el m\u00e9dico - aumento del c\u00e1ncer colorrectal\" width=\"1200\" height=\"675\"\/><\/source><\/source><\/source><\/source><\/picture><\/div>\n<div class=\"info\">\n<div class=\"caption\">\n<p><span>El c\u00e1ncer colorrectal es ahora oficialmente la principal causa de muerte relacionada con el c\u00e1ncer entre hombres y mujeres de 50 a\u00f1os o menos.<\/span> <span>(iStock)<\/span><\/p>\n<\/div>\n<\/div>\n<\/div>\n<p>El colorrectal <u>investigaci\u00f3n del c\u00e1ncer<\/u> La comunidad ha estado trabajando para determinar por qu\u00e9 las tasas est\u00e1n aumentando entre los adultos j\u00f3venes, seg\u00fan la Dra. Aparna Parikh, directora m\u00e9dica del Centro para el C\u00e1ncer Colorrectal en Adultos J\u00f3venes del Mass General Cancer Center, que no est\u00e1 afiliado a la ACS.<\/p>\n<p><strong>HAGA CLIC AQU\u00cd PARA M\u00c1S HISTORIAS DE SALUD<\/strong><\/p>\n<p>\u00abA\u00fan no entendemos completamente por qu\u00e9, pero parece ser una interacci\u00f3n de los factores de riesgo de una persona, su composici\u00f3n general y sus exposiciones tempranas\u00bb, dijo anteriormente a Fox News Digital. \u00abLas exposiciones incluyen exposiciones diet\u00e9ticas, exposiciones ambientales y posibles exposiciones a antibi\u00f3ticos, as\u00ed como factores del estilo de vida en el hu\u00e9sped adecuado\u00bb.<\/p>\n<div class=\"image-ct inline\">\n<div class=\"m\"><picture><source media=\"(max-width: 767px)\" srcset=\"https:\/\/a57.foxnews.com\/static.foxnews.com\/foxnews.com\/content\/uploads\/2025\/08\/343\/192\/colon-cancer-illustration.jpg?ve=1&amp;tl=1, https:\/\/a57.foxnews.com\/static.foxnews.com\/foxnews.com\/content\/uploads\/2025\/08\/686\/384\/colon-cancer-illustration.jpg?ve=1&amp;tl=1 2x\" height=\"192\" width=\"343\"><source media=\"(min-width: 768px) and (max-width: 1023px)\" srcset=\"https:\/\/a57.foxnews.com\/static.foxnews.com\/foxnews.com\/content\/uploads\/2025\/08\/672\/378\/colon-cancer-illustration.jpg?ve=1&amp;tl=1, https:\/\/a57.foxnews.com\/static.foxnews.com\/foxnews.com\/content\/uploads\/2025\/08\/1344\/756\/colon-cancer-illustration.jpg?ve=1&amp;tl=1 2x\" height=\"378\" width=\"672\"><source media=\"(min-width: 1024px) and (max-width: 1279px)\" srcset=\"https:\/\/a57.foxnews.com\/static.foxnews.com\/foxnews.com\/content\/uploads\/2025\/08\/931\/523\/colon-cancer-illustration.jpg?ve=1&amp;tl=1, https:\/\/a57.foxnews.com\/static.foxnews.com\/foxnews.com\/content\/uploads\/2025\/08\/1862\/1046\/colon-cancer-illustration.jpg?ve=1&amp;tl=1 2x\" height=\"523\" width=\"931\"><source media=\"(min-width: 1280px)\" srcset=\"https:\/\/a57.foxnews.com\/static.foxnews.com\/foxnews.com\/content\/uploads\/2025\/08\/720\/405\/colon-cancer-illustration.jpg?ve=1&amp;tl=1, https:\/\/a57.foxnews.com\/static.foxnews.com\/foxnews.com\/content\/uploads\/2025\/08\/1440\/810\/colon-cancer-illustration.jpg?ve=1&amp;tl=1 2x\" height=\"405\" width=\"720\"><img loading=\"lazy\" decoding=\"async\" src=\"https:\/\/a57.foxnews.com\/static.foxnews.com\/foxnews.com\/content\/uploads\/2025\/08\/1200\/675\/colon-cancer-illustration.jpg?ve=1&amp;tl=1\" alt=\"Ilustraci\u00f3n m\u00e9dica del c\u00e1ncer colorrectal\" width=\"1200\" height=\"675\"\/><\/source><\/source><\/source><\/source><\/picture><\/div>\n<div class=\"info\">\n<div class=\"caption\">\n<p><span>El c\u00e1ncer colorrectal es el \u00fanico c\u00e1ncer importante que ha experimentado un aumento en la mortalidad entre los menores de 50 a\u00f1os en las \u00faltimas tres d\u00e9cadas.<\/span> <span>(iStock)<\/span><\/p>\n<\/div>\n<\/div>\n<\/div>\n<p>Algunos factores de riesgo principales incluyen antecedentes familiares, obesidad, tabaquismo, consumo excesivo de alcohol, una dieta rica en carnes rojas y procesadas, enfermedad inflamatoria intestinal y antecedentes personales o familiares de p\u00f3lipos.<\/p>\n<p>Para reducir los casos en pacientes m\u00e1s j\u00f3venes, el m\u00e9dico destac\u00f3 la importancia de concienciar a la poblaci\u00f3n sobre la enfermedad en torno al reconocimiento temprano de los s\u00edntomas.<\/p>\n<p><strong>HAGA CLIC AQU\u00cd PARA SUSCRIBIRSE A NUESTRO BOLET\u00cdN DE SALUD<\/strong><\/p>\n<p>Algunas se\u00f1ales tempranas de advertencia de c\u00e1ncer colorrectal incluyen cambios en los h\u00e1bitos intestinales, dolor abdominal, sangrado rectal, debilidad y p\u00e9rdida de peso.<\/p>\n<div class=\"image-ct inline\">\n<div class=\"m\"><picture><source media=\"(max-width: 767px)\" srcset=\"https:\/\/a57.foxnews.com\/static.foxnews.com\/foxnews.com\/content\/uploads\/2025\/09\/343\/192\/colon-cancer-study-marathons.jpg?ve=1&amp;tl=1, https:\/\/a57.foxnews.com\/static.foxnews.com\/foxnews.com\/content\/uploads\/2025\/09\/686\/384\/colon-cancer-study-marathons.jpg?ve=1&amp;tl=1 2x\" height=\"192\" width=\"343\"><source media=\"(min-width: 768px) and (max-width: 1023px)\" srcset=\"https:\/\/a57.foxnews.com\/static.foxnews.com\/foxnews.com\/content\/uploads\/2025\/09\/672\/378\/colon-cancer-study-marathons.jpg?ve=1&amp;tl=1, https:\/\/a57.foxnews.com\/static.foxnews.com\/foxnews.com\/content\/uploads\/2025\/09\/1344\/756\/colon-cancer-study-marathons.jpg?ve=1&amp;tl=1 2x\" height=\"378\" width=\"672\"><source media=\"(min-width: 1024px) and (max-width: 1279px)\" srcset=\"https:\/\/a57.foxnews.com\/static.foxnews.com\/foxnews.com\/content\/uploads\/2025\/09\/931\/523\/colon-cancer-study-marathons.jpg?ve=1&amp;tl=1, https:\/\/a57.foxnews.com\/static.foxnews.com\/foxnews.com\/content\/uploads\/2025\/09\/1862\/1046\/colon-cancer-study-marathons.jpg?ve=1&amp;tl=1 2x\" height=\"523\" width=\"931\"><source media=\"(min-width: 1280px)\" srcset=\"https:\/\/a57.foxnews.com\/static.foxnews.com\/foxnews.com\/content\/uploads\/2025\/09\/720\/405\/colon-cancer-study-marathons.jpg?ve=1&amp;tl=1, https:\/\/a57.foxnews.com\/static.foxnews.com\/foxnews.com\/content\/uploads\/2025\/09\/1440\/810\/colon-cancer-study-marathons.jpg?ve=1&amp;tl=1 2x\" height=\"405\" width=\"720\"><img loading=\"lazy\" decoding=\"async\" src=\"https:\/\/a57.foxnews.com\/static.foxnews.com\/foxnews.com\/content\/uploads\/2025\/09\/1200\/675\/colon-cancer-study-marathons.jpg?ve=1&amp;tl=1\" alt=\"Una investigaci\u00f3n apunta a un v\u00ednculo entre el c\u00e1ncer y las carreras de marat\u00f3n\" width=\"1200\" height=\"675\"\/><\/source><\/source><\/source><\/source><\/picture><\/div>\n<div class=\"info\">\n<div class=\"caption\">\n<p><span>El Grupo de Trabajo de Servicios Preventivos de EE. UU. recomienda que los adultos con riesgo promedio comiencen a hacerse pruebas de detecci\u00f3n de c\u00e1ncer colorrectal a los 45 a\u00f1os.<\/span> <span>(iStock)<\/span><\/p>\n<\/div>\n<\/div>\n<\/div>\n<p><strong>HAGA CLIC AQU\u00cd PARA DESCARGAR LA APLICACI\u00d3N FOX NEWS<\/strong><\/p>\n<p>El Grupo de Trabajo de Servicios Preventivos de EE. UU. (USPSTF) recomienda que los adultos con riesgo promedio comiencen a hacerse pruebas de detecci\u00f3n de c\u00e1ncer colorrectal a los 45 a\u00f1os y contin\u00faen hasta los 75 a\u00f1os. <\/p>\n<p>A las personas con antecedentes gen\u00e9ticos o familiares se les puede recomendar que se realicen pruebas de detecci\u00f3n antes.<\/p>\n<p>Entre los 75 y los 85 a\u00f1os, la agencia dice que las decisiones de detecci\u00f3n deben basarse en el historial, las preferencias y la salud general de cada individuo.<\/p>\n<p><strong>PRUEBA CON NUESTRO \u00daLTIMO QUIZ DE ESTILO DE VIDA<\/strong><\/p>\n<p>\u00abEl est\u00e1ndar de oro es la colonoscopia, pero tambi\u00e9n existen pruebas apropiadas en heces\u00bb, dijo Parikh. \u00abSi tiene alg\u00fan s\u00edntoma como p\u00e9rdida de peso, sangre en las heces, anemia o cambios en los h\u00e1bitos intestinales, debe acudir directamente a una colonoscopia\u00bb.<\/p>\n<p> <!----> <\/p>\n<div class=\"article-meta\">\n<div class=\"author-bio\">\n<p>Melissa Rudy es editora senior de salud y miembro del equipo de estilo de vida de Fox News Digital. Se pueden enviar consejos sobre historias a melissa.rudy@fox.com.<\/p>\n<\/div>\n<\/div>\n<\/div>\n\n","protected":false},"excerpt":{"rendered":"<p>NUEVO\u00a1Ahora puedes escuchar los art\u00edculos de Fox News! El c\u00e1ncer colorrectal es ahora oficialmente la principal causa de muerte relacionada con el c\u00e1ncer entre hombres y mujeres de 50 a\u00f1os o menos, un aumento significativo desde la d\u00e9cada de 1990, cuando era la quinta m\u00e1s mortal. Esto es seg\u00fan una investigaci\u00f3n de la Sociedad Estadounidense &hellip;<\/p>\n","protected":false},"author":1,"featured_media":56599,"comment_status":"open","ping_status":"open","sticky":false,"template":"","format":"standard","meta":{"fifu_image_url":"https:\/\/a57.foxnews.com\/static.foxnews.com\/foxnews.com\/content\/uploads\/2026\/01\/1200\/675\/woman-at-doctor-colorectal-cancer.jpg?ve=1&tl=1","fifu_image_alt":"","footnotes":""},"categories":[8],"tags":[],"class_list":["post-56597","post","type-post","status-publish","format-standard","has-post-thumbnail","","category-salud"],"_links":{"self":[{"href":"https:\/\/noticiasveraces.com\/index.php?rest_route=\/wp\/v2\/posts\/56597","targetHints":{"allow":["GET"]}}],"collection":[{"href":"https:\/\/noticiasveraces.com\/index.php?rest_route=\/wp\/v2\/posts"}],"about":[{"href":"https:\/\/noticiasveraces.com\/index.php?rest_route=\/wp\/v2\/types\/post"}],"author":[{"embeddable":true,"href":"https:\/\/noticiasveraces.com\/index.php?rest_route=\/wp\/v2\/users\/1"}],"replies":[{"embeddable":true,"href":"https:\/\/noticiasveraces.com\/index.php?rest_route=%2Fwp%2Fv2%2Fcomments&post=56597"}],"version-history":[{"count":0,"href":"https:\/\/noticiasveraces.com\/index.php?rest_route=\/wp\/v2\/posts\/56597\/revisions"}],"wp:featuredmedia":[{"embeddable":true,"href":"https:\/\/noticiasveraces.com\/index.php?rest_route=\/wp\/v2\/media\/56599"}],"wp:attachment":[{"href":"https:\/\/noticiasveraces.com\/index.php?rest_route=%2Fwp%2Fv2%2Fmedia&parent=56597"}],"wp:term":[{"taxonomy":"category","embeddable":true,"href":"https:\/\/noticiasveraces.com\/index.php?rest_route=%2Fwp%2Fv2%2Fcategories&post=56597"},{"taxonomy":"post_tag","embeddable":true,"href":"https:\/\/noticiasveraces.com\/index.php?rest_route=%2Fwp%2Fv2%2Ftags&post=56597"}],"curies":[{"name":"wp","href":"https:\/\/api.w.org\/{rel}","templated":true}]}}