{"id":56585,"date":"2026-01-23T11:57:43","date_gmt":"2026-01-23T15:57:43","guid":{"rendered":"https:\/\/noticiasveraces.com\/?p=56585"},"modified":"2026-01-23T11:57:43","modified_gmt":"2026-01-23T15:57:43","slug":"grealish-sufre-una-fractura-de-estres-en-el-pie-y-estara-unos-tres-meses-de-baja-es-un-golpe-duro","status":"publish","type":"post","link":"https:\/\/noticiasveraces.com\/?p=56585","title":{"rendered":"Grealish sufre una fractura de estr\u00e9s en el pie y estar\u00e1 unos tres meses de baja: \u00abEs un golpe duro\u00bb"},"content":{"rendered":"<p> \n<\/p>\n<div>\n<p data-mrf-recirculation=\"Links P\u00e1rrafos\" class=\"ue-c-article__paragraph paragraph xai-icon-container ue-c-article--first-letter-highlighted\">j<strong>ack Grealish<\/strong>atacante del <strong>Everton<\/strong>ha sufrido una <strong>fractura de estr\u00e9s<\/strong> en el pie y estar\u00e1 varios meses de baja.<span class=\"xai-icon\"\/><\/p>\n<p data-mrf-recirculation=\"Links P\u00e1rrafos\" class=\"ue-c-article__paragraph paragraph xai-icon-container\"><strong>David Moyes<\/strong>entrenador de los &#8216;Toffees&#8217;, confirm\u00f3 la mala noticia este viernes en rueda de prensa, aunque <strong>no quiso entrar en detalles de cu\u00e1ndo podr\u00eda volver de la lesi\u00f3n el futbolista<\/strong>del que se estima que estar\u00e1 <strong>tres meses fuera de los terrenos de juego. <\/strong>\u00abEs un golpe muy duro\u00bb, dijo el t\u00e9cnico escoc\u00e9s.<\/p>\n<p data-mrf-recirculation=\"Links P\u00e1rrafos\" class=\"ue-c-article__paragraph paragraph xai-icon-container\">Grealish est\u00e1 <strong>cedido esta temporada en el Everton<\/strong> despu\u00e9s de que el <strong>ciudad de manchester<\/strong> no le pudiera garantizar jugar con regularidad. El extremo ingl\u00e9s ha disputado <strong>22 fiestas<\/strong> con los &#8216;Toffees&#8217; y ha marcado dos goles y seis asistencias.<span class=\"xai-icon\"\/><\/p>\n<\/div>\n\n","protected":false},"excerpt":{"rendered":"<p>jack Grealishatacante del Evertonha sufrido una fractura de estr\u00e9s en el pie y estar\u00e1 varios meses de baja. David Moyesentrenador de los &#8216;Toffees&#8217;, confirm\u00f3 la mala noticia este viernes en rueda de prensa, aunque no quiso entrar en detalles de cu\u00e1ndo podr\u00eda volver de la lesi\u00f3n el futbolistadel que se estima que estar\u00e1 tres meses &hellip;<\/p>\n","protected":false},"author":1,"featured_media":56586,"comment_status":"open","ping_status":"open","sticky":false,"template":"","format":"standard","meta":{"fifu_image_url":"https:\/\/objetos-xlk.estaticos-marca.com\/files\/article_main_microformat\/\/uploads\/2026\/01\/23\/69738ca13ed6e.jpeg","fifu_image_alt":"","footnotes":""},"categories":[6],"tags":[],"class_list":["post-56585","post","type-post","status-publish","format-standard","has-post-thumbnail","","category-deportes"],"_links":{"self":[{"href":"https:\/\/noticiasveraces.com\/index.php?rest_route=\/wp\/v2\/posts\/56585","targetHints":{"allow":["GET"]}}],"collection":[{"href":"https:\/\/noticiasveraces.com\/index.php?rest_route=\/wp\/v2\/posts"}],"about":[{"href":"https:\/\/noticiasveraces.com\/index.php?rest_route=\/wp\/v2\/types\/post"}],"author":[{"embeddable":true,"href":"https:\/\/noticiasveraces.com\/index.php?rest_route=\/wp\/v2\/users\/1"}],"replies":[{"embeddable":true,"href":"https:\/\/noticiasveraces.com\/index.php?rest_route=%2Fwp%2Fv2%2Fcomments&post=56585"}],"version-history":[{"count":0,"href":"https:\/\/noticiasveraces.com\/index.php?rest_route=\/wp\/v2\/posts\/56585\/revisions"}],"wp:featuredmedia":[{"embeddable":true,"href":"https:\/\/noticiasveraces.com\/index.php?rest_route=\/wp\/v2\/media\/56586"}],"wp:attachment":[{"href":"https:\/\/noticiasveraces.com\/index.php?rest_route=%2Fwp%2Fv2%2Fmedia&parent=56585"}],"wp:term":[{"taxonomy":"category","embeddable":true,"href":"https:\/\/noticiasveraces.com\/index.php?rest_route=%2Fwp%2Fv2%2Fcategories&post=56585"},{"taxonomy":"post_tag","embeddable":true,"href":"https:\/\/noticiasveraces.com\/index.php?rest_route=%2Fwp%2Fv2%2Ftags&post=56585"}],"curies":[{"name":"wp","href":"https:\/\/api.w.org\/{rel}","templated":true}]}}