{"id":56580,"date":"2026-01-23T11:39:16","date_gmt":"2026-01-23T15:39:16","guid":{"rendered":"https:\/\/noticiasveraces.com\/?p=56580"},"modified":"2026-01-23T11:39:16","modified_gmt":"2026-01-23T15:39:16","slug":"fordisi-exige-aumento-salarial-digno-y-propone-mediacion-para-la-libertad-de-educadores-detenidos","status":"publish","type":"post","link":"https:\/\/noticiasveraces.com\/?p=56580","title":{"rendered":"Fordisi exige aumento salarial digno y propone mediaci\u00f3n para la libertad de educadores detenidos"},"content":{"rendered":"<p> \n<\/p>\n<p><img loading=\"lazy\" decoding=\"async\" class=\"alignnone  wp-image-5872418\" src=\"https:\/\/sandia.datanubex.uk\/wp-content\/uploads\/2026\/01\/IMG-20260123-WA0049.jpg\" alt=\"\" width=\"800\" height=\"600\" \/><\/p>\n<p>La Asociaci\u00f3n Civil FORDISI y su vocera Gricelda S\u00e1nchez hacen un llamado firme al Gobierno venezolano para que los recientes avances econ\u00f3micos se traduzcan en *un aumento salarial digno y sostenido para todos los docentes del pa\u00eds*, quienes han visto erosionados sus salarios y derechos desde 2018.<\/p>\n<p>La organizaci\u00f3n tambi\u00e9n propone la mediaci\u00f3n humanitaria de la Iglesia Cat\u00f3lica \u2014a trav\u00e9s de la Conferencia Episcopal Venezolana y la Nunciatura Apost\u00f3lica\u2014 como un puente para promover el di\u00e1logo, la reconciliaci\u00f3n nacional y la liberaci\u00f3n de educadores y sindicalistas privados de libertad.<\/p>\n<p>Adem\u00e1s, FORDISI denuncia un preocupante incremento de condiciones de salud graves entre docentes (diabetes, hipertensi\u00f3n y accidentes cerebrovasculares) que podr\u00edan estar relacionadas con la sobrecarga laboral y los bajos ingresos, y registra tres fallecimientos de docentes activas menores de 55 a\u00f1os en una sola instituci\u00f3n educativa en los \u00faltimos dos a\u00f1os escolares.<\/p>\n\n","protected":false},"excerpt":{"rendered":"<p>La Asociaci\u00f3n Civil FORDISI y su vocera Gricelda S\u00e1nchez hacen un llamado firme al Gobierno venezolano para que los recientes avances econ\u00f3micos se traduzcan en *un aumento salarial digno y sostenido para todos los docentes del pa\u00eds*, quienes han visto erosionados sus salarios y derechos desde 2018. La organizaci\u00f3n tambi\u00e9n propone la mediaci\u00f3n humanitaria de &hellip;<\/p>\n","protected":false},"author":1,"featured_media":56582,"comment_status":"open","ping_status":"open","sticky":false,"template":"","format":"standard","meta":{"fifu_image_url":"https:\/\/sandia.datanubex.uk\/wp-content\/uploads\/2026\/01\/IMG-20260123-WA0049.jpg","fifu_image_alt":"","footnotes":""},"categories":[4],"tags":[],"class_list":["post-56580","post","type-post","status-publish","format-standard","has-post-thumbnail","","category-historias-destacadas"],"_links":{"self":[{"href":"https:\/\/noticiasveraces.com\/index.php?rest_route=\/wp\/v2\/posts\/56580","targetHints":{"allow":["GET"]}}],"collection":[{"href":"https:\/\/noticiasveraces.com\/index.php?rest_route=\/wp\/v2\/posts"}],"about":[{"href":"https:\/\/noticiasveraces.com\/index.php?rest_route=\/wp\/v2\/types\/post"}],"author":[{"embeddable":true,"href":"https:\/\/noticiasveraces.com\/index.php?rest_route=\/wp\/v2\/users\/1"}],"replies":[{"embeddable":true,"href":"https:\/\/noticiasveraces.com\/index.php?rest_route=%2Fwp%2Fv2%2Fcomments&post=56580"}],"version-history":[{"count":0,"href":"https:\/\/noticiasveraces.com\/index.php?rest_route=\/wp\/v2\/posts\/56580\/revisions"}],"wp:featuredmedia":[{"embeddable":true,"href":"https:\/\/noticiasveraces.com\/index.php?rest_route=\/wp\/v2\/media\/56582"}],"wp:attachment":[{"href":"https:\/\/noticiasveraces.com\/index.php?rest_route=%2Fwp%2Fv2%2Fmedia&parent=56580"}],"wp:term":[{"taxonomy":"category","embeddable":true,"href":"https:\/\/noticiasveraces.com\/index.php?rest_route=%2Fwp%2Fv2%2Fcategories&post=56580"},{"taxonomy":"post_tag","embeddable":true,"href":"https:\/\/noticiasveraces.com\/index.php?rest_route=%2Fwp%2Fv2%2Ftags&post=56580"}],"curies":[{"name":"wp","href":"https:\/\/api.w.org\/{rel}","templated":true}]}}