{"id":56575,"date":"2026-01-23T10:11:16","date_gmt":"2026-01-23T14:11:16","guid":{"rendered":"https:\/\/noticiasveraces.com\/?p=56575"},"modified":"2026-01-23T10:11:16","modified_gmt":"2026-01-23T14:11:16","slug":"ucv-rindio-homenaje-a-los-caidos-por-la-agresion","status":"publish","type":"post","link":"https:\/\/noticiasveraces.com\/?p=56575","title":{"rendered":"UCV rindi\u00f3 homenaje a los ca\u00eddos por la agresi\u00f3n"},"content":{"rendered":"<p> \n<\/p>\n<div data-td-block-uid=\"tdi_110\">\n<div class=\"tdb-block-inner td-fix-index\">\n<p>La Universidad Central de Venezuela se une a las dem\u00e1s instituciones venezolanas que rinden tributo a los h\u00e9roes ca\u00eddos el 3 de enero durante el ataque de Estados Unidos contra el pa\u00eds.<\/p>\n<p>Con una misa oficiada desde el sector Tierra de Nadie de la casa de estudio, la comunidad universitaria elev\u00f3 sus plegarias por el descanso eterno de estos h\u00e9roes. La homil\u00eda estuvo a cargo del padre de la parroquia Universitaria, Eduardo Soto, quien se\u00f1al\u00f3 que la UCV est\u00e1 comprometida con la reconciliaci\u00f3n nacional.<\/p>\n<p>\u201cAnte la situaci\u00f3n que estamos viviendo tenemos la opci\u00f3n de seguir odiando o comenzar amar y perdonar y solamente a trav\u00e9s del perd\u00f3n podemos comenzar seriamente el camino de la reconciliaci\u00f3n que necesita el pa\u00eds\u201d, dijo.<\/p>\n<p>Por su parte, el encargado de la Comisi\u00f3n Presidencial para la Recuperaci\u00f3n de la UCV, Francisco Garc\u00e9s, repudi\u00f3 el crimen y reconoci\u00f3 que la unidad es el \u00fanico camino para resolver los problemas del pa\u00eds y sembrar un futuro de reconciliaci\u00f3n, de paz y respeto.<\/p>\n<\/div>\n<\/div>\n\n","protected":false},"excerpt":{"rendered":"<p>La Universidad Central de Venezuela se une a las dem\u00e1s instituciones venezolanas que rinden tributo a los h\u00e9roes ca\u00eddos el 3 de enero durante el ataque de Estados Unidos contra el pa\u00eds. Con una misa oficiada desde el sector Tierra de Nadie de la casa de estudio, la comunidad universitaria elev\u00f3 sus plegarias por el &hellip;<\/p>\n","protected":false},"author":1,"featured_media":56576,"comment_status":"open","ping_status":"open","sticky":false,"template":"","format":"standard","meta":{"fifu_image_url":"https:\/\/ultimasnoticias.com.ve\/wp-content\/uploads\/2026\/01\/Misa-en-honor-a-los-caidos-en-la-UCV-Foto-MIB-04-scaled.jpg","fifu_image_alt":"","footnotes":""},"categories":[13],"tags":[],"class_list":["post-56575","post","type-post","status-publish","format-standard","has-post-thumbnail","","category-mundo"],"_links":{"self":[{"href":"https:\/\/noticiasveraces.com\/index.php?rest_route=\/wp\/v2\/posts\/56575","targetHints":{"allow":["GET"]}}],"collection":[{"href":"https:\/\/noticiasveraces.com\/index.php?rest_route=\/wp\/v2\/posts"}],"about":[{"href":"https:\/\/noticiasveraces.com\/index.php?rest_route=\/wp\/v2\/types\/post"}],"author":[{"embeddable":true,"href":"https:\/\/noticiasveraces.com\/index.php?rest_route=\/wp\/v2\/users\/1"}],"replies":[{"embeddable":true,"href":"https:\/\/noticiasveraces.com\/index.php?rest_route=%2Fwp%2Fv2%2Fcomments&post=56575"}],"version-history":[{"count":0,"href":"https:\/\/noticiasveraces.com\/index.php?rest_route=\/wp\/v2\/posts\/56575\/revisions"}],"wp:featuredmedia":[{"embeddable":true,"href":"https:\/\/noticiasveraces.com\/index.php?rest_route=\/wp\/v2\/media\/56576"}],"wp:attachment":[{"href":"https:\/\/noticiasveraces.com\/index.php?rest_route=%2Fwp%2Fv2%2Fmedia&parent=56575"}],"wp:term":[{"taxonomy":"category","embeddable":true,"href":"https:\/\/noticiasveraces.com\/index.php?rest_route=%2Fwp%2Fv2%2Fcategories&post=56575"},{"taxonomy":"post_tag","embeddable":true,"href":"https:\/\/noticiasveraces.com\/index.php?rest_route=%2Fwp%2Fv2%2Ftags&post=56575"}],"curies":[{"name":"wp","href":"https:\/\/api.w.org\/{rel}","templated":true}]}}