{"id":56572,"date":"2026-01-23T09:09:43","date_gmt":"2026-01-23T13:09:43","guid":{"rendered":"https:\/\/noticiasveraces.com\/?p=56572"},"modified":"2026-01-23T09:09:43","modified_gmt":"2026-01-23T13:09:43","slug":"llego-a-venezuela-un-avion-con-183-migrantes-retornados-desde-ee-uu-el-diario-venezuela","status":"publish","type":"post","link":"https:\/\/noticiasveraces.com\/?p=56572","title":{"rendered":"Lleg\u00f3 a Venezuela un avi\u00f3n con 183 migrantes retornados desde EE UU &#8211; El Diario Venezuela"},"content":{"rendered":"<p> \n<\/p>\n<div>\n<p>El <strong>Ministerio de Interior, Justicia y Paz<\/strong> inform\u00f3 el 22 de enero que lleg\u00f3 a Venezuela un avi\u00f3n de la aerol\u00ednea <strong>Aerol\u00edneas del este<\/strong>con 183 venezolanos que retornaron desde Estados Unidos. Este vuelo ser\u00eda el n\u00famero 101 del programa de repatriaci\u00f3n Gran Misi\u00f3n Vuelta a la Patria.<\/p>\n<p>\u201cEl regreso se consolid\u00f3 de manera exitosa a trav\u00e9s de una <strong>log\u00edstica internacional coordinada<\/strong>. Sin contratiempos, garantizando la <strong>seguridad de los pasajeros<\/strong>\u201d, escribi\u00f3 el organismo en una publicaci\u00f3n en su cuenta de Instagram. Indic\u00f3 que este vuelo parti\u00f3 desde <strong>f\u00e9nix, arizona<\/strong>.<\/p>\n<figure class=\"wp-block-image size-large\"><picture fetchpriority=\"high\" decoding=\"async\" class=\"wp-image-840341\"><source type=\"image\/webp\" srcset=\"https:\/\/eldiario.com\/wp-content\/uploads\/2026\/01\/Diseno-sin-titulo-8-2-1200x800.jpg.webp 1200w, https:\/\/eldiario.com\/wp-content\/uploads\/2026\/01\/Diseno-sin-titulo-8-2-300x200.jpg.webp 300w, https:\/\/eldiario.com\/wp-content\/uploads\/2026\/01\/Diseno-sin-titulo-8-2-768x512.jpg.webp 768w, https:\/\/eldiario.com\/wp-content\/uploads\/2026\/01\/Diseno-sin-titulo-8-2-1536x1024.jpg.webp 1536w, https:\/\/eldiario.com\/wp-content\/uploads\/2026\/01\/Diseno-sin-titulo-8-2-330x220.jpg.webp 330w, https:\/\/eldiario.com\/wp-content\/uploads\/2026\/01\/Diseno-sin-titulo-8-2-420x280.jpg.webp 420w, https:\/\/eldiario.com\/wp-content\/uploads\/2026\/01\/Diseno-sin-titulo-8-2-615x410.jpg.webp 615w, https:\/\/eldiario.com\/wp-content\/uploads\/2026\/01\/Diseno-sin-titulo-8-2-860x574.jpg.webp 860w, https:\/\/eldiario.com\/wp-content\/uploads\/2026\/01\/Diseno-sin-titulo-8-2-150x100.jpg.webp 150w, https:\/\/eldiario.com\/wp-content\/uploads\/2026\/01\/Diseno-sin-titulo-8-2.jpg.webp 1600w\" sizes=\"(max-width: 1200px) 100vw, 1200px\"\/><img fetchpriority=\"high\" decoding=\"async\" width=\"1200\" height=\"800\" src=\"https:\/\/eldiario.com\/wp-content\/uploads\/2026\/01\/Diseno-sin-titulo-8-2-1200x800.jpg\" alt=\"Lleg\u00f3 a Venezuela un avi\u00f3n con 183 migrantes retornados desde EE UU\" srcset=\"https:\/\/eldiario.com\/wp-content\/uploads\/2026\/01\/Diseno-sin-titulo-8-2-1200x800.jpg 1200w, https:\/\/eldiario.com\/wp-content\/uploads\/2026\/01\/Diseno-sin-titulo-8-2-300x200.jpg 300w, https:\/\/eldiario.com\/wp-content\/uploads\/2026\/01\/Diseno-sin-titulo-8-2-768x512.jpg 768w, https:\/\/eldiario.com\/wp-content\/uploads\/2026\/01\/Diseno-sin-titulo-8-2-1536x1024.jpg 1536w, https:\/\/eldiario.com\/wp-content\/uploads\/2026\/01\/Diseno-sin-titulo-8-2-330x220.jpg 330w, https:\/\/eldiario.com\/wp-content\/uploads\/2026\/01\/Diseno-sin-titulo-8-2-420x280.jpg 420w, https:\/\/eldiario.com\/wp-content\/uploads\/2026\/01\/Diseno-sin-titulo-8-2-615x410.jpg 615w, https:\/\/eldiario.com\/wp-content\/uploads\/2026\/01\/Diseno-sin-titulo-8-2-860x574.jpg 860w, https:\/\/eldiario.com\/wp-content\/uploads\/2026\/01\/Diseno-sin-titulo-8-2-150x100.jpg 150w, https:\/\/eldiario.com\/wp-content\/uploads\/2026\/01\/Diseno-sin-titulo-8-2.jpg 1600w\" sizes=\"(max-width: 1200px) 100vw, 1200px\"\/>\n<\/picture><figcaption class=\"wp-element-caption\">Foto: minjusticia_ve<br \/><\/figcaption><\/figure>\n<p>Precis\u00f3 que los venezolanos fueron <strong>recibidos por sus familiares y autoridades<\/strong>. De acuerdo con las fotograf\u00edas, en el grupo viajaban tanto hombres como mujeres; sin embargo, el ministerio <strong>no precis\u00f3 m\u00e1s detalles<\/strong>.<\/p>\n<p>\u201cEsta misi\u00f3n no solo representa un <strong>traslado f\u00edsico<\/strong>sino un <strong>apoyo emocional y social<\/strong> para quienes deciden reemprender su camino dentro del pa\u00eds, enfoc\u00e1ndose en el potencial que cada uno trae consigo para aportar al desarrollo nacional\u201d, agreg\u00f3 la cartera de Estado.<\/p>\n<p><strong>Vuelos de repatriaci\u00f3n de 2026<\/strong><\/p>\n<p>El <strong>primer vuelo de repatriaci\u00f3n de 2026<\/strong> lleg\u00f3 a Venezuela el 16 de enero con <strong>199 migrantes deportados desde Estados Unidos<\/strong>procedente de Phoenix, Arizona, y correspondi\u00f3 al operativo n\u00famero 99 desde la reactivaci\u00f3n del acuerdo migratorio entre Caracas y Washington, suscrito a comienzos de 2025.<\/p>\n<p>Luego, el 19 de enero, llegaron a Venezuela un total de <strong>235 venezolanos<\/strong>quienes retornaron al pa\u00eds a bordo de un vuelo procedente de Estados Unidos, seg\u00fan inform\u00f3 el <strong>Ministerio de Interior, Justicia y Paz<\/strong> e Instagram.<\/p>\n<figure class=\"wp-block-image size-large\"><picture decoding=\"async\" class=\"wp-image-840342\"><source type=\"image\/webp\" srcset=\"https:\/\/eldiario.com\/wp-content\/uploads\/2026\/01\/Diseno-sin-titulo-7-2-1200x800.jpg.webp 1200w, https:\/\/eldiario.com\/wp-content\/uploads\/2026\/01\/Diseno-sin-titulo-7-2-300x200.jpg.webp 300w, https:\/\/eldiario.com\/wp-content\/uploads\/2026\/01\/Diseno-sin-titulo-7-2-768x512.jpg.webp 768w, https:\/\/eldiario.com\/wp-content\/uploads\/2026\/01\/Diseno-sin-titulo-7-2-1536x1024.jpg.webp 1536w, https:\/\/eldiario.com\/wp-content\/uploads\/2026\/01\/Diseno-sin-titulo-7-2-330x220.jpg.webp 330w, https:\/\/eldiario.com\/wp-content\/uploads\/2026\/01\/Diseno-sin-titulo-7-2-420x280.jpg.webp 420w, https:\/\/eldiario.com\/wp-content\/uploads\/2026\/01\/Diseno-sin-titulo-7-2-615x410.jpg.webp 615w, https:\/\/eldiario.com\/wp-content\/uploads\/2026\/01\/Diseno-sin-titulo-7-2-860x574.jpg.webp 860w, https:\/\/eldiario.com\/wp-content\/uploads\/2026\/01\/Diseno-sin-titulo-7-2-150x100.jpg.webp 150w, https:\/\/eldiario.com\/wp-content\/uploads\/2026\/01\/Diseno-sin-titulo-7-2.jpg.webp 1600w\" sizes=\"(max-width: 1200px) 100vw, 1200px\"\/><img loading=\"lazy\" decoding=\"async\" width=\"1200\" height=\"800\" src=\"https:\/\/eldiario.com\/wp-content\/uploads\/2026\/01\/Diseno-sin-titulo-7-2-1200x800.jpg\" alt=\"Lleg\u00f3 a Venezuela un avi\u00f3n con 183 migrantes retornados desde EE UU\" srcset=\"https:\/\/eldiario.com\/wp-content\/uploads\/2026\/01\/Diseno-sin-titulo-7-2-1200x800.jpg 1200w, https:\/\/eldiario.com\/wp-content\/uploads\/2026\/01\/Diseno-sin-titulo-7-2-300x200.jpg 300w, https:\/\/eldiario.com\/wp-content\/uploads\/2026\/01\/Diseno-sin-titulo-7-2-768x512.jpg 768w, https:\/\/eldiario.com\/wp-content\/uploads\/2026\/01\/Diseno-sin-titulo-7-2-1536x1024.jpg 1536w, https:\/\/eldiario.com\/wp-content\/uploads\/2026\/01\/Diseno-sin-titulo-7-2-330x220.jpg 330w, https:\/\/eldiario.com\/wp-content\/uploads\/2026\/01\/Diseno-sin-titulo-7-2-420x280.jpg 420w, https:\/\/eldiario.com\/wp-content\/uploads\/2026\/01\/Diseno-sin-titulo-7-2-615x410.jpg 615w, https:\/\/eldiario.com\/wp-content\/uploads\/2026\/01\/Diseno-sin-titulo-7-2-860x574.jpg 860w, https:\/\/eldiario.com\/wp-content\/uploads\/2026\/01\/Diseno-sin-titulo-7-2-150x100.jpg 150w, https:\/\/eldiario.com\/wp-content\/uploads\/2026\/01\/Diseno-sin-titulo-7-2.jpg 1600w\" sizes=\"auto, (max-width: 1200px) 100vw, 1200px\"\/>\n<\/picture><figcaption class=\"wp-element-caption\">Foto: minjusticia_ve<br \/><\/figcaption><\/figure>\n<p>La aeronave arrib\u00f3 al <strong>Aeropuerto Internacional Sim\u00f3n Bol\u00edvar de Maiquet\u00eda<\/strong>en La Guaira, con <strong>219 hombres y 16 mujeres<\/strong> a bordo.<\/p>\n<p>De acuerdo con el <strong>reporte oficial<\/strong>los connacionales recibieron <strong>atenci\u00f3n integral<\/strong> por parte de funcionarios de los organismos de seguridad ciudadana una vez culminado el desembarque.<\/p>\n<p>Estos vuelos de repatriaci\u00f3n se dan luego de que el <strong>gobierno venezolano denunciara la suspensi\u00f3n unilateral<\/strong> de las repatriaciones por parte de Washington, en medio del <strong>aumento de las tensiones bilaterales<\/strong>. En ese contexto, la administraci\u00f3n estadounidense tambi\u00e9n hab\u00eda pedido a las aerol\u00edneas evitar el espacio a\u00e9reo venezolano.<\/p>\n<p>Tras asumir como <strong>presidenta encargada el 5 de enero<\/strong>Rodr\u00edguez ha mantenido <strong>contactos con autoridades estadounidenses<\/strong>y ambos gobiernos han anunciado avances en \u00e1reas como <strong>cooperaci\u00f3n energ\u00e9tica y migratoria<\/strong>adem\u00e1s de abrir la posibilidad de una normalizaci\u00f3n progresiva de las relaciones diplom\u00e1ticas.<\/p>\n<p><!-- CONTENT END 1 -->\n<\/div>\n\n","protected":false},"excerpt":{"rendered":"<p>El Ministerio de Interior, Justicia y Paz inform\u00f3 el 22 de enero que lleg\u00f3 a Venezuela un avi\u00f3n de la aerol\u00ednea Aerol\u00edneas del estecon 183 venezolanos que retornaron desde Estados Unidos. Este vuelo ser\u00eda el n\u00famero 101 del programa de repatriaci\u00f3n Gran Misi\u00f3n Vuelta a la Patria. \u201cEl regreso se consolid\u00f3 de manera exitosa a &hellip;<\/p>\n","protected":false},"author":1,"featured_media":56574,"comment_status":"open","ping_status":"open","sticky":false,"template":"","format":"standard","meta":{"fifu_image_url":"https:\/\/eldiario.com\/wp-content\/uploads\/2026\/01\/Diseno-sin-titulo-9-2.jpg","fifu_image_alt":"","footnotes":""},"categories":[13],"tags":[],"class_list":["post-56572","post","type-post","status-publish","format-standard","has-post-thumbnail","","category-mundo"],"_links":{"self":[{"href":"https:\/\/noticiasveraces.com\/index.php?rest_route=\/wp\/v2\/posts\/56572","targetHints":{"allow":["GET"]}}],"collection":[{"href":"https:\/\/noticiasveraces.com\/index.php?rest_route=\/wp\/v2\/posts"}],"about":[{"href":"https:\/\/noticiasveraces.com\/index.php?rest_route=\/wp\/v2\/types\/post"}],"author":[{"embeddable":true,"href":"https:\/\/noticiasveraces.com\/index.php?rest_route=\/wp\/v2\/users\/1"}],"replies":[{"embeddable":true,"href":"https:\/\/noticiasveraces.com\/index.php?rest_route=%2Fwp%2Fv2%2Fcomments&post=56572"}],"version-history":[{"count":0,"href":"https:\/\/noticiasveraces.com\/index.php?rest_route=\/wp\/v2\/posts\/56572\/revisions"}],"wp:featuredmedia":[{"embeddable":true,"href":"https:\/\/noticiasveraces.com\/index.php?rest_route=\/wp\/v2\/media\/56574"}],"wp:attachment":[{"href":"https:\/\/noticiasveraces.com\/index.php?rest_route=%2Fwp%2Fv2%2Fmedia&parent=56572"}],"wp:term":[{"taxonomy":"category","embeddable":true,"href":"https:\/\/noticiasveraces.com\/index.php?rest_route=%2Fwp%2Fv2%2Fcategories&post=56572"},{"taxonomy":"post_tag","embeddable":true,"href":"https:\/\/noticiasveraces.com\/index.php?rest_route=%2Fwp%2Fv2%2Ftags&post=56572"}],"curies":[{"name":"wp","href":"https:\/\/api.w.org\/{rel}","templated":true}]}}