{"id":56539,"date":"2026-01-23T05:40:09","date_gmt":"2026-01-23T09:40:09","guid":{"rendered":"https:\/\/noticiasveraces.com\/?p=56539"},"modified":"2026-01-23T05:40:09","modified_gmt":"2026-01-23T09:40:09","slug":"un-temporal-atlantico-pone-en-aviso-a-14-comunidades-este-fin-de-semana-el-tiempo-hoy-en-espana-y-en-el-mundo","status":"publish","type":"post","link":"https:\/\/noticiasveraces.com\/?p=56539","title":{"rendered":"Un temporal atl\u00e1ntico pone en aviso a 14 comunidades este fin de semana | El tiempo hoy en Espa\u00f1a y en el mundo"},"content":{"rendered":"<p> \n<\/p>\n<div data-dtm-region=\"articulo_cuerpo\">\n<p class=\"\">El tiempo no dar\u00e1 tregua este fin de semana. La borrasca Ingrid dejar\u00e1 este viernes y durante el fin de semana un importante temporal mar\u00edtimo en con avisos por lluvia, nieve, viento y grandes oleajes en 14 comunidades aut\u00f3nomas, seg\u00fan la predicci\u00f3n de la Agencia Estatal de Meteorolog\u00eda (Aemet). Galicia se encuentra en aviso rojo (peligro extraordinario) por un temporal mar\u00edtimo agitado, con una previsi\u00f3n de olas de hasta nueve metros. En concreto, A Coru\u00f1a y Pontevedra est\u00e1n en aviso rojo por olas ante la previsi\u00f3n de un mar combinado del noroeste. <\/p>\n<div class=\"raw_html\">\n<div>\n      <link rel=\"stylesheet\" href=\"https:\/\/ep00.epimg.net\/infografias\/css\/infografia\/2.0\/graficos.css\"\/>\n<div class=\"width\">\n<div style=\"min-height:450px\">\n<p>          <noscript><br \/>\n            <img decoding=\"async\" src=\"https:\/\/datawrapper.dwcdn.net\/SlFOZ\/full.png\" alt=\"\"\/><br \/>\n          <\/noscript>\n        <\/div>\n<\/p><\/div>\n<\/div>\n<\/div>\n<p class=\"\">Rub\u00e9n del Campo, portavoz de la Aemet, ha informado de que este viernes la cota de nieve bajar\u00e1 de forma acusada. En el norte peninsular podr\u00e1 nevar a partir de los 600 metros, y en Galicia y algunas zonas de Castilla y Le\u00f3n, incluso por debajo de los 500. En zonas del centro y de la meseta Sur, se esperan nevadas en forma de chubascos, con acumulaciones r\u00e1pidas que, junto al viento fuerte, pueden complicar la circulaci\u00f3n. Los avisos por nieve se registrar\u00e1n en Granada y Ja\u00e9n; Huesca y Teruel; la franja suroccidental asturiana y la Cordillera y Picos de Europa; \u00c1vila, Burgos, Palencia, Salamanca y Valladolid; Albacete, Cuenca y Guadalajara; C\u00e1ceres; A Coru\u00f1a; Sierra de Madrid, Pirineo navarro; y la Ib\u00e9rica riojana. En el sur, las precipitaciones caer\u00e1n en forma de lluvia, con temperaturas bajas.<\/p>\n<p class=\"\">El viento soplar\u00e1 con fuerza en amplias zonas del norte y del sur de la Pen\u00ednsula y en Baleares. En el litoral de Galicia y el Cant\u00e1brico se espera un temporal mar\u00edtimo importante, con olas que podr\u00e1n superar los ocho metros de altura.<\/p>\n<div class=\"raw_html\">\n<div>\n      <link rel=\"stylesheet\" href=\"https:\/\/ep00.epimg.net\/infografias\/css\/infografia\/2.0\/graficos.css\"\/>\n<div class=\"width\">\n<div style=\"min-height:450px\">\n<p>          <noscript><br \/>\n            <img decoding=\"async\" src=\"https:\/\/datawrapper.dwcdn.net\/55xfd\/full.png\" alt=\"\"\/><br \/>\n          <\/noscript>\n        <\/div>\n<\/p><\/div>\n<\/p><\/div>\n<\/div>\n<p class=\"\">El s\u00e1bado continuar\u00e1 el tiempo adverso. El temporal mar\u00edtimo seguir\u00e1 siendo intenso en Galicia, con rachas fuertes de viento, que tambi\u00e9n afectar\u00e1n al tercio sur y a buena parte del este. Las nevadas se extender\u00e1n por gran parte de la mitad norte, zonas del centro y la meseta Sur, con cotas bajas en Galicia y Castilla y Le\u00f3n. En el resto del pa\u00eds predominar\u00e1 la lluvia. Las temperaturas ser\u00e1n muy bajas, con m\u00e1ximas por debajo de los 10 grados en muchas zonas y heladas en el norte, el centro y el sur, lo que dejar\u00e1 una jornada fr\u00eda en general.<\/p>\n<p class=\"\">El domingo se espera una mejor\u00eda parcial. Las precipitaciones perder\u00e1n fuerza en la mayor parte del pa\u00eds, aunque seguir\u00e1n siendo abundantes en el Cant\u00e1brico y en zonas de monta\u00f1a. La cota de nieve comenzar\u00e1 baja y tender\u00e1 a subir, mientras que las temperaturas se recuperar\u00e1n de forma notable y volver\u00e1n a superar los 10 grados.<\/p>\n<p class=\"\">De cara a la pr\u00f3xima semana, el tiempo volver\u00e1 a estar dominado por la llegada de borrascas atl\u00e1nticas. Desde el lunes se espera un ambiente m\u00e1s lluvioso, especialmente en el noroeste, y temperaturas m\u00e1s suaves, dejando atr\u00e1s el episodio m\u00e1s fr\u00edo del fin de semana.<\/p>\n<\/div>\n\n","protected":false},"excerpt":{"rendered":"<p>El tiempo no dar\u00e1 tregua este fin de semana. La borrasca Ingrid dejar\u00e1 este viernes y durante el fin de semana un importante temporal mar\u00edtimo en con avisos por lluvia, nieve, viento y grandes oleajes en 14 comunidades aut\u00f3nomas, seg\u00fan la predicci\u00f3n de la Agencia Estatal de Meteorolog\u00eda (Aemet). Galicia se encuentra en aviso rojo &hellip;<\/p>\n","protected":false},"author":1,"featured_media":56541,"comment_status":"open","ping_status":"open","sticky":false,"template":"","format":"standard","meta":{"fifu_image_url":"https:\/\/imagenes.elpais.com\/resizer\/v2\/MCD35CVMKVEK5MOKH2HUX3NJKM.jpg?auth=08df0882c14097304ffc7f1f36261d5efdcfb6864e55dd3f8793c0d747cf9a17&width=1200","fifu_image_alt":"","footnotes":""},"categories":[11],"tags":[],"class_list":["post-56539","post","type-post","status-publish","format-standard","has-post-thumbnail","","category-viaje"],"_links":{"self":[{"href":"https:\/\/noticiasveraces.com\/index.php?rest_route=\/wp\/v2\/posts\/56539","targetHints":{"allow":["GET"]}}],"collection":[{"href":"https:\/\/noticiasveraces.com\/index.php?rest_route=\/wp\/v2\/posts"}],"about":[{"href":"https:\/\/noticiasveraces.com\/index.php?rest_route=\/wp\/v2\/types\/post"}],"author":[{"embeddable":true,"href":"https:\/\/noticiasveraces.com\/index.php?rest_route=\/wp\/v2\/users\/1"}],"replies":[{"embeddable":true,"href":"https:\/\/noticiasveraces.com\/index.php?rest_route=%2Fwp%2Fv2%2Fcomments&post=56539"}],"version-history":[{"count":0,"href":"https:\/\/noticiasveraces.com\/index.php?rest_route=\/wp\/v2\/posts\/56539\/revisions"}],"wp:featuredmedia":[{"embeddable":true,"href":"https:\/\/noticiasveraces.com\/index.php?rest_route=\/wp\/v2\/media\/56541"}],"wp:attachment":[{"href":"https:\/\/noticiasveraces.com\/index.php?rest_route=%2Fwp%2Fv2%2Fmedia&parent=56539"}],"wp:term":[{"taxonomy":"category","embeddable":true,"href":"https:\/\/noticiasveraces.com\/index.php?rest_route=%2Fwp%2Fv2%2Fcategories&post=56539"},{"taxonomy":"post_tag","embeddable":true,"href":"https:\/\/noticiasveraces.com\/index.php?rest_route=%2Fwp%2Fv2%2Ftags&post=56539"}],"curies":[{"name":"wp","href":"https:\/\/api.w.org\/{rel}","templated":true}]}}