{"id":56526,"date":"2026-01-23T02:02:04","date_gmt":"2026-01-23T06:02:04","guid":{"rendered":"https:\/\/noticiasveraces.com\/?p=56526"},"modified":"2026-01-23T02:02:04","modified_gmt":"2026-01-23T06:02:04","slug":"trump-dice-que-retirara-la-invitacion-a-carney-para-unirse-a-su-junta-de-paz-en-gaza","status":"publish","type":"post","link":"https:\/\/noticiasveraces.com\/?p=56526","title":{"rendered":"Trump dice que retirar\u00e1 la invitaci\u00f3n a Carney para unirse a su \u00abJunta de Paz\u00bb en Gaza"},"content":{"rendered":"<p> \n<\/p>\n<div>\n<p>El presidente de Estados Unidos, Donald Trump, dijo el jueves por la noche que retirar\u00e1 una invitaci\u00f3n al primer ministro Mark Carney para unirse a su iniciativa \u201cJunta de Paz\u201d para Gaza.<\/p>\n<p>Trump lanz\u00f3 la nueva iniciativa el jueves en el Foro Econ\u00f3mico Mundial, en Davos, Suiza. Su objetivo declarado es reconstruir el territorio devastado por la guerra durante un per\u00edodo de transici\u00f3n de gobernanza.<\/p>\n<p>Unos 35 pa\u00edses se han inscrito para unirse a la junta, pero Carney a\u00fan no ha dicho si Canad\u00e1 aceptar\u00e1 la invitaci\u00f3n de Trump. El primer ministro no estuvo en el lanzamiento oficial en Davos y en cambio asisti\u00f3 al primer d\u00eda de un retiro del gabinete en la ciudad de Quebec.<\/p>\n<p>En una publicaci\u00f3n en su sitio web Truth Social, Trump dijo que Carney no hab\u00eda sido invitado a unirse a la iniciativa.<\/p>\n<p>\u00abEstimado primer ministro Carney: Por favor, permita que esta carta sirva para indicar que la Junta de Paz le retira su invitaci\u00f3n con respecto a la incorporaci\u00f3n de Canad\u00e1 a la que ser\u00e1 la Junta de L\u00edderes m\u00e1s prestigiosa jam\u00e1s reunida, en cualquier momento\u00bb, escribi\u00f3 Trump en su publicaci\u00f3n.<\/p>\n<p>CBC News se comunic\u00f3 con la Oficina del Primer Ministro para solicitar comentarios.<\/p>\n<p><strong>Los aliados tradicionales de Estados Unidos rechazan la invitaci\u00f3n<\/strong><\/p>\n<p>Algunas potencias clave de Oriente Medio como Israel, Turqu\u00eda, Egipto, Arabia Saudita y Qatar se han sumado a la iniciativa de Trump. <\/p>\n<p>Pero los aliados europeos tradicionales como el Reino Unido y Francia han rechazado la invitaci\u00f3n, y Francia expres\u00f3 su preocupaci\u00f3n de que algunos de los elementos de la iniciativa fueran contrarios a la carta de la ONU.<\/p>\n<p>Muchos expertos y defensores de los derechos humanos han expresado anteriormente su preocupaci\u00f3n por la posibilidad de que Trump supervise una junta encargada de supervisar la gobernanza de un territorio extranjero.<\/p>\n<p>Trump tambi\u00e9n extendi\u00f3 una invitaci\u00f3n al presidente ruso Vladimir Putin, un paria en la mayor\u00eda de los c\u00edrculos internacionales tras la invasi\u00f3n a gran escala de Ucrania. Putin ha dicho que est\u00e1 considerando unirse a la iniciativa.<\/p>\n<p>Para asegurar un puesto permanente en la junta, se espera que los pa\u00edses desembolsen m\u00e1s de mil millones de d\u00f3lares estadounidenses.<\/p>\n<p>El Ministro de Finanzas, Fran\u00e7ois-Philippe Champagne, dijo a principios de esta semana que Ottawa no planea pagar la elevada tarifa por un lugar permanente.<\/p>\n<p>\u00abAll\u00e1 [are] Hay muchos detalles por resolver, pero una cosa que est\u00e1 clara es que Canad\u00e1 no va a pagar si nos unimos a la Junta de Paz\u201d, dijo Champagne.<\/p>\n<p><strong>La retirada de la invitaci\u00f3n se produce tras los discursos de Davos<\/strong><\/p>\n<p>La publicaci\u00f3n de Trump de no invitar a Carney a su iniciativa en Gaza se produce despu\u00e9s de que los dos l\u00edderes pronunciaran discursos en el evento en Davos.<\/p>\n<p>En su discurso del martes, Carney ofreci\u00f3 una cruda evaluaci\u00f3n del estado actual de los asuntos globales, que ha atra\u00eddo la atenci\u00f3n internacional.<\/p>\n<p>El primer ministro argument\u00f3 que las \u201cgrandes potencias\u201d \u2013como Estados Unidos\u2013 est\u00e1n utilizando la integraci\u00f3n econ\u00f3mica como \u201carmas\u201d y sostuvo que negociar bilateralmente con esos pa\u00edses pone en desventaja a las potencias medias como Canad\u00e1.<\/p>\n<p>Carney propuso que las potencias medias con ideas afines se unan para impulsar sus prioridades en el escenario mundial, incluso si es tema por tema.<\/p>\n<p>En su propio discurso en el Foro Econ\u00f3mico Mundial, Trump se quej\u00f3 de que Canad\u00e1 deber\u00eda estar \u201cagradecido\u201d con Estados Unidos.<\/p>\n<p>\u00abAyer observ\u00e9 a su primer ministro. No estaba tan agradecido; deber\u00edan estar agradecidos con Estados Unidos y Canad\u00e1. Canad\u00e1 vive gracias a Estados Unidos\u00bb, dijo Trump el mi\u00e9rcoles.<\/p>\n<p>\u201cRecuerda eso, Mark, la pr\u00f3xima vez que hagas tus declaraciones\u201d, dijo Trump en referencia al discurso de Carney, aunque el primer ministro ya hab\u00eda abandonado Davos en ese momento.<\/p>\n<p><strong>&#39;Canad\u00e1 prospera porque somos canadienses&#39;<\/strong><\/p>\n<p>Carney respondi\u00f3 al presidente el jueves por la tarde, en un discurso pronunciado en el retiro del gabinete de su gobierno.<\/p>\n<p>\u00abCanad\u00e1 y Estados Unidos han construido una asociaci\u00f3n notable en econom\u00eda, seguridad y rico intercambio cultural. Pero Canad\u00e1 no vive gracias a Estados Unidos\u00bb, afirm\u00f3.<\/p>\n<p>\u00abCanad\u00e1 prospera porque somos canadienses\u00bb.<\/p>\n<p>La disputa ret\u00f3rica entre los dos l\u00edderes se produce mientras Canad\u00e1, Estados Unidos y M\u00e9xico se preparan para revisar el acuerdo comercial trilateral, conocido en Canad\u00e1 como Acuerdo Canad\u00e1-Estados Unidos-M\u00e9xico (CUSMA), a finales de este a\u00f1o.<\/p>\n<p><strong>Fuente: CBC<\/strong><\/p>\n<p><em>&#8211;Agencias<\/em><\/p>\n<\/p><\/div>\n\n","protected":false},"excerpt":{"rendered":"<p>El presidente de Estados Unidos, Donald Trump, dijo el jueves por la noche que retirar\u00e1 una invitaci\u00f3n al primer ministro Mark Carney para unirse a su iniciativa \u201cJunta de Paz\u201d para Gaza. Trump lanz\u00f3 la nueva iniciativa el jueves en el Foro Econ\u00f3mico Mundial, en Davos, Suiza. Su objetivo declarado es reconstruir el territorio devastado &hellip;<\/p>\n","protected":false},"author":1,"featured_media":56527,"comment_status":"open","ping_status":"open","sticky":false,"template":"","format":"standard","meta":{"fifu_image_url":"https:\/\/adaderanaenglish.s3.amazonaws.com\/1769147406-canada-6.jpg","fifu_image_alt":"","footnotes":""},"categories":[13],"tags":[],"class_list":["post-56526","post","type-post","status-publish","format-standard","has-post-thumbnail","","category-mundo"],"_links":{"self":[{"href":"https:\/\/noticiasveraces.com\/index.php?rest_route=\/wp\/v2\/posts\/56526","targetHints":{"allow":["GET"]}}],"collection":[{"href":"https:\/\/noticiasveraces.com\/index.php?rest_route=\/wp\/v2\/posts"}],"about":[{"href":"https:\/\/noticiasveraces.com\/index.php?rest_route=\/wp\/v2\/types\/post"}],"author":[{"embeddable":true,"href":"https:\/\/noticiasveraces.com\/index.php?rest_route=\/wp\/v2\/users\/1"}],"replies":[{"embeddable":true,"href":"https:\/\/noticiasveraces.com\/index.php?rest_route=%2Fwp%2Fv2%2Fcomments&post=56526"}],"version-history":[{"count":0,"href":"https:\/\/noticiasveraces.com\/index.php?rest_route=\/wp\/v2\/posts\/56526\/revisions"}],"wp:featuredmedia":[{"embeddable":true,"href":"https:\/\/noticiasveraces.com\/index.php?rest_route=\/wp\/v2\/media\/56527"}],"wp:attachment":[{"href":"https:\/\/noticiasveraces.com\/index.php?rest_route=%2Fwp%2Fv2%2Fmedia&parent=56526"}],"wp:term":[{"taxonomy":"category","embeddable":true,"href":"https:\/\/noticiasveraces.com\/index.php?rest_route=%2Fwp%2Fv2%2Fcategories&post=56526"},{"taxonomy":"post_tag","embeddable":true,"href":"https:\/\/noticiasveraces.com\/index.php?rest_route=%2Fwp%2Fv2%2Ftags&post=56526"}],"curies":[{"name":"wp","href":"https:\/\/api.w.org\/{rel}","templated":true}]}}