{"id":56513,"date":"2026-01-22T23:37:22","date_gmt":"2026-01-23T03:37:22","guid":{"rendered":"https:\/\/noticiasveraces.com\/?p=56513"},"modified":"2026-01-22T23:37:22","modified_gmt":"2026-01-23T03:37:22","slug":"isbemar-jimenez-es-la-nueva-presidenta-de-rnv","status":"publish","type":"post","link":"https:\/\/noticiasveraces.com\/?p=56513","title":{"rendered":"Isbemar Jim\u00e9nez es la nueva presidenta de RNV"},"content":{"rendered":"<p> \n<\/p>\n<div data-td-block-uid=\"tdi_110\">\n<div class=\"tdb-block-inner td-fix-index\">\n<p>El Ejecutivo Nacional oficializ\u00f3 el nombramiento de la periodista Isbemar Jim\u00e9nez Correa como nueva presidenta de la compa\u00f1\u00eda an\u00f3nima Radio Nacional de Venezuela (RNV), seg\u00fan lo estipulado en el decreto n\u00famero 5.222 del pasado martes 20 de enero. El documento fue suscrito por Delcy Rodr\u00edguez G\u00f3mez en su car\u00e1cter de presidenta encargada de la Rep\u00fablica.<\/p>\n<p>La designaci\u00f3n, publicada en el art\u00edculo cuarto de la Gaceta Oficial n\u00famero 43.299, coloca a Jim\u00e9nez al frente del ente adscrito al Ministerio del Poder Popular para la Comunicaci\u00f3n e Informaci\u00f3n. De esta manera, la funcionaria asume las competencias legales inherentes al cargo a partir de la publicaci\u00f3n del decreto.<\/p>\n<p>Con una s\u00f3lida trayectoria en medios como periodista y productora, Jim\u00e9nez tambi\u00e9n se ha destacado en el \u00e1mbito acad\u00e9mico como profesora universitaria. En su perfil de la red social X se describe a s\u00ed misma como \u00abbolivariana, mirandina, chavista y salsera 100%. Periodista y analista militante de la Revoluci\u00f3n Bolivariana\u00bb.<\/p>\n<p>En su nueva gesti\u00f3n, Jim\u00e9nez seguir\u00e1 las directrices de Miguel \u00c1ngel P\u00e9rez Pirela, recientemente designado ministro de Comunicaci\u00f3n e Informaci\u00f3n.<\/p>\n<\/div>\n<\/div>\n\n","protected":false},"excerpt":{"rendered":"<p>El Ejecutivo Nacional oficializ\u00f3 el nombramiento de la periodista Isbemar Jim\u00e9nez Correa como nueva presidenta de la compa\u00f1\u00eda an\u00f3nima Radio Nacional de Venezuela (RNV), seg\u00fan lo estipulado en el decreto n\u00famero 5.222 del pasado martes 20 de enero. El documento fue suscrito por Delcy Rodr\u00edguez G\u00f3mez en su car\u00e1cter de presidenta encargada de la Rep\u00fablica. &hellip;<\/p>\n","protected":false},"author":1,"featured_media":56514,"comment_status":"open","ping_status":"open","sticky":false,"template":"","format":"standard","meta":{"fifu_image_url":"https:\/\/ultimasnoticias.com.ve\/wp-content\/uploads\/2026\/01\/Isbemar-jimenez-1.jpg","fifu_image_alt":"","footnotes":""},"categories":[4],"tags":[],"class_list":["post-56513","post","type-post","status-publish","format-standard","has-post-thumbnail","","category-historias-destacadas"],"_links":{"self":[{"href":"https:\/\/noticiasveraces.com\/index.php?rest_route=\/wp\/v2\/posts\/56513","targetHints":{"allow":["GET"]}}],"collection":[{"href":"https:\/\/noticiasveraces.com\/index.php?rest_route=\/wp\/v2\/posts"}],"about":[{"href":"https:\/\/noticiasveraces.com\/index.php?rest_route=\/wp\/v2\/types\/post"}],"author":[{"embeddable":true,"href":"https:\/\/noticiasveraces.com\/index.php?rest_route=\/wp\/v2\/users\/1"}],"replies":[{"embeddable":true,"href":"https:\/\/noticiasveraces.com\/index.php?rest_route=%2Fwp%2Fv2%2Fcomments&post=56513"}],"version-history":[{"count":0,"href":"https:\/\/noticiasveraces.com\/index.php?rest_route=\/wp\/v2\/posts\/56513\/revisions"}],"wp:featuredmedia":[{"embeddable":true,"href":"https:\/\/noticiasveraces.com\/index.php?rest_route=\/wp\/v2\/media\/56514"}],"wp:attachment":[{"href":"https:\/\/noticiasveraces.com\/index.php?rest_route=%2Fwp%2Fv2%2Fmedia&parent=56513"}],"wp:term":[{"taxonomy":"category","embeddable":true,"href":"https:\/\/noticiasveraces.com\/index.php?rest_route=%2Fwp%2Fv2%2Fcategories&post=56513"},{"taxonomy":"post_tag","embeddable":true,"href":"https:\/\/noticiasveraces.com\/index.php?rest_route=%2Fwp%2Fv2%2Ftags&post=56513"}],"curies":[{"name":"wp","href":"https:\/\/api.w.org\/{rel}","templated":true}]}}