{"id":56493,"date":"2026-01-22T21:35:05","date_gmt":"2026-01-23T01:35:05","guid":{"rendered":"https:\/\/noticiasveraces.com\/?p=56493"},"modified":"2026-01-22T21:35:05","modified_gmt":"2026-01-23T01:35:05","slug":"la-princesa-charlene-sorprende-a-sus-fans-con-su-nuevo-cabello-despues-de-15-anos-real-noticias","status":"publish","type":"post","link":"https:\/\/noticiasveraces.com\/?p=56493","title":{"rendered":"La princesa Charlene sorprende a sus fans con su nuevo cabello despu\u00e9s de 15 a\u00f1os | Real | Noticias"},"content":{"rendered":"<p> \n<\/p>\n<div>\n<p>La princesa Charlene de M\u00f3naco estren\u00f3 un nuevo peinado mientras llevaba a cabo su primer compromiso de 2026 esta semana. La esposa del Pr\u00edncipe Alberto se uni\u00f3 al resto de la familia real monegasca en la inauguraci\u00f3n de un nuevo parque infantil cubierto en M\u00f3naco. Charlene estuvo acompa\u00f1ada por su cu\u00f1ada, la princesa Estefan\u00eda, que estaba all\u00ed con dos de sus hijos, Camille Gottlieb y Louis Ducruet. El nuevo parque infantil, llamado Little Wonders, est\u00e1 dedicado a los ni\u00f1os y sus familias, seg\u00fan inform\u00f3 el Palacio del Pr\u00edncipe.<\/p>\n<\/div>\n<div>\n<p>Fue fundada por la esposa de Louis, Marie Ducruet y Elise Rouillard con el objetivo de \u201cestimular el despertar, la creatividad y la curiosidad de los ni\u00f1os de 0 a 7 a\u00f1os\u201d. Las hijas de Louis y Marie, Victoire y Constance, fueron las primeras en probar el nuevo parque infantil, que se abrir\u00e1 oficialmente al p\u00fablico dentro de unos d\u00edas.<\/p>\n<\/div>\n<div>\n<p>Charlene se ve\u00eda incre\u00edble con pantalones azul marino de pierna ancha y una chaqueta color crema.<\/p>\n<\/div>\n<div>\n<p>Pero fue su cabello largo el que se rob\u00f3 la atenci\u00f3n, ya que es el m\u00e1s largo desde que se cas\u00f3 con Albert en 2011.<\/p>\n<\/div>\n<div>\n<p>La princesa llevaba el pelo suelto y peinado hacia atr\u00e1s detr\u00e1s de las orejas y manten\u00eda su maquillaje fresco y brillante.<\/p>\n<\/div>\n<div>\n<p>Ella tambi\u00e9n luc\u00eda una raya al medio.<\/p>\n<\/div>\n<div>\n<p>Charlene era conocida por su famoso corte de duendecillo s\u00faper corto y este largo hasta los hombros es el m\u00e1s largo que ha tenido desde 2011.<\/p>\n<\/div>\n<div>\n<p>Ha pasado por varias transformaciones de cabello, incluido afeitarse la mitad y te\u00f1irlo de marr\u00f3n; sin embargo, su cabello corto siempre ha sido su estilo caracter\u00edstico.<\/p>\n<\/div>\n\n","protected":false},"excerpt":{"rendered":"<p>La princesa Charlene de M\u00f3naco estren\u00f3 un nuevo peinado mientras llevaba a cabo su primer compromiso de 2026 esta semana. La esposa del Pr\u00edncipe Alberto se uni\u00f3 al resto de la familia real monegasca en la inauguraci\u00f3n de un nuevo parque infantil cubierto en M\u00f3naco. Charlene estuvo acompa\u00f1ada por su cu\u00f1ada, la princesa Estefan\u00eda, que &hellip;<\/p>\n","protected":false},"author":1,"featured_media":56494,"comment_status":"open","ping_status":"open","sticky":false,"template":"","format":"standard","meta":{"fifu_image_url":"https:\/\/cdn.images.express.co.uk\/img\/dynamic\/106\/1200x630\/6693326.jpg","fifu_image_alt":"","footnotes":""},"categories":[10],"tags":[],"class_list":["post-56493","post","type-post","status-publish","format-standard","has-post-thumbnail","","category-moda"],"_links":{"self":[{"href":"https:\/\/noticiasveraces.com\/index.php?rest_route=\/wp\/v2\/posts\/56493","targetHints":{"allow":["GET"]}}],"collection":[{"href":"https:\/\/noticiasveraces.com\/index.php?rest_route=\/wp\/v2\/posts"}],"about":[{"href":"https:\/\/noticiasveraces.com\/index.php?rest_route=\/wp\/v2\/types\/post"}],"author":[{"embeddable":true,"href":"https:\/\/noticiasveraces.com\/index.php?rest_route=\/wp\/v2\/users\/1"}],"replies":[{"embeddable":true,"href":"https:\/\/noticiasveraces.com\/index.php?rest_route=%2Fwp%2Fv2%2Fcomments&post=56493"}],"version-history":[{"count":0,"href":"https:\/\/noticiasveraces.com\/index.php?rest_route=\/wp\/v2\/posts\/56493\/revisions"}],"wp:featuredmedia":[{"embeddable":true,"href":"https:\/\/noticiasveraces.com\/index.php?rest_route=\/wp\/v2\/media\/56494"}],"wp:attachment":[{"href":"https:\/\/noticiasveraces.com\/index.php?rest_route=%2Fwp%2Fv2%2Fmedia&parent=56493"}],"wp:term":[{"taxonomy":"category","embeddable":true,"href":"https:\/\/noticiasveraces.com\/index.php?rest_route=%2Fwp%2Fv2%2Fcategories&post=56493"},{"taxonomy":"post_tag","embeddable":true,"href":"https:\/\/noticiasveraces.com\/index.php?rest_route=%2Fwp%2Fv2%2Ftags&post=56493"}],"curies":[{"name":"wp","href":"https:\/\/api.w.org\/{rel}","templated":true}]}}