{"id":56488,"date":"2026-01-22T19:54:44","date_gmt":"2026-01-22T23:54:44","guid":{"rendered":"https:\/\/noticiasveraces.com\/?p=56488"},"modified":"2026-01-22T19:54:44","modified_gmt":"2026-01-22T23:54:44","slug":"murio-el-periodista-walter-martinez","status":"publish","type":"post","link":"https:\/\/noticiasveraces.com\/?p=56488","title":{"rendered":"Muri\u00f3 el periodista Walter Mart\u00ednez"},"content":{"rendered":"<p> \n<\/p>\n<div>\n<p>El ministro de Comunicaci\u00f3n e Informaci\u00f3n, Miguel \u00c1ngel P\u00e9rez Pirela, anunci\u00f3 en su canal de Telegram el fallecimiento del periodista Walter Mart\u00ednez, quien por a\u00f1os se destac\u00f3 por sus acertados an\u00e1lisis de pol\u00edtica internacional.<\/p>\n<p>Pirela anunci\u00f3 el deceso del comunicador de amplia trayectoria con estas palabras: \u00abHa partido de nuestra querida, contaminada y \u00fanica nave espacial, Walter Mart\u00ednez\u00bb, e hizo una descripci\u00f3n del comunicador y su trabajo.<\/p>\n<p>\u00abWalter consolid\u00f3 un estilo \u00fanico, fundamentado en el rigor acad\u00e9mico y una capacidad excepcional para descifrar la geopol\u00edtica global. A trav\u00e9s de su trabajo, acerc\u00f3 realidades distantes a los hogares venezolanos, permitiendo que la audiencia comprendiera los acontecimientos \u00aben pleno desarrollo\u00bb con una profundidad poco com\u00fan en la televisi\u00f3n convencional\u00bb, afirm\u00f3.<\/p>\n<p>Pirela a\u00f1adi\u00f3 que \u00absu legado permanece en su compromiso con la verdad y en la defensa constante del pensamiento cr\u00edtico; siempre mantuvo una postura firme en favor de la soberan\u00eda de los pueblos, convirti\u00e9ndose en un referente \u00e9tico para las nuevas generaciones de comunicadores\u00bb.<\/p>\n<p>Expres\u00f3 en nombre de la presidenta encargada Delcy Rodr\u00edguez, y el Gobierno bolivariano: \u00abNuestras m\u00e1s sinceras condolencias a sus familiares, amigos y colegas. Honramos su memoria, su disciplina y la lucidez que caracterizaron cada una de sus intervenciones\u00bb.<\/p>\n<p>\u00abDisponga usted de la c\u00e1mara, querido Walter\u00bb, finaliz\u00f3 el titular de Comunicaci\u00f3n e Informaci\u00f3n.<\/p>\n<h2 id=\"trayectoria-period-iacute-stica\" class=\"wp-block-heading\">Trayectoria period\u00edstica<\/h2>\n<p>Walter Mart\u00ednez naci\u00f3 en Montevideo (Uruguay) el 6 de abril de 1941. Fue conductor por a\u00f1os, y en diversos medios, del programa de an\u00e1lisis Dossier, donde desarroll\u00f3 un estilo anal\u00edtico que abri\u00f3 puertas para programas similares en la televisi\u00f3n venezolana. Mart\u00ednez se desempe\u00f1\u00f3 por 25 a\u00f1os como corresponsal en la Organizaci\u00f3n de las Naciones Unidas (ONU).<\/p>\n<p>Lleg\u00f3 a Venezuela en 1969, donde se estableci\u00f3 y se nacionaliz\u00f3. Fue corresponsal de guerra en Irak, Ir\u00e1n, El Salvador y L\u00edbano (donde fue el primer periodista latinoamericano en ese frente de guerra). Tambi\u00e9n cubri\u00f3 conflictos en Nicaragua, la invasi\u00f3n estadounidense a Panam\u00e1, los golpes de Estado en Bolivia, maniobras de la Otan durante la Guerra Fr\u00eda y operaciones en portaaviones nucleares.<\/p>\n<h3 id=\"premios-recibidos\" class=\"wp-block-heading\">Premios recibidos<\/h3>\n<p>Walter Mart\u00ednez obtuvo nueve premios nacionales de periodismo en Venezuela: seis individuales y tres en equipo. Tambi\u00e9n recibi\u00f3 el Premio \u00danico Sim\u00f3n Bol\u00edvar de Periodismo en el a\u00f1o 2016. Le fue otorgada la Distinci\u00f3n F\u00e9lix Elmuza, reconocimiento concedido por la Uni\u00f3n de Periodistas de Cuba.<\/p>\n<p>Entre las personalidades que fueron entrevistadas por Mart\u00ednez figuran la Madre Teresa de Calcuta, Fidel Castro, Hugo Ch\u00e1vez, Yasser Arafat (l\u00edder de la OLP) y Muamar el Gadafi, entre otras.<\/p>\n<p>El estilo de Mart\u00ednez era \u00fanico en la televisi\u00f3n venezolana, ya que no se circunscrib\u00eda \u00fanicamente al an\u00e1lisis geopol\u00edtico, sino que tambi\u00e9n integraba aspectos t\u00e9cnico-t\u00e1cticos sobre el armamento utilizado y la log\u00edstica en los conflictos.<\/p>\n<\/div>\n\n","protected":false},"excerpt":{"rendered":"<p>El ministro de Comunicaci\u00f3n e Informaci\u00f3n, Miguel \u00c1ngel P\u00e9rez Pirela, anunci\u00f3 en su canal de Telegram el fallecimiento del periodista Walter Mart\u00ednez, quien por a\u00f1os se destac\u00f3 por sus acertados an\u00e1lisis de pol\u00edtica internacional. Pirela anunci\u00f3 el deceso del comunicador de amplia trayectoria con estas palabras: \u00abHa partido de nuestra querida, contaminada y \u00fanica nave &hellip;<\/p>\n","protected":false},"author":1,"featured_media":56489,"comment_status":"open","ping_status":"open","sticky":false,"template":"","format":"standard","meta":{"fifu_image_url":"https:\/\/ultimasnoticias.com.ve\/wp-content\/uploads\/2026\/01\/walter-martinez.jpeg","fifu_image_alt":"","footnotes":""},"categories":[13],"tags":[],"class_list":["post-56488","post","type-post","status-publish","format-standard","has-post-thumbnail","","category-mundo"],"_links":{"self":[{"href":"https:\/\/noticiasveraces.com\/index.php?rest_route=\/wp\/v2\/posts\/56488","targetHints":{"allow":["GET"]}}],"collection":[{"href":"https:\/\/noticiasveraces.com\/index.php?rest_route=\/wp\/v2\/posts"}],"about":[{"href":"https:\/\/noticiasveraces.com\/index.php?rest_route=\/wp\/v2\/types\/post"}],"author":[{"embeddable":true,"href":"https:\/\/noticiasveraces.com\/index.php?rest_route=\/wp\/v2\/users\/1"}],"replies":[{"embeddable":true,"href":"https:\/\/noticiasveraces.com\/index.php?rest_route=%2Fwp%2Fv2%2Fcomments&post=56488"}],"version-history":[{"count":0,"href":"https:\/\/noticiasveraces.com\/index.php?rest_route=\/wp\/v2\/posts\/56488\/revisions"}],"wp:featuredmedia":[{"embeddable":true,"href":"https:\/\/noticiasveraces.com\/index.php?rest_route=\/wp\/v2\/media\/56489"}],"wp:attachment":[{"href":"https:\/\/noticiasveraces.com\/index.php?rest_route=%2Fwp%2Fv2%2Fmedia&parent=56488"}],"wp:term":[{"taxonomy":"category","embeddable":true,"href":"https:\/\/noticiasveraces.com\/index.php?rest_route=%2Fwp%2Fv2%2Fcategories&post=56488"},{"taxonomy":"post_tag","embeddable":true,"href":"https:\/\/noticiasveraces.com\/index.php?rest_route=%2Fwp%2Fv2%2Ftags&post=56488"}],"curies":[{"name":"wp","href":"https:\/\/api.w.org\/{rel}","templated":true}]}}