{"id":56485,"date":"2026-01-22T18:53:50","date_gmt":"2026-01-22T22:53:50","guid":{"rendered":"https:\/\/noticiasveraces.com\/?p=56485"},"modified":"2026-01-22T18:53:50","modified_gmt":"2026-01-22T22:53:50","slug":"convocaron-una-vigilia-nacional-para-exigir-la-liberacion-de-todos-los-presos-politicos-en-venezuela-el-diario-venezuela","status":"publish","type":"post","link":"https:\/\/noticiasveraces.com\/?p=56485","title":{"rendered":"Convocaron una vigilia nacional para exigir la liberaci\u00f3n de todos los presos pol\u00edticos en Venezuela &#8211; El Diario Venezuela"},"content":{"rendered":"<p> \n<\/p>\n<div>\n<p>El Comit\u00e9 por la Libertad de los Presos Pol\u00edticos (Clippve) convoc\u00f3 una <strong>\u201cjornada especial de vigilia<em>\u00ab<\/em><\/strong>  para el viernes 23 de enero, con el objetivo de exigir la libertad de todas las personas detenidas por motivos pol\u00edticos, en distintos puntos de Venezuela. La actividad est\u00e1 prevista a partir de las 6:00 pm, tanto <strong>en las adyacencias de los centros de reclusi\u00f3n<\/strong> donde permanecen apostadas las familias como en \u201c<strong>lugares de fe<\/strong>\u201d en todo el territorio nacional.<\/p>\n<p>La convocatoria surge luego de que transcurrieran 15 d\u00edas desde el anuncio realizado el 8 de enero por el presidente de la Asamblea Nacional, Jorge Rodr\u00edguez, en el que se habl\u00f3 de un \u201cn\u00famero importante de liberaciones\u201d.<\/p>\n<p>\u201cEl proceso ha sido extremadamente<strong> lento, opaco, discrecional y clandestino<\/strong>profundizando la angustia, el dolor y el desgaste f\u00edsico y emocional de las v\u00edctimas, constituy\u00e9ndose en una nueva forma de violencia institucional\u201d, expres\u00f3 la organizaci\u00f3n en su cuenta de X.<\/p>\n<figure class=\"wp-block-image size-large\"><picture fetchpriority=\"high\" decoding=\"async\" class=\"wp-image-840307\"><source type=\"image\/webp\" srcset=\"https:\/\/eldiario.com\/wp-content\/uploads\/2026\/01\/Diseno-sin-titulo-4-2-1200x800.jpg.webp 1200w, https:\/\/eldiario.com\/wp-content\/uploads\/2026\/01\/Diseno-sin-titulo-4-2-300x200.jpg.webp 300w, https:\/\/eldiario.com\/wp-content\/uploads\/2026\/01\/Diseno-sin-titulo-4-2-768x512.jpg.webp 768w, https:\/\/eldiario.com\/wp-content\/uploads\/2026\/01\/Diseno-sin-titulo-4-2-1536x1024.jpg.webp 1536w, https:\/\/eldiario.com\/wp-content\/uploads\/2026\/01\/Diseno-sin-titulo-4-2-330x220.jpg.webp 330w, https:\/\/eldiario.com\/wp-content\/uploads\/2026\/01\/Diseno-sin-titulo-4-2-420x280.jpg.webp 420w, https:\/\/eldiario.com\/wp-content\/uploads\/2026\/01\/Diseno-sin-titulo-4-2-615x410.jpg.webp 615w, https:\/\/eldiario.com\/wp-content\/uploads\/2026\/01\/Diseno-sin-titulo-4-2-860x574.jpg.webp 860w, https:\/\/eldiario.com\/wp-content\/uploads\/2026\/01\/Diseno-sin-titulo-4-2-150x100.jpg.webp 150w, https:\/\/eldiario.com\/wp-content\/uploads\/2026\/01\/Diseno-sin-titulo-4-2.jpg.webp 1600w\" sizes=\"(max-width: 1200px) 100vw, 1200px\"\/><img fetchpriority=\"high\" decoding=\"async\" width=\"1200\" height=\"800\" src=\"https:\/\/eldiario.com\/wp-content\/uploads\/2026\/01\/Diseno-sin-titulo-4-2-1200x800.jpg\" alt=\"Convocaron una vigilia nacional para exigir la liberaci\u00f3n de todos los presos pol\u00edticos en Venezuela\" srcset=\"https:\/\/eldiario.com\/wp-content\/uploads\/2026\/01\/Diseno-sin-titulo-4-2-1200x800.jpg 1200w, https:\/\/eldiario.com\/wp-content\/uploads\/2026\/01\/Diseno-sin-titulo-4-2-300x200.jpg 300w, https:\/\/eldiario.com\/wp-content\/uploads\/2026\/01\/Diseno-sin-titulo-4-2-768x512.jpg 768w, https:\/\/eldiario.com\/wp-content\/uploads\/2026\/01\/Diseno-sin-titulo-4-2-1536x1024.jpg 1536w, https:\/\/eldiario.com\/wp-content\/uploads\/2026\/01\/Diseno-sin-titulo-4-2-330x220.jpg 330w, https:\/\/eldiario.com\/wp-content\/uploads\/2026\/01\/Diseno-sin-titulo-4-2-420x280.jpg 420w, https:\/\/eldiario.com\/wp-content\/uploads\/2026\/01\/Diseno-sin-titulo-4-2-615x410.jpg 615w, https:\/\/eldiario.com\/wp-content\/uploads\/2026\/01\/Diseno-sin-titulo-4-2-860x574.jpg 860w, https:\/\/eldiario.com\/wp-content\/uploads\/2026\/01\/Diseno-sin-titulo-4-2-150x100.jpg 150w, https:\/\/eldiario.com\/wp-content\/uploads\/2026\/01\/Diseno-sin-titulo-4-2.jpg 1600w\" sizes=\"(max-width: 1200px) 100vw, 1200px\"\/>\n<\/picture>\n<\/figure>\n<p>El Clippve asegur\u00f3 que, frente a las exigencias de libertad plena y el cierre de los \u201ccentros de tortura\u201d, las autoridades han respondido con \u201c<strong>hostigamiento, vigilancia ilegal y obstaculizaci\u00f3n de acciones de fe<\/strong>\u201d contra los familiares y allegados de los presos pol\u00edticos, quienes pernoctan a las afueras de los centros de reclusi\u00f3n en espera de informaci\u00f3n sobre sus parientes.<\/p>\n<p>Pese a este escenario, los convocantes reiteraron que mantendr\u00e1n la lucha de manera pac\u00edfica, solidaria y constitucional, e invitaron a la ciudadan\u00eda a acompa\u00f1arlos en esta vigilia nacional.<\/p>\n<h2 class=\"wp-block-heading\" id=\"h-vigilias-y-denuncias-de-hostigamiento\"><strong>Vigilias y denuncias de hostigamiento<\/strong><\/h2>\n<p>Las vigilias a las afueras de varios centros de detenci\u00f3n en Venezuela comenzaron el 8 de enero, tras el anuncio de Jorge Rodr\u00edguez. Desde entonces, las personas han dormido en el suelo, en carpas o sobre colchones donados por otros ciudadanos, mientras esperan informaci\u00f3n, fe de vida o la liberaci\u00f3n de sus familiares detenidos por razones pol\u00edticas.<\/p>\n<p>Algunas de las sedes donde permanecen los familiares son <strong>El Helicoide y la Zona 7 de Bole\u00edta, en Caracas; Rodeo I y Yare, en Miranda; y el Internado Judicial de Tocuyito, en Carabobo<\/strong>. En estos espacios, los manifestantes han realizado diversas actividades como forma de protesta para exigir la liberaci\u00f3n de sus seres queridos.<\/p>\n<figure class=\"wp-block-image size-large\"><picture decoding=\"async\" class=\"wp-image-840061\"><source type=\"image\/webp\" srcset=\"https:\/\/eldiario.com\/wp-content\/uploads\/2026\/01\/0e1d029cb4342d002dbea901c82fdfffd42afee3-1200x800.jpg.webp 1200w, https:\/\/eldiario.com\/wp-content\/uploads\/2026\/01\/0e1d029cb4342d002dbea901c82fdfffd42afee3-300x200.jpg.webp 300w, https:\/\/eldiario.com\/wp-content\/uploads\/2026\/01\/0e1d029cb4342d002dbea901c82fdfffd42afee3-768x512.jpg.webp 768w, https:\/\/eldiario.com\/wp-content\/uploads\/2026\/01\/0e1d029cb4342d002dbea901c82fdfffd42afee3-1536x1024.jpg.webp 1536w, https:\/\/eldiario.com\/wp-content\/uploads\/2026\/01\/0e1d029cb4342d002dbea901c82fdfffd42afee3-330x220.jpg.webp 330w, https:\/\/eldiario.com\/wp-content\/uploads\/2026\/01\/0e1d029cb4342d002dbea901c82fdfffd42afee3-420x280.jpg.webp 420w, https:\/\/eldiario.com\/wp-content\/uploads\/2026\/01\/0e1d029cb4342d002dbea901c82fdfffd42afee3-615x410.jpg.webp 615w, https:\/\/eldiario.com\/wp-content\/uploads\/2026\/01\/0e1d029cb4342d002dbea901c82fdfffd42afee3-860x574.jpg.webp 860w, https:\/\/eldiario.com\/wp-content\/uploads\/2026\/01\/0e1d029cb4342d002dbea901c82fdfffd42afee3-150x100.jpg.webp 150w, https:\/\/eldiario.com\/wp-content\/uploads\/2026\/01\/0e1d029cb4342d002dbea901c82fdfffd42afee3.jpg.webp 1600w\" sizes=\"(max-width: 1200px) 100vw, 1200px\"\/><img loading=\"lazy\" decoding=\"async\" width=\"1200\" height=\"800\" src=\"https:\/\/eldiario.com\/wp-content\/uploads\/2026\/01\/0e1d029cb4342d002dbea901c82fdfffd42afee3-1200x800.jpg\" alt=\" pide publicaci\u00f3n de lista de excarcelados tras promesa del Parlamento\" srcset=\"https:\/\/eldiario.com\/wp-content\/uploads\/2026\/01\/0e1d029cb4342d002dbea901c82fdfffd42afee3-1200x800.jpg 1200w, https:\/\/eldiario.com\/wp-content\/uploads\/2026\/01\/0e1d029cb4342d002dbea901c82fdfffd42afee3-300x200.jpg 300w, https:\/\/eldiario.com\/wp-content\/uploads\/2026\/01\/0e1d029cb4342d002dbea901c82fdfffd42afee3-768x512.jpg 768w, https:\/\/eldiario.com\/wp-content\/uploads\/2026\/01\/0e1d029cb4342d002dbea901c82fdfffd42afee3-1536x1024.jpg 1536w, https:\/\/eldiario.com\/wp-content\/uploads\/2026\/01\/0e1d029cb4342d002dbea901c82fdfffd42afee3-330x220.jpg 330w, https:\/\/eldiario.com\/wp-content\/uploads\/2026\/01\/0e1d029cb4342d002dbea901c82fdfffd42afee3-420x280.jpg 420w, https:\/\/eldiario.com\/wp-content\/uploads\/2026\/01\/0e1d029cb4342d002dbea901c82fdfffd42afee3-615x410.jpg 615w, https:\/\/eldiario.com\/wp-content\/uploads\/2026\/01\/0e1d029cb4342d002dbea901c82fdfffd42afee3-860x574.jpg 860w, https:\/\/eldiario.com\/wp-content\/uploads\/2026\/01\/0e1d029cb4342d002dbea901c82fdfffd42afee3-150x100.jpg 150w, https:\/\/eldiario.com\/wp-content\/uploads\/2026\/01\/0e1d029cb4342d002dbea901c82fdfffd42afee3.jpg 1600w\" sizes=\"auto, (max-width: 1200px) 100vw, 1200px\"\/>\n<\/picture><figcaption class=\"wp-element-caption\">EFE\/Ronald Rock R<\/figcaption><\/figure>\n<p>En el centro de reclusi\u00f3n Zona 7, espec\u00edficamente, los familiares han denunciado la presencia de contingentes policiales, el bloqueo del acceso al comando y la instalaci\u00f3n de c\u00e1maras de vigilancia, acciones que \u2014a su juicio\u2014 vulneran sus derechos.<\/p>\n<p>De acuerdo con el Foro Penal, hasta el 19 de enero se reportaba un total de <strong>777 presos pol\u00edticos<\/strong>de los cuales <strong>60 permanecen con paradero desconocido<\/strong> y <strong>70 son extranjeros<\/strong>.<\/p>\n<p><!-- CONTENT END 1 -->\n<\/div>\n\n","protected":false},"excerpt":{"rendered":"<p>El Comit\u00e9 por la Libertad de los Presos Pol\u00edticos (Clippve) convoc\u00f3 una \u201cjornada especial de vigilia\u00ab para el viernes 23 de enero, con el objetivo de exigir la libertad de todas las personas detenidas por motivos pol\u00edticos, en distintos puntos de Venezuela. La actividad est\u00e1 prevista a partir de las 6:00 pm, tanto en las &hellip;<\/p>\n","protected":false},"author":1,"featured_media":56487,"comment_status":"open","ping_status":"open","sticky":false,"template":"","format":"standard","meta":{"fifu_image_url":"https:\/\/eldiario.com\/wp-content\/uploads\/2026\/01\/d91aace530e6468d010a0674a19667fb2a2ef45c.jpg","fifu_image_alt":"","footnotes":""},"categories":[13],"tags":[],"class_list":["post-56485","post","type-post","status-publish","format-standard","has-post-thumbnail","","category-mundo"],"_links":{"self":[{"href":"https:\/\/noticiasveraces.com\/index.php?rest_route=\/wp\/v2\/posts\/56485","targetHints":{"allow":["GET"]}}],"collection":[{"href":"https:\/\/noticiasveraces.com\/index.php?rest_route=\/wp\/v2\/posts"}],"about":[{"href":"https:\/\/noticiasveraces.com\/index.php?rest_route=\/wp\/v2\/types\/post"}],"author":[{"embeddable":true,"href":"https:\/\/noticiasveraces.com\/index.php?rest_route=\/wp\/v2\/users\/1"}],"replies":[{"embeddable":true,"href":"https:\/\/noticiasveraces.com\/index.php?rest_route=%2Fwp%2Fv2%2Fcomments&post=56485"}],"version-history":[{"count":0,"href":"https:\/\/noticiasveraces.com\/index.php?rest_route=\/wp\/v2\/posts\/56485\/revisions"}],"wp:featuredmedia":[{"embeddable":true,"href":"https:\/\/noticiasveraces.com\/index.php?rest_route=\/wp\/v2\/media\/56487"}],"wp:attachment":[{"href":"https:\/\/noticiasveraces.com\/index.php?rest_route=%2Fwp%2Fv2%2Fmedia&parent=56485"}],"wp:term":[{"taxonomy":"category","embeddable":true,"href":"https:\/\/noticiasveraces.com\/index.php?rest_route=%2Fwp%2Fv2%2Fcategories&post=56485"},{"taxonomy":"post_tag","embeddable":true,"href":"https:\/\/noticiasveraces.com\/index.php?rest_route=%2Fwp%2Fv2%2Ftags&post=56485"}],"curies":[{"name":"wp","href":"https:\/\/api.w.org\/{rel}","templated":true}]}}