{"id":56470,"date":"2026-01-22T17:36:21","date_gmt":"2026-01-22T21:36:21","guid":{"rendered":"https:\/\/noticiasveraces.com\/?p=56470"},"modified":"2026-01-22T17:36:21","modified_gmt":"2026-01-22T21:36:21","slug":"sntp-denuncio-que-el-estudiante-juan-francisco-alvarado-fue-condenado-sin-pruebas-a-15-anos-de-carcel","status":"publish","type":"post","link":"https:\/\/noticiasveraces.com\/?p=56470","title":{"rendered":"SNTP denunci\u00f3 que el estudiante Juan Francisco Alvarado fue condenado sin pruebas a 15 a\u00f1os de c\u00e1rcel"},"content":{"rendered":"<p> \n<\/p>\n<div>\n<p>El Sindicato Nacional de Trabajadores de la Prensa (SNTP) denunci\u00f3 el jueves 22 de enero que el estudiante de Comunicaci\u00f3n Social Juan Francisco Alvarado fue \u201ccondenado sin pruebas\u201d a 15 a\u00f1os de c\u00e1rcel.<\/p>\n<div class=\"ruby-table-contents rbtoc table-fw\">\n<ul class=\"toc-content h5\">\n<li>Sobre el caso de Alvarado<\/li>\n<li>Trabajadores de la prensa detenidos en Venezuela<\/li>\n<\/ul>\n<\/div>\n<p>De acuerdo con la informaci\u00f3n, Alvarado, de 31 a\u00f1os de edad, fue detenido hace 10 meses (el 20 de marzo de 2025) por denunciar a trav\u00e9s de las redes sociales las condiciones de aguas negras de su vivienda.<\/p>\n<p><strong>\u201cJuan Francisco Alvarado est\u00e1 preso por contar que en su casa no pod\u00edan usar el ba\u00f1o. <\/strong>Por denunciar que las aguas negras se desbordaban en su comunidad y que los transformadores el\u00e9ctricos se da\u00f1aron sin ser reparados\u201d, se lee en la p\u00e1gina web del SNTP.<\/p>\n<blockquote data-service=\"twitter\" data-category=\"marketing\" data-placeholder-image=\"https:\/\/eldiario.com\/wp-content\/plugins\/complianz-gdpr-premium\/assets\/images\/placeholders\/twitter-minimal.jpg\" class=\"cmplz-placeholder-element twitter-tweet\">\n<p lang=\"es\" dir=\"ltr\"><a href=\"https:\/\/twitter.com\/hashtag\/URGENTE?src=hash&amp;ref_src=twsrc%5Etfw\">#URGENTE<\/a> | El estudiante de Comunicaci\u00f3n Social, Juan Francisco Alvarado, fue condenado a 15 a\u00f1os de c\u00e1rcel sin pruebas que lo vinculen con los hechos imputados. Se utiliz\u00f3 su denuncia a trav\u00e9s de VenApp sobre un problema de aguas servidas<br \/>Aqu\u00ed su caso\u2b07\ufe0f:https:\/\/t.co\/a0Y6T9DR6I<\/p>\n<p>\u2014 SNTP (@sntpvenezuela) <a href=\"https:\/\/twitter.com\/sntpvenezuela\/status\/2014362462326247722?ref_src=twsrc%5Etfw\">22 de enero de 2026<\/a><\/p><\/blockquote>\n<h2 id=\"sobre-el-caso-de-alvarado\" class=\"rb-heading-index-0-840210 wp-block-heading\"><strong>Sobre el caso de Alvarado<\/strong><\/h2>\n<p>El SNTP detall\u00f3 que desde el 11 de noviembre de 2025 Alvarado cumple su condena en el Comando de la Guardia Nacional del Cepella, en Guanare, estado Portuguesa.<\/p>\n<p>\u201cLa <strong>defensa privada de Juan introdujo un recurso de apelaci\u00f3n el pasado 25 de noviembre,<\/strong> denunciando la violaci\u00f3n del principio de inmediaci\u00f3n, que exige la presencia f\u00edsica y continua del juez durante las audiencias para garantizar una valoraci\u00f3n justa de las pruebas y el derecho a la defensa\u201d, denunci\u00f3 el SNTP.<\/p>\n<p>Asimismo, se conoci\u00f3 que al estudiante se le acus\u00f3 de incitar a una rebeli\u00f3n e incitaci\u00f3n al odio, previsto en el art\u00edculo 20 de la Ley contra el Odio.<\/p>\n<p>\u201cJuan ha insistido en sus declaraciones en el tribunal en que su \u00fanico objetivo era denunciar las fallas de los servicios p\u00fablicos en su comunidad de Apartadero. <strong>Uno de los problemas m\u00e1s graves era el desbordamiento de aguas negras, <\/strong>que le imped\u00eda usar el ba\u00f1o de su casa y lo obligaba a trasladarse a la vivienda de su abuela, en otro sector, para asearse y hacer sus necesidades b\u00e1sicas\u201d, agreg\u00f3 la organizaci\u00f3n.<\/p>\n<p>El SNTP tambi\u00e9n advirti\u00f3 que Alvarado es un <strong>paciente cr\u00f3nico que requiere atenci\u00f3n y cuidados permanentes.<\/strong> Sin embargo, no especificaron cu\u00e1les son las condiciones de salud que padece.  <\/p>\n<figure class=\"wp-block-image size-large\"><picture fetchpriority=\"high\" decoding=\"async\" class=\"wp-image-788147\"><source type=\"image\/webp\" srcset=\"https:\/\/eldiario.com\/wp-content\/uploads\/2025\/05\/press-899477-1920-1-1200x800.jpg.webp 1200w, https:\/\/eldiario.com\/wp-content\/uploads\/2025\/05\/press-899477-1920-1-300x200.jpg.webp 300w, https:\/\/eldiario.com\/wp-content\/uploads\/2025\/05\/press-899477-1920-1-768x512.jpg.webp 768w, https:\/\/eldiario.com\/wp-content\/uploads\/2025\/05\/press-899477-1920-1-1536x1024.jpg.webp 1536w, https:\/\/eldiario.com\/wp-content\/uploads\/2025\/05\/press-899477-1920-1-330x220.jpg.webp 330w, https:\/\/eldiario.com\/wp-content\/uploads\/2025\/05\/press-899477-1920-1-420x280.jpg.webp 420w, https:\/\/eldiario.com\/wp-content\/uploads\/2025\/05\/press-899477-1920-1-615x410.jpg.webp 615w, https:\/\/eldiario.com\/wp-content\/uploads\/2025\/05\/press-899477-1920-1-860x574.jpg.webp 860w, https:\/\/eldiario.com\/wp-content\/uploads\/2025\/05\/press-899477-1920-1-150x100.jpg.webp 150w, https:\/\/eldiario.com\/wp-content\/uploads\/2025\/05\/press-899477-1920-1.jpg.webp 1600w\" sizes=\"(max-width: 1200px) 100vw, 1200px\"\/><img fetchpriority=\"high\" decoding=\"async\" width=\"1200\" height=\"800\" src=\"https:\/\/eldiario.com\/wp-content\/uploads\/2025\/05\/press-899477-1920-1-1200x800.jpg\" alt=\"SNTP alert\u00f3 sobre el incremento de detenciones y censura contra la prensa en Venezuela\" srcset=\"https:\/\/eldiario.com\/wp-content\/uploads\/2025\/05\/press-899477-1920-1-1200x800.jpg 1200w, https:\/\/eldiario.com\/wp-content\/uploads\/2025\/05\/press-899477-1920-1-300x200.jpg 300w, https:\/\/eldiario.com\/wp-content\/uploads\/2025\/05\/press-899477-1920-1-768x512.jpg 768w, https:\/\/eldiario.com\/wp-content\/uploads\/2025\/05\/press-899477-1920-1-1536x1024.jpg 1536w, https:\/\/eldiario.com\/wp-content\/uploads\/2025\/05\/press-899477-1920-1-330x220.jpg 330w, https:\/\/eldiario.com\/wp-content\/uploads\/2025\/05\/press-899477-1920-1-420x280.jpg 420w, https:\/\/eldiario.com\/wp-content\/uploads\/2025\/05\/press-899477-1920-1-615x410.jpg 615w, https:\/\/eldiario.com\/wp-content\/uploads\/2025\/05\/press-899477-1920-1-860x574.jpg 860w, https:\/\/eldiario.com\/wp-content\/uploads\/2025\/05\/press-899477-1920-1-150x100.jpg 150w, https:\/\/eldiario.com\/wp-content\/uploads\/2025\/05\/press-899477-1920-1.jpg 1600w\" sizes=\"(max-width: 1200px) 100vw, 1200px\"\/>\n<\/picture><figcaption class=\"wp-element-caption\">Imagen referencial | Foto: Pixabay<\/figcaption><\/figure>\n<h2 id=\"trabajadores-de-la-prensa-detenidos-en-venezuela\" class=\"rb-heading-index-1-840210 wp-block-heading\"><strong>Trabajadores de la prensa detenidos en Venezuela<\/strong><\/h2>\n<p>Tras el anuncio hecho el 8 de enero de 2026 por el presidente de la Asamblea Nacional, Jorge Rodr\u00edguez, sobre la excarcelaci\u00f3n de un \u201cn\u00famero importante\u201d de presos pol\u00edticos, el SNTP ha denunciado en reiteradas ocasiones que varios trabajadores de la prensa permanecen detenidos por razones pol\u00edticas en el pa\u00eds.<\/p>\n<p>\u201cHan pasado 13 d\u00edas desde que Jorge Rodriguez anunci\u00f3 la liberaci\u00f3n de personas presas por razones pol\u00edticas. Seguimos esperando que nuestros compa\u00f1eros periodistas y trabajadores de la prensa sean liberados. Ellos y todos los detenidos\u201d, expres\u00f3 la organizaci\u00f3n a trav\u00e9s de su cuenta de X.<\/p>\n<p>Entre los trabajadores de la prensa que contin\u00faan detenidos se encuentran: Juan Pablo Guanipa, Marifel Guzm\u00e1n, Deivis Correa, Rory Branker y Jonathan Carrillo.<\/p>\n<p><!-- CONTENT END 1 -->\n<\/div>\n<p><script async src=\"https:\/\/platform.twitter.com\/widgets.js\" charset=\"utf-8\"><\/script><br \/>\n<br \/>\n","protected":false},"excerpt":{"rendered":"<p>El Sindicato Nacional de Trabajadores de la Prensa (SNTP) denunci\u00f3 el jueves 22 de enero que el estudiante de Comunicaci\u00f3n Social Juan Francisco Alvarado fue \u201ccondenado sin pruebas\u201d a 15 a\u00f1os de c\u00e1rcel. Sobre el caso de Alvarado Trabajadores de la prensa detenidos en Venezuela De acuerdo con la informaci\u00f3n, Alvarado, de 31 a\u00f1os de &hellip;<\/p>\n","protected":false},"author":1,"featured_media":56472,"comment_status":"open","ping_status":"open","sticky":false,"template":"","format":"standard","meta":{"fifu_image_url":"https:\/\/eldiario.com\/wp-content\/uploads\/2023\/08\/Preision-Carcel-cautiverio-imagen-libre-de-derechos.jpg","fifu_image_alt":"","footnotes":""},"categories":[4],"tags":[],"class_list":["post-56470","post","type-post","status-publish","format-standard","has-post-thumbnail","","category-historias-destacadas"],"_links":{"self":[{"href":"https:\/\/noticiasveraces.com\/index.php?rest_route=\/wp\/v2\/posts\/56470","targetHints":{"allow":["GET"]}}],"collection":[{"href":"https:\/\/noticiasveraces.com\/index.php?rest_route=\/wp\/v2\/posts"}],"about":[{"href":"https:\/\/noticiasveraces.com\/index.php?rest_route=\/wp\/v2\/types\/post"}],"author":[{"embeddable":true,"href":"https:\/\/noticiasveraces.com\/index.php?rest_route=\/wp\/v2\/users\/1"}],"replies":[{"embeddable":true,"href":"https:\/\/noticiasveraces.com\/index.php?rest_route=%2Fwp%2Fv2%2Fcomments&post=56470"}],"version-history":[{"count":0,"href":"https:\/\/noticiasveraces.com\/index.php?rest_route=\/wp\/v2\/posts\/56470\/revisions"}],"wp:featuredmedia":[{"embeddable":true,"href":"https:\/\/noticiasveraces.com\/index.php?rest_route=\/wp\/v2\/media\/56472"}],"wp:attachment":[{"href":"https:\/\/noticiasveraces.com\/index.php?rest_route=%2Fwp%2Fv2%2Fmedia&parent=56470"}],"wp:term":[{"taxonomy":"category","embeddable":true,"href":"https:\/\/noticiasveraces.com\/index.php?rest_route=%2Fwp%2Fv2%2Fcategories&post=56470"},{"taxonomy":"post_tag","embeddable":true,"href":"https:\/\/noticiasveraces.com\/index.php?rest_route=%2Fwp%2Fv2%2Ftags&post=56470"}],"curies":[{"name":"wp","href":"https:\/\/api.w.org\/{rel}","templated":true}]}}