{"id":56466,"date":"2026-01-22T15:51:11","date_gmt":"2026-01-22T19:51:11","guid":{"rendered":"https:\/\/noticiasveraces.com\/?p=56466"},"modified":"2026-01-22T15:51:11","modified_gmt":"2026-01-22T19:51:11","slug":"sigo-trabajando-por-quienes-aun-permanecen-privados-de-libertad-correo-del-caroni","status":"publish","type":"post","link":"https:\/\/noticiasveraces.com\/?p=56466","title":{"rendered":"\u201cSigo trabajando por quienes a\u00fan permanecen privados de libertad\u201d \u2013 Correo del Caron\u00ed"},"content":{"rendered":"<p> \n<\/p>\n<div data-id=\"494a3404\" data-element_type=\"widget\" id=\"texto\" data-widget_type=\"theme-post-content.default\">\n<div class=\"elementor-widget-container\">\n<p>Edmundo Gonz\u00e1lez Urrutia asegur\u00f3 este jueves que seguir\u00e1 trabajando \u201cpor quienes a\u00fan permanecen privados de libertad y por sus familias\u201d tras la excarcelaci\u00f3n de su yerno, Rafael Tudares Bracho, quien se encontraba detenido desde hace m\u00e1s de un a\u00f1o en la c\u00e1rcel de <strong><mark style=\"background-color:rgba(0, 0, 0, 0)\" class=\"has-inline-color has-luminous-vivid-amber-color\"><span style=\"text-decoration: underline;\">El Rodeo I<\/span><\/mark><\/strong>.<\/p>\n<p>\u201cEste ha sido un a\u00f1o marcado por la incertidumbre, el silencio y la angustia que conocen quienes han vivido la ausencia forzada de un familiar. Por eso esta noticia trae alivio, en primer lugar, a su familia\u201d, expres\u00f3 Gonz\u00e1lez Urrutia en un v\u00eddeo difundido en sus redes sociales.<\/p>\n<p>Destac\u00f3 adem\u00e1s que su compromiso es \u201ccon la verdad, con la justicia y con una Venezuela donde la libertad no sea una concesi\u00f3n sino un derecho efectivo para todos\u201d.<\/p>\n<p>Tudares Bracho fue <strong><mark style=\"background-color:rgba(0, 0, 0, 0)\" class=\"has-inline-color has-luminous-vivid-amber-color\"><span style=\"text-decoration: underline;\">excarcelado<\/span><\/mark><\/strong>  la madrugada de este jueves, luego de ser apresado de forma arbitraria el <strong><mark style=\"background-color:rgba(0, 0, 0, 0)\" class=\"has-inline-color has-luminous-vivid-amber-color\"><span style=\"text-decoration: underline;\">7 de enero de 2025<\/span><\/mark><\/strong>  y condenado a 30 a\u00f1os de prisi\u00f3n por \u201cterrorismo\u201d y otros cargos que la familia desconoce, al no poder acceder al expediente judicial. El abogado estuvo en desaparici\u00f3n forzada, aislado e incomunicado hasta la semana pasada en la prisi\u00f3n de m\u00e1xima seguridad, ubicada en el estado Miranda.<\/p>\n<p>Gonz\u00e1lez Urrutia dijo que \u201cser\u00eda un error\u201d el reducir esta liberaci\u00f3n bajo cautelares \u201ca una historia personal\u201d.<\/p>\n<p>\u201cHay hombres y mujeres que contin\u00faan privados de libertad por razones pol\u00edticas, sin garant\u00edas, sin debido proceso y, en muchos casos, sin verdad\u201d, expres\u00f3 el l\u00edder opositor.<\/p>\n<p>Esa verdad, prosigui\u00f3, es \u201casumir que estas personas no deber\u00edan estar presas y que cada d\u00eda de privaci\u00f3n de libertad prolonga una violaci\u00f3n que sigue abierta. La liberaci\u00f3n de Rafael no borra lo ocurrido. Refuerza, por el contrario, una exigencia que sigue plenamente vigente\u201d.<\/p>\n<p>Edmundo Gonz\u00e1lez insisti\u00f3 en libertad para todos los presos pol\u00edticos y \u201cgarant\u00edas reales de no repetici\u00f3n\u201d.<\/p>\n<\/p><\/div>\n<\/p><\/div>\n\n","protected":false},"excerpt":{"rendered":"<p>Edmundo Gonz\u00e1lez Urrutia asegur\u00f3 este jueves que seguir\u00e1 trabajando \u201cpor quienes a\u00fan permanecen privados de libertad y por sus familias\u201d tras la excarcelaci\u00f3n de su yerno, Rafael Tudares Bracho, quien se encontraba detenido desde hace m\u00e1s de un a\u00f1o en la c\u00e1rcel de El Rodeo I. \u201cEste ha sido un a\u00f1o marcado por la incertidumbre, &hellip;<\/p>\n","protected":false},"author":1,"featured_media":56467,"comment_status":"open","ping_status":"open","sticky":false,"template":"","format":"standard","meta":{"fifu_image_url":"https:\/\/correodelcaroni.com\/wp-content\/uploads\/2026\/01\/EDMUNDOG_privados_libertad.jpg","fifu_image_alt":"","footnotes":""},"categories":[13],"tags":[],"class_list":["post-56466","post","type-post","status-publish","format-standard","has-post-thumbnail","","category-mundo"],"_links":{"self":[{"href":"https:\/\/noticiasveraces.com\/index.php?rest_route=\/wp\/v2\/posts\/56466","targetHints":{"allow":["GET"]}}],"collection":[{"href":"https:\/\/noticiasveraces.com\/index.php?rest_route=\/wp\/v2\/posts"}],"about":[{"href":"https:\/\/noticiasveraces.com\/index.php?rest_route=\/wp\/v2\/types\/post"}],"author":[{"embeddable":true,"href":"https:\/\/noticiasveraces.com\/index.php?rest_route=\/wp\/v2\/users\/1"}],"replies":[{"embeddable":true,"href":"https:\/\/noticiasveraces.com\/index.php?rest_route=%2Fwp%2Fv2%2Fcomments&post=56466"}],"version-history":[{"count":0,"href":"https:\/\/noticiasveraces.com\/index.php?rest_route=\/wp\/v2\/posts\/56466\/revisions"}],"wp:featuredmedia":[{"embeddable":true,"href":"https:\/\/noticiasveraces.com\/index.php?rest_route=\/wp\/v2\/media\/56467"}],"wp:attachment":[{"href":"https:\/\/noticiasveraces.com\/index.php?rest_route=%2Fwp%2Fv2%2Fmedia&parent=56466"}],"wp:term":[{"taxonomy":"category","embeddable":true,"href":"https:\/\/noticiasveraces.com\/index.php?rest_route=%2Fwp%2Fv2%2Fcategories&post=56466"},{"taxonomy":"post_tag","embeddable":true,"href":"https:\/\/noticiasveraces.com\/index.php?rest_route=%2Fwp%2Fv2%2Ftags&post=56466"}],"curies":[{"name":"wp","href":"https:\/\/api.w.org\/{rel}","templated":true}]}}