{"id":56433,"date":"2026-01-22T11:35:06","date_gmt":"2026-01-22T15:35:06","guid":{"rendered":"https:\/\/noticiasveraces.com\/?p=56433"},"modified":"2026-01-22T11:35:06","modified_gmt":"2026-01-22T15:35:06","slug":"los-presentes-en-la-excarcelacion-de-rafael-tudares","status":"publish","type":"post","link":"https:\/\/noticiasveraces.com\/?p=56433","title":{"rendered":"Los presentes en la excarcelaci\u00f3n de Rafael Tudares"},"content":{"rendered":"<p> \n<\/p>\n<div id=\"\">\n<div class=\"image-featured\">\n<img src=\"data:image\/png;base64,iVBORw0KGgoAAAANSUhEUgAABG4AAANOAQAAAABovXd\/AAAAAnRSTlMAAHaTzTgAAACLSURBVHja7cEBAQAAAIIg\/69uSEABAAAAAAAAAAAAAAAAAAAAAAAAAAAAAAAAAAAAAAAAAAAAAAAAAAAAAAAAAAAAAAAAAAAAAAAAAAAAAAAAAAAAAAAAAAAAAAAAAAAAAAAAAAAAAAAAAAAAAAAAAAAAAAAAAAAAAAAAAAAAAAAAAAAAAAAAAAC8GNihAAH79g3TAAAAAElFTkSuQmCC\" alt=\"rafael tudares\" data-src=\"https:\/\/elnacional-uploads.nyc3.digitaloceanspaces.com\/wp-content\/uploads\/2026\/01\/22100110\/rafael-tudares.jpg\" decoding=\"async\" class=\"lazyload\" data-eio-rwidth=\"1134\" data-eio-rheight=\"846\"\/><img decoding=\"async\" src=\"https:\/\/elnacional-uploads.nyc3.digitaloceanspaces.com\/wp-content\/uploads\/2026\/01\/22100110\/rafael-tudares.jpg\" alt=\"rafael tudares\" data-eio=\"l\"\/><figcaption>La liberaci\u00f3n de Rafael Tudares se realiz\u00f3 en la residencia de la Embajada de Suiza en Caracas, luego de una medida unilateral del gobierno| Foto Ricardo Cusanno<\/figcaption><\/div>\n<p>Tras permanecer 380 d\u00edas detenido arbitrariamente y en condici\u00f3n de desaparici\u00f3n forzada, <strong>Rafael Tudares Bracho, yerno del presidente electo Edmundo Gonz\u00e1lez, fue excarcelado la madrugada de este jueves 22 de enero de 2026. <\/strong><\/p>\n<p>La entrega se realiz\u00f3 en la residencia de la Embajada de Suiza en Caracas, luego de una medida unilateral del gobierno venezolano. En el lugar estuvieron presentes su esposa, Mariana Gonz\u00e1lez de Tudares, y varios actores de la Iglesia Cat\u00f3lica, de cuerpos diplom\u00e1ticos y de la sociedad civil.<\/p>\n<blockquote class=\"instagram-media\" data-instgrm-permalink=\"https:\/\/www.instagram.com\/p\/DTzl8K3DDAp\/?utm_source=ig_web_copy_link&amp;igsh=NTc4MTIwNjQ2YQ==\" data-instgrm-version=\"14\" style=\"max-width: 500px\"\/>\n<h2 class=\"wp-block-heading\" id=\"h-quienes-estuvieron-presentes-en-la-excarcelacion-de-rafael-tudares\">\u00bfQui\u00e9nes estuvieron presentes en la excarcelaci\u00f3n de Rafael Tudares?<\/h2>\n<p>Entre las personas que estuvieron presentes durante la excarcelaci\u00f3n se encontraba<strong> monse\u00f1or Ra\u00fal Biord Castillo, arzobispo de Caracas<\/strong>quien acompa\u00f1\u00f3 el proceso en representaci\u00f3n de la Arquidi\u00f3cesis.<\/p>\n<p>Tambi\u00e9n se encontraba en el lugar <strong>Gilles Roduit, embajador de Suiza en Venezuela<\/strong>junto a personal adjunto de la misi\u00f3n diplom\u00e1tica. La embajada actu\u00f3 como facilitadora del proceso y como sede para la liberaci\u00f3n.<\/p>\n<p>En el proceso de excarcelaci\u00f3n particip\u00f3 igualment<strong>y Ricardo Cusanno, expresidente de Fedec\u00e1maras y miembro del Foro C\u00edvico<\/strong>. Cusanno public\u00f3 una fotograf\u00eda del momento de la entrega en la sede diplom\u00e1tica, imagen que se difundi\u00f3 posteriormente en redes sociales.<\/p>\n<p>Cusanno emiti\u00f3 un comunicado en el que explic\u00f3 que su participaci\u00f3n se dio en el marco de gestiones silenciosas y de car\u00e1cter humanitario, y rechaz\u00f3 de forma categ\u00f3rica las acusaciones de extorsi\u00f3n formuladas en su contra tras la denuncia p\u00fablica de Mariana Gonz\u00e1lez de Tudares, quien hace unos d\u00edas expuso tres episodios en su contra ocurridos en sedes diplom\u00e1ticas, espacios del Arzobispado de Caracas y oficinas de organizaciones defensoras de derechos humanos.<\/p>\n<p>\u201cEl motivo por el cual hoy hago p\u00fablico mi aporte es \u00fanica y exclusivamente mi honor y el de mi familia\u201d, se\u00f1al\u00f3, al tiempo que anunci\u00f3 que ejercer\u00e1 su derecho a la defensa ante instancias nacionales e internacionales.<\/p>\n<p>Durante la excarcelaci\u00f3n tambi\u00e9n estuvo presente la <strong>analista pol\u00edtica Indira Urbaneja<\/strong>identificada como propagandista del gobierno chavista.<\/p>\n<h2 class=\"wp-block-heading\" id=\"h-una-liberacion-rodeada-de-tensiones\">Una liberaci\u00f3n rodeada de tensiones<\/h2>\n<p>La liberaci\u00f3n ocurri\u00f3 apenas tres d\u00edas despu\u00e9s de que <strong>Mariana Gonz\u00e1lez denunciara p\u00fablicamente haber sido v\u00edctima de tres episodios de extorsi\u00f3n en enero de 2025<\/strong>tras la detenci\u00f3n arbitraria Tudares, en la que se le dijo que \u00abpara que Rafael pudiera recuperar su libertad y volver a su hogar, yo deb\u00eda obligar a mi padre a renunciar a su lucha y a su causa\u00bb.<\/p>\n<p>Aunque luego de la denuncia de Gonz\u00e1lez, el arzobispo de Caracas, monse\u00f1or Ra\u00fal Biord Castillo, Ricardo Cusanno y el Foro C\u00edvico emitieron comunicados desvincul\u00e1ndose de cualquier acto de extorsi\u00f3n o presi\u00f3n a familiares de detenidos, fuentes citadas por el medio <em>Monitoreamos.com <\/em>aseguraron que ambos estuvieron presentes las reuniones.<\/p>\n<p>Adem\u00e1s de Biord y Cusanno, las fuentes dijeron al medio que en los encuentros tambi\u00e9n participaron otros de los personajes retratados en la imagen publicada por la excarcelaci\u00f3n de Tudares, as\u00ed como otros actores: Gilles Roduit, embajador de Suiza en Venezuela; Indira Urbaneja; Gianluca Rampolla, coordinador residente del Sistema de Naciones Unidas en Venezuela, y Diosdado Cabello, ministro de Interior.<\/p>\n<p>La detenci\u00f3n de Tudares ocurri\u00f3 el 7 de enero de 2025, mientras trasladaba a sus hijos al colegio, coincidiendo con el arresto del defensor de derechos humanos Carlos Correa \u2014liberado posteriormente\u2014 y del excandidato presidencial Enrique M\u00e1rquez.<\/p>\n<\/div>\n<p><script async src=\"\/\/www.instagram.com\/embed.js\"><\/script><br \/>\n<br \/>\n","protected":false},"excerpt":{"rendered":"<p>La liberaci\u00f3n de Rafael Tudares se realiz\u00f3 en la residencia de la Embajada de Suiza en Caracas, luego de una medida unilateral del gobierno| Foto Ricardo Cusanno Tras permanecer 380 d\u00edas detenido arbitrariamente y en condici\u00f3n de desaparici\u00f3n forzada, Rafael Tudares Bracho, yerno del presidente electo Edmundo Gonz\u00e1lez, fue excarcelado la madrugada de este jueves &hellip;<\/p>\n","protected":false},"author":1,"featured_media":56435,"comment_status":"open","ping_status":"open","sticky":false,"template":"","format":"standard","meta":{"fifu_image_url":"https:\/\/elnacional-uploads.nyc3.digitaloceanspaces.com\/wp-content\/uploads\/2026\/01\/22100110\/rafael-tudares.jpg","fifu_image_alt":"","footnotes":""},"categories":[4],"tags":[],"class_list":["post-56433","post","type-post","status-publish","format-standard","has-post-thumbnail","","category-historias-destacadas"],"_links":{"self":[{"href":"https:\/\/noticiasveraces.com\/index.php?rest_route=\/wp\/v2\/posts\/56433","targetHints":{"allow":["GET"]}}],"collection":[{"href":"https:\/\/noticiasveraces.com\/index.php?rest_route=\/wp\/v2\/posts"}],"about":[{"href":"https:\/\/noticiasveraces.com\/index.php?rest_route=\/wp\/v2\/types\/post"}],"author":[{"embeddable":true,"href":"https:\/\/noticiasveraces.com\/index.php?rest_route=\/wp\/v2\/users\/1"}],"replies":[{"embeddable":true,"href":"https:\/\/noticiasveraces.com\/index.php?rest_route=%2Fwp%2Fv2%2Fcomments&post=56433"}],"version-history":[{"count":0,"href":"https:\/\/noticiasveraces.com\/index.php?rest_route=\/wp\/v2\/posts\/56433\/revisions"}],"wp:featuredmedia":[{"embeddable":true,"href":"https:\/\/noticiasveraces.com\/index.php?rest_route=\/wp\/v2\/media\/56435"}],"wp:attachment":[{"href":"https:\/\/noticiasveraces.com\/index.php?rest_route=%2Fwp%2Fv2%2Fmedia&parent=56433"}],"wp:term":[{"taxonomy":"category","embeddable":true,"href":"https:\/\/noticiasveraces.com\/index.php?rest_route=%2Fwp%2Fv2%2Fcategories&post=56433"},{"taxonomy":"post_tag","embeddable":true,"href":"https:\/\/noticiasveraces.com\/index.php?rest_route=%2Fwp%2Fv2%2Ftags&post=56433"}],"curies":[{"name":"wp","href":"https:\/\/api.w.org\/{rel}","templated":true}]}}