{"id":56422,"date":"2026-01-22T07:41:10","date_gmt":"2026-01-22T11:41:10","guid":{"rendered":"https:\/\/noticiasveraces.com\/?p=56422"},"modified":"2026-01-22T07:41:10","modified_gmt":"2026-01-22T11:41:10","slug":"venezuelahoy-liberan-al-yerno-de-edmundo-gonzalez-oposicion-denuncia-mas-de-900-presos-politicos","status":"publish","type":"post","link":"https:\/\/noticiasveraces.com\/?p=56422","title":{"rendered":"#VenezuelaHoy: liberan al yerno de Edmundo Gonz\u00e1lez; oposici\u00f3n denuncia m\u00e1s de 900 presos pol\u00edticos"},"content":{"rendered":"<p> \n<br \/><img decoding=\"async\" src=\"https:\/\/s.france24.com\/media\/display\/b89930d6-b1f8-11f0-94d5-005056bf30b7\/w:1024\/p:16x9\/2025-09-29T204026Z-755226023-RC2Q1HAKV5Z7-RTRMADP-3-VENEZUELA-POLITICS.jpg\" \/><\/p>\n<div>\n<p>El Gobierno venezolano liber\u00f3 a Rafael Tudares Bracho, yerno del l\u00edder opositor Edmundo Gonz\u00e1lez, seg\u00fan inform\u00f3 este jueves su esposa, Mariana Gonz\u00e1lez de Tudares, a trav\u00e9s de su cuenta en X.<\/p>\n<blockquote class=\"quote\">\n<p>\u201cCumplo con informar que, luego de 380 d\u00edas de una injusta detenci\u00f3n arbitraria y de haber padecido durante m\u00e1s de un a\u00f1o una inhumana situaci\u00f3n de desaparici\u00f3n forzada, mi esposo Rafael Tudares Bracho ha regresado a casa esta madrugada\u201d, escribi\u00f3 Gonz\u00e1lez de Tudares.<\/p>\n<\/blockquote>\n<p>Tudares fue detenido el 7 de enero de 2025, tres d\u00edas antes de la investidura de Nicol\u00e1s Maduro para un tercer mandato consecutivo de seis a\u00f1os. Ese mismo d\u00eda tambi\u00e9n fueron arrestados el defensor de derechos humanos Carlos Correa y el excandidato presidencial opositor Enrique M\u00e1rquez, quienes ya fueron liberados.<\/p>\n<p>Gonz\u00e1lez de Tudares calific\u00f3 el proceso como una lucha \u201cestoica y muy dura\u201d, sostenida durante m\u00e1s de un a\u00f1o, que permiti\u00f3 finalmente la excarcelaci\u00f3n de Rafael. No obstante, subray\u00f3 que contin\u00faan aspirando a su libertad plena, a la que, afirm\u00f3, tiene derecho.<\/p>\n<div id=\"em-WBMZ364179-F24-ES-20260122\" class=\"m-em-flash\" data-xtwitter-script=\"\"><figcaption class=\"a-figcaption\">\n<\/figcaption><div class=\"o-em-consent \">\n<div class=\"o-em-consent__content\">\n<p class=\"o-em-consent__content__text\">Para mostrar este contenido de X (Twitter), debe autorizar las cookies de medici\u00f3n de audiencia y publicidad.<\/p>\n<p>        <button class=\"a-master-button a-master-button--dark\" data-action=\"accept\"><\/p>\n<p>            Aceptar<\/p>\n<p>  <svg class=\"a-svg a-svg--icon-check\">\n    <use xlink:href=\"http:\/\/www.france24.com\/build\/images\/svg\/sprite.17415c6ec01e4a8b145df03c806104d3.svg#icon-check\" href=\"http:\/\/www.france24.com\/build\/images\/svg\/sprite.17415c6ec01e4a8b145df03c806104d3.svg#icon-check\"\/>\n  <\/svg><br \/>\n        <\/button><br \/>\n        <button class=\"a-link\" data-action=\"manage\">Gestionar mis opciones<i class=\"a-svg a-svg--icon-edit\"\/><\/button>\n    <\/div>\n<\/div>\n<\/div>\n<p>Asimismo, expres\u00f3 su agradecimiento a las personas que la acompa\u00f1aron y apoyaron durante el proceso, y destac\u00f3 de manera especial el respaldo del equipo de la Oficina del Alto Comisionado de las Naciones Unidas para los Derechos Humanos, con sede en Panam\u00e1, por el seguimiento y la incidencia realizados en el marco de sus competencias humanitarias.<\/p>\n<p>Tambi\u00e9n agradeci\u00f3 a su familia, incluidos sus hijos, y a los amigos que brindaron apoyo constante \u201csin miedo y con muchos sacrificios\u201d. Finalmente, expres\u00f3 su solidaridad con los familiares de v\u00edctimas de desapariciones forzadas, detenciones arbitrarias y encarcelamientos injustos que a\u00fan esperan la liberaci\u00f3n de sus seres queridos.<\/p>\n<p>Rafael Tudares es yerno de Edmundo Gonz\u00e1lez, actualmente exiliado en Espa\u00f1a, candidato unitario de la oposici\u00f3n agrupada en la Plataforma Unitaria Democr\u00e1tica, reconocido por gran parte de la comunidad internacional como ganador de las elecciones presidenciales de julio de 2024, en las que Nicol\u00e1s Maduro se proclam\u00f3 vencedor.<\/p>\n<p>Las excarcelaciones de presos pol\u00edticos en Venezuela comenzaron el 8 de enero, luego de que Estados Unidos captur\u00f3 a Nicol\u00e1s Maduro y a su esposa, la diputada Cilia Flores, durante la denominada \u201cOperaci\u00f3n Resoluci\u00f3n Absoluta\u201d, tras lo cual Delcy Rodr\u00edguez asumi\u00f3 como presidenta encargada.<\/p>\n<p>Ese d\u00eda el presidente del Parlamento, el chavista Jorge Rodr\u00edguez, anunci\u00f3 un \u00abn\u00famero importante\u00bb de liberaciones, sin precisar la cantidad de personas beneficiadas ni las condiciones de la medida. Hasta ahora, las autoridades no han ofrecido detalles sobre las identidades ni el n\u00famero total de excarcelados.<\/p>\n<p>La ONG Foro Penal <strong>contabiliza 777 presos pol\u00edticos en el pa\u00eds y asegura que se han registrado 143 excarcelaciones.<\/strong> Seg\u00fan la organizaci\u00f3n, desde el s\u00e1bado 17 de enero no se hab\u00edan producido nuevas liberaciones.<\/p>\n<ul>\n<li>\n<h2><strong>Cambios en el mando militar<\/strong><\/h2>\n<\/li>\n<\/ul>\n<p>Delcy Rodr\u00edguez orden\u00f3 sus primeros cambios en el alto mando militar de Venezuela. El comandante estrat\u00e9gico operacional de la Fuerza Armada Nacional Bolivariana (FANB), el general Domingo Hern\u00e1ndez L\u00e1rez, inform\u00f3 que se renovaron los mandos de las Zonas de Defensa Integral (Zodi) y las Regiones de Defensa Integral (Redi).<\/p>\n<p>Entre los nombramientos figura el mayor general Pablo Lizano Colmenter, designado al frente de la Redi de Los Andes, que abarca los estados M\u00e9rida, T\u00e1chira y Trujillo. El mayor general Erasmo Ramos Iriza asumi\u00f3 la Redi Oriental, que comprende Anzo\u00e1tegui, Monagas y Sucre.<\/p>\n<p>Asimismo, el general de divisi\u00f3n Rufo Parra Hern\u00e1ndez fue nombrado comandante de la Zodi Miranda, y el general de divisi\u00f3n Miguel Chac\u00edn Socorro qued\u00f3 al frente de la Zodi Delta Amacuro. Otros cambios incluyeron las Zodi de Yaracuy, Monagas, Barinas, T\u00e1chira, Aragua y Falc\u00f3n, as\u00ed como las zonas operativas mar\u00edtimas e insulares oriental y occidental.<\/p>\n<p>El 6 de enero, Rodr\u00edguez removi\u00f3 del cargo al jefe de Seguridad de Maduro, el mayor general Javier Marcano T\u00e1bata, y nombr\u00f3 en su lugar al general Gustavo Gonz\u00e1lez L\u00f3pez como comandante de la Guardia de Honor Presidencial y titular de la Direcci\u00f3n General de Contrainteligencia Militar (DGCIM).<\/p>\n<ul>\n<li>\n<h2><strong>Oposici\u00f3n denuncia m\u00e1s de 900 presos pol\u00edticos<\/strong><\/h2>\n<\/li>\n<\/ul>\n<p>La Plataforma Unitaria Democr\u00e1tica afirm\u00f3 que m\u00e1s de 942 presos pol\u00edticos \u00absiguen esperando libertad\u00bb en Venezuela.<\/p>\n<p><strong>En una publicaci\u00f3n en X, la coalici\u00f3n opositora indic\u00f3 que solo ha podido verificar la excarcelaci\u00f3n de 170 personas, <\/strong>muchas de ellas bajo medidas cautelares.<\/p>\n<div id=\"em-WBMZ364180-F24-ES-20260122\" class=\"m-em-flash\" data-xtwitter-script=\"\"><figcaption class=\"a-figcaption\">\n<\/figcaption><div class=\"o-em-consent \">\n<div class=\"o-em-consent__content\">\n<p class=\"o-em-consent__content__text\">Para mostrar este contenido de X (Twitter), debe autorizar las cookies de medici\u00f3n de audiencia y publicidad.<\/p>\n<p>        <button class=\"a-master-button a-master-button--dark\" data-action=\"accept\"><\/p>\n<p>            Aceptar<\/p>\n<p>  <svg class=\"a-svg a-svg--icon-check\">\n    <use xlink:href=\"http:\/\/www.france24.com\/build\/images\/svg\/sprite.17415c6ec01e4a8b145df03c806104d3.svg#icon-check\" href=\"http:\/\/www.france24.com\/build\/images\/svg\/sprite.17415c6ec01e4a8b145df03c806104d3.svg#icon-check\"\/>\n  <\/svg><br \/>\n        <\/button><br \/>\n        <button class=\"a-link\" data-action=\"manage\">Gestionar mis opciones<i class=\"a-svg a-svg--icon-edit\"\/><\/button>\n    <\/div>\n<\/div>\n<\/div>\n<p>Seg\u00fan la PUD, las liberaciones contradicen las declaraciones recientes de las autoridades y m\u00e1s del 80 % de los presos pol\u00edticos a\u00fan no ha obtenido la libertad plena.<\/p>\n<p>Tras el anuncio oficial de publicar los nombres de las personas liberadas, la ONG Provea pidi\u00f3 difundir la lista completa de excarcelados.<\/p>\n<p>Por su parte, el Comit\u00e9 por la Libertad de los Presos Pol\u00edticos exigi\u00f3 a la Fiscal\u00eda informaci\u00f3n sobre al menos 201 detenidos cuyo paradero, seg\u00fan sus registros, se desconoce.<\/p>\n<p>Con informaci\u00f3n de EFE y medios locales.<\/p>\n<\/p><\/div>\n\n","protected":false},"excerpt":{"rendered":"<p>El Gobierno venezolano liber\u00f3 a Rafael Tudares Bracho, yerno del l\u00edder opositor Edmundo Gonz\u00e1lez, seg\u00fan inform\u00f3 este jueves su esposa, Mariana Gonz\u00e1lez de Tudares, a trav\u00e9s de su cuenta en X. \u201cCumplo con informar que, luego de 380 d\u00edas de una injusta detenci\u00f3n arbitraria y de haber padecido durante m\u00e1s de un a\u00f1o una inhumana &hellip;<\/p>\n","protected":false},"author":1,"featured_media":56424,"comment_status":"open","ping_status":"open","sticky":false,"template":"","format":"standard","meta":{"fifu_image_url":"https:\/\/s.france24.com\/media\/display\/b89930d6-b1f8-11f0-94d5-005056bf30b7\/w:1280\/p:16x9\/2025-09-29T204026Z-755226023-RC2Q1HAKV5Z7-RTRMADP-3-VENEZUELA-POLITICS.jpg","fifu_image_alt":"","footnotes":""},"categories":[13],"tags":[],"class_list":["post-56422","post","type-post","status-publish","format-standard","has-post-thumbnail","","category-mundo"],"_links":{"self":[{"href":"https:\/\/noticiasveraces.com\/index.php?rest_route=\/wp\/v2\/posts\/56422","targetHints":{"allow":["GET"]}}],"collection":[{"href":"https:\/\/noticiasveraces.com\/index.php?rest_route=\/wp\/v2\/posts"}],"about":[{"href":"https:\/\/noticiasveraces.com\/index.php?rest_route=\/wp\/v2\/types\/post"}],"author":[{"embeddable":true,"href":"https:\/\/noticiasveraces.com\/index.php?rest_route=\/wp\/v2\/users\/1"}],"replies":[{"embeddable":true,"href":"https:\/\/noticiasveraces.com\/index.php?rest_route=%2Fwp%2Fv2%2Fcomments&post=56422"}],"version-history":[{"count":0,"href":"https:\/\/noticiasveraces.com\/index.php?rest_route=\/wp\/v2\/posts\/56422\/revisions"}],"wp:featuredmedia":[{"embeddable":true,"href":"https:\/\/noticiasveraces.com\/index.php?rest_route=\/wp\/v2\/media\/56424"}],"wp:attachment":[{"href":"https:\/\/noticiasveraces.com\/index.php?rest_route=%2Fwp%2Fv2%2Fmedia&parent=56422"}],"wp:term":[{"taxonomy":"category","embeddable":true,"href":"https:\/\/noticiasveraces.com\/index.php?rest_route=%2Fwp%2Fv2%2Fcategories&post=56422"},{"taxonomy":"post_tag","embeddable":true,"href":"https:\/\/noticiasveraces.com\/index.php?rest_route=%2Fwp%2Fv2%2Ftags&post=56422"}],"curies":[{"name":"wp","href":"https:\/\/api.w.org\/{rel}","templated":true}]}}