{"id":56417,"date":"2026-01-22T05:55:34","date_gmt":"2026-01-22T09:55:34","guid":{"rendered":"https:\/\/noticiasveraces.com\/?p=56417"},"modified":"2026-01-22T05:55:34","modified_gmt":"2026-01-22T09:55:34","slug":"el-ceo-de-rryanair-michael-oleary-responde-a-la-sugerencia-de-compra-de-elon-musk","status":"publish","type":"post","link":"https:\/\/noticiasveraces.com\/?p=56417","title":{"rendered":"El CEO de RRyanair, Michael O&#39;Leary, responde a la sugerencia de compra de Elon Musk"},"content":{"rendered":"<p> \n<\/p>\n<div><!----> <!----> <\/p>\n<div class=\"featured featured-video video-ct\">\n<div class=\"contain\">\n<div class=\"info\">\n<div class=\"caption\">\n<p>Madison Alworth de FOX Business informa sobre una posible oferta p\u00fablica inicial de SpaceX y el impulso de los centros de datos espaciales en &#39;Varney &#038; Co.&#39;<\/p>\n<\/div>\n<\/div>\n<\/div>\n<\/div>\n<p>El director ejecutivo de Ryanair, Michael O&#39;Leary, respondi\u00f3 a la reciente sugerencia de Elon Musk de que podr\u00eda comprar la aerol\u00ednea, intensificando la disputa entre los dos mientras contin\u00faan intercambiando insultos y golpes.<\/p>\n<p>O&#39;Leary, director de la aerol\u00ednea m\u00e1s grande de Europa por n\u00famero de pasajeros, desestim\u00f3 la afirmaci\u00f3n de Musk de que podr\u00eda intentar comprar la compa\u00f1\u00eda y reemplazarlo.<\/p>\n<p>\u00abSi quiere invertir en Ryanair, pensar\u00edamos que es una muy buena inversi\u00f3n\u00bb, dijo O&#39;Leary en una conferencia de prensa en Dubl\u00edn, seg\u00fan Reuters. \u00abEl se\u00f1or Musk puede comprar acciones, pero no puede tomar el control\u00bb.<\/p>\n<p>O&#39;Leary a\u00f1adi\u00f3 que las normas de la Uni\u00f3n Europea proh\u00edben la propiedad extranjera de la aerol\u00ednea, y Musk naci\u00f3 en Sud\u00e1frica y tiene su sede en Estados Unidos.<\/p>\n<p><strong>EL CEO DE RYANAIR DESPIERTA A TRUMP COMO UN &#39;MENTIROSO&#39; QUE EST\u00c1 &#39;HIST\u00d3RICAMENTE EQUIVOCADO&#39;<\/strong><\/p>\n<div class=\"inline image-ct\">\n<div class=\"m\"><picture><source media=\"(max-width: 767px)\" srcset=\"https:\/\/a57.foxnews.com\/static.foxbusiness.com\/foxbusiness.com\/content\/uploads\/2026\/01\/343\/192\/ryanair-ceo-michael-oleary-2025.jpg?ve=1&amp;tl=1, https:\/\/a57.foxnews.com\/static.foxbusiness.com\/foxbusiness.com\/content\/uploads\/2026\/01\/686\/384\/ryanair-ceo-michael-oleary-2025.jpg?ve=1&amp;tl=1 2x\"><source media=\"(min-width: 768px) and (max-width: 1023px)\" srcset=\"https:\/\/a57.foxnews.com\/static.foxbusiness.com\/foxbusiness.com\/content\/uploads\/2026\/01\/672\/378\/ryanair-ceo-michael-oleary-2025.jpg?ve=1&amp;tl=1, https:\/\/a57.foxnews.com\/static.foxbusiness.com\/foxbusiness.com\/content\/uploads\/2026\/01\/1344\/756\/ryanair-ceo-michael-oleary-2025.jpg?ve=1&amp;tl=1 2x\"><source media=\"(min-width: 1024px) and (max-width: 1279px)\" srcset=\"https:\/\/a57.foxnews.com\/static.foxbusiness.com\/foxbusiness.com\/content\/uploads\/2026\/01\/931\/523\/ryanair-ceo-michael-oleary-2025.jpg?ve=1&amp;tl=1, https:\/\/a57.foxnews.com\/static.foxbusiness.com\/foxbusiness.com\/content\/uploads\/2026\/01\/1862\/1046\/ryanair-ceo-michael-oleary-2025.jpg?ve=1&amp;tl=1 2x\"><source media=\"(min-width: 1280px)\" srcset=\"https:\/\/a57.foxnews.com\/static.foxbusiness.com\/foxbusiness.com\/content\/uploads\/2026\/01\/720\/405\/ryanair-ceo-michael-oleary-2025.jpg?ve=1&amp;tl=1, https:\/\/a57.foxnews.com\/static.foxbusiness.com\/foxbusiness.com\/content\/uploads\/2026\/01\/1440\/810\/ryanair-ceo-michael-oleary-2025.jpg?ve=1&amp;tl=1 2x\"><img decoding=\"async\" src=\"https:\/\/a57.foxnews.com\/static.foxbusiness.com\/foxbusiness.com\/content\/uploads\/2026\/01\/931\/523\/ryanair-ceo-michael-oleary-2025.jpg?ve=1&amp;tl=1\" alt=\"Michael O&#39;Leary, director ejecutivo de Ryanair\"\/><\/source><\/source><\/source><\/source><\/picture><\/div>\n<div class=\"caption\">\n<p><span>El director ejecutivo de Ryanair, Michael O&#39;Leary, rechaz\u00f3 la idea despu\u00e9s de que Elon Musk planteara la idea de comprar la aerol\u00ednea.<\/span><span>  (Fernando S\u00e1nchez\/Europa Press v\u00eda Getty Images \/ Getty Images)<\/span><\/p>\n<\/div>\n<\/div>\n<p>Los comentarios se produjeron despu\u00e9s de que Musk sugiriera que podr\u00eda comprar la aerol\u00ednea y \u00abponer a cargo a alguien cuyo nombre real es Ryan\u00bb, incluida la realizaci\u00f3n de una encuesta sobre X en la que aproximadamente el 75% de los encuestados respaldaron su idea.<\/p>\n<p>La disputa entre el empresario irland\u00e9s y uno de los hombres m\u00e1s ricos del mundo ha estado latente durante d\u00edas, despu\u00e9s de que O&#39;Leary dijera la semana pasada que su aerol\u00ednea no agregar\u00eda Wi-Fi satelital Starlink en los aviones de Ryanair, inform\u00f3 Reuters. <\/p>\n<p>Luego, Musk acus\u00f3 al jefe de la aerol\u00ednea de estar \u00abmal informado\u00bb, a lo que O&#39;Leary respondi\u00f3 en una estaci\u00f3n de radio irlandesa: \u00abNo le prestar\u00eda ninguna atenci\u00f3n a Elon Musk, es un idiota\u00bb.<\/p>\n<p>Musk respondi\u00f3 a O&#39;Leary en una publicaci\u00f3n X, llam\u00e1ndolo \u00abidiota total\u00bb e \u00abimb\u00e9cil\u00bb, antes de plantear la idea de comprar la aerol\u00ednea.<\/p>\n<p><strong>STARLINK OFRECE INTERNET GRATIS A VENEZUELA TRAS EL ARRESTAMIENTO DE NICOL\u00c1S MADURO EN ESTADOS UNIDOS<\/strong><\/p>\n<div class=\"inline image-ct\">\n<div class=\"m\"><picture><source media=\"(max-width: 767px)\" srcset=\"https:\/\/a57.foxnews.com\/static.foxbusiness.com\/foxbusiness.com\/content\/uploads\/2025\/12\/343\/192\/elon-musk-saudi-investment-forum-getty.jpg?ve=1&amp;tl=1, https:\/\/a57.foxnews.com\/static.foxbusiness.com\/foxbusiness.com\/content\/uploads\/2025\/12\/686\/384\/elon-musk-saudi-investment-forum-getty.jpg?ve=1&amp;tl=1 2x\"><source media=\"(min-width: 768px) and (max-width: 1023px)\" srcset=\"https:\/\/a57.foxnews.com\/static.foxbusiness.com\/foxbusiness.com\/content\/uploads\/2025\/12\/672\/378\/elon-musk-saudi-investment-forum-getty.jpg?ve=1&amp;tl=1, https:\/\/a57.foxnews.com\/static.foxbusiness.com\/foxbusiness.com\/content\/uploads\/2025\/12\/1344\/756\/elon-musk-saudi-investment-forum-getty.jpg?ve=1&amp;tl=1 2x\"><source media=\"(min-width: 1024px) and (max-width: 1279px)\" srcset=\"https:\/\/a57.foxnews.com\/static.foxbusiness.com\/foxbusiness.com\/content\/uploads\/2025\/12\/931\/523\/elon-musk-saudi-investment-forum-getty.jpg?ve=1&amp;tl=1, https:\/\/a57.foxnews.com\/static.foxbusiness.com\/foxbusiness.com\/content\/uploads\/2025\/12\/1862\/1046\/elon-musk-saudi-investment-forum-getty.jpg?ve=1&amp;tl=1 2x\"><source media=\"(min-width: 1280px)\" srcset=\"https:\/\/a57.foxnews.com\/static.foxbusiness.com\/foxbusiness.com\/content\/uploads\/2025\/12\/720\/405\/elon-musk-saudi-investment-forum-getty.jpg?ve=1&amp;tl=1, https:\/\/a57.foxnews.com\/static.foxbusiness.com\/foxbusiness.com\/content\/uploads\/2025\/12\/1440\/810\/elon-musk-saudi-investment-forum-getty.jpg?ve=1&amp;tl=1 2x\"><img decoding=\"async\" src=\"https:\/\/a57.foxnews.com\/static.foxbusiness.com\/foxbusiness.com\/content\/uploads\/2025\/12\/931\/523\/elon-musk-saudi-investment-forum-getty.jpg?ve=1&amp;tl=1\" alt=\"Elon Musk sentado con traje durante una mesa redonda en Washington, DC\"\/><\/source><\/source><\/source><\/source><\/picture><\/div>\n<div class=\"caption\">\n<p><span>Elon Musk, director ejecutivo de Tesla Inc., durante el Foro de Inversi\u00f3n entre Estados Unidos y Arabia Saudita en el Kennedy Center en Washington, DC, EE. UU., el mi\u00e9rcoles 19 de noviembre de 2025.<\/span><span>  (Stefani Reynolds\/Bloomberg v\u00eda Getty Images\/Getty Images)<\/span><\/p>\n<\/div>\n<\/div>\n<p>En la conferencia de prensa, que Ryanair dijo que ser\u00eda una respuesta a los \u00ab\u00faltimos Twits&#8211;t de Musk\u00bb, O&#39;Leary rest\u00f3 importancia a los insultos diciendo que el CEO de SpaceX tendr\u00eda que unirse a una larga fila de personas, incluidos sus hijos, que ya lo han insultado.<\/p>\n<p>Luego agradeci\u00f3 a Musk por la \u00abpublicidad adicional\u00bb.<\/p>\n<p><strong><u>OBT\u00c9N FOX BUSINESS SOBRE LA MARCHA HACIENDO CLIC AQU\u00cd<\/u><\/strong><\/p>\n<div class=\"inline image-ct\">\n<div class=\"m\"><picture><source media=\"(max-width: 767px)\" srcset=\"https:\/\/a57.foxnews.com\/static.foxbusiness.com\/foxbusiness.com\/content\/uploads\/2026\/01\/343\/192\/ryanair-ceo-michael-oleary-next-to-elon-musk.jpg?ve=1&amp;tl=1, https:\/\/a57.foxnews.com\/static.foxbusiness.com\/foxbusiness.com\/content\/uploads\/2026\/01\/686\/384\/ryanair-ceo-michael-oleary-next-to-elon-musk.jpg?ve=1&amp;tl=1 2x\"><source media=\"(min-width: 768px) and (max-width: 1023px)\" srcset=\"https:\/\/a57.foxnews.com\/static.foxbusiness.com\/foxbusiness.com\/content\/uploads\/2026\/01\/672\/378\/ryanair-ceo-michael-oleary-next-to-elon-musk.jpg?ve=1&amp;tl=1, https:\/\/a57.foxnews.com\/static.foxbusiness.com\/foxbusiness.com\/content\/uploads\/2026\/01\/1344\/756\/ryanair-ceo-michael-oleary-next-to-elon-musk.jpg?ve=1&amp;tl=1 2x\"><source media=\"(min-width: 1024px) and (max-width: 1279px)\" srcset=\"https:\/\/a57.foxnews.com\/static.foxbusiness.com\/foxbusiness.com\/content\/uploads\/2026\/01\/931\/523\/ryanair-ceo-michael-oleary-next-to-elon-musk.jpg?ve=1&amp;tl=1, https:\/\/a57.foxnews.com\/static.foxbusiness.com\/foxbusiness.com\/content\/uploads\/2026\/01\/1862\/1046\/ryanair-ceo-michael-oleary-next-to-elon-musk.jpg?ve=1&amp;tl=1 2x\"><source media=\"(min-width: 1280px)\" srcset=\"https:\/\/a57.foxnews.com\/static.foxbusiness.com\/foxbusiness.com\/content\/uploads\/2026\/01\/720\/405\/ryanair-ceo-michael-oleary-next-to-elon-musk.jpg?ve=1&amp;tl=1, https:\/\/a57.foxnews.com\/static.foxbusiness.com\/foxbusiness.com\/content\/uploads\/2026\/01\/1440\/810\/ryanair-ceo-michael-oleary-next-to-elon-musk.jpg?ve=1&amp;tl=1 2x\"><img decoding=\"async\" src=\"https:\/\/a57.foxnews.com\/static.foxbusiness.com\/foxbusiness.com\/content\/uploads\/2026\/01\/931\/523\/ryanair-ceo-michael-oleary-next-to-elon-musk.jpg?ve=1&amp;tl=1\" alt=\"El CEO de Ryanair, Michael O&#39;Leary, junto a Elon Musk\"\/><\/source><\/source><\/source><\/source><\/picture><\/div>\n<div class=\"caption\">\n<p><span>El director ejecutivo de Ryanair, Michael O&#39;Leary, desestim\u00f3 los comentarios de Elon Musk sobre una posible adquisici\u00f3n de la aerol\u00ednea.<\/span><span>  (Chris J. Ratcliffe\/Bloomberg v\u00eda Getty Images; Richard Bord\/WireImage\/Fox News)<\/span><\/p>\n<\/div>\n<\/div>\n<p>Algunas aerol\u00edneas, incluidas Qatar Airways, WestJet de Canad\u00e1 y Hawaiian Airlines, han seguido adelante con Starlink Wi-Fi, pero O&#39;Leary dijo que cree que pocos pasajeros de Ryanair estar\u00edan dispuestos a pagar m\u00e1s por el servicio en vuelos m\u00e1s cortos.<\/p>\n<p>\u00abLa gente de Starlink cree que el 90% de nuestros pasajeros pagar\u00eda felizmente por el acceso WiFi. Lamentablemente, nuestra experiencia nos dice que creemos que menos del 10% de nuestros pasajeros pagar\u00eda por este acceso\u00bb, dijo.<\/p>\n<\/div>\n\n","protected":false},"excerpt":{"rendered":"<p>Madison Alworth de FOX Business informa sobre una posible oferta p\u00fablica inicial de SpaceX y el impulso de los centros de datos espaciales en &#39;Varney &#038; Co.&#39; El director ejecutivo de Ryanair, Michael O&#39;Leary, respondi\u00f3 a la reciente sugerencia de Elon Musk de que podr\u00eda comprar la aerol\u00ednea, intensificando la disputa entre los dos mientras &hellip;<\/p>\n","protected":false},"author":1,"featured_media":56419,"comment_status":"open","ping_status":"open","sticky":false,"template":"","format":"standard","meta":{"fifu_image_url":"https:\/\/a57.foxnews.com\/static.foxbusiness.com\/foxbusiness.com\/content\/uploads\/2026\/01\/0\/0\/ryanair-ceo-michael-oleary-next-to-elon-musk.jpg?ve=1&tl=1","fifu_image_alt":"","footnotes":""},"categories":[3],"tags":[],"class_list":["post-56417","post","type-post","status-publish","format-standard","has-post-thumbnail","","category-negocio"],"_links":{"self":[{"href":"https:\/\/noticiasveraces.com\/index.php?rest_route=\/wp\/v2\/posts\/56417","targetHints":{"allow":["GET"]}}],"collection":[{"href":"https:\/\/noticiasveraces.com\/index.php?rest_route=\/wp\/v2\/posts"}],"about":[{"href":"https:\/\/noticiasveraces.com\/index.php?rest_route=\/wp\/v2\/types\/post"}],"author":[{"embeddable":true,"href":"https:\/\/noticiasveraces.com\/index.php?rest_route=\/wp\/v2\/users\/1"}],"replies":[{"embeddable":true,"href":"https:\/\/noticiasveraces.com\/index.php?rest_route=%2Fwp%2Fv2%2Fcomments&post=56417"}],"version-history":[{"count":0,"href":"https:\/\/noticiasveraces.com\/index.php?rest_route=\/wp\/v2\/posts\/56417\/revisions"}],"wp:featuredmedia":[{"embeddable":true,"href":"https:\/\/noticiasveraces.com\/index.php?rest_route=\/wp\/v2\/media\/56419"}],"wp:attachment":[{"href":"https:\/\/noticiasveraces.com\/index.php?rest_route=%2Fwp%2Fv2%2Fmedia&parent=56417"}],"wp:term":[{"taxonomy":"category","embeddable":true,"href":"https:\/\/noticiasveraces.com\/index.php?rest_route=%2Fwp%2Fv2%2Fcategories&post=56417"},{"taxonomy":"post_tag","embeddable":true,"href":"https:\/\/noticiasveraces.com\/index.php?rest_route=%2Fwp%2Fv2%2Ftags&post=56417"}],"curies":[{"name":"wp","href":"https:\/\/api.w.org\/{rel}","templated":true}]}}