{"id":56391,"date":"2026-01-22T05:35:25","date_gmt":"2026-01-22T09:35:25","guid":{"rendered":"https:\/\/noticiasveraces.com\/?p=56391"},"modified":"2026-01-22T05:35:25","modified_gmt":"2026-01-22T09:35:25","slug":"seis-de-cada-diez-personas-trans-y-no-binarias-han-sufrido-violencia-fisica-o-sexual-a-lo-largo-de-su-vida-lgtbiq","status":"publish","type":"post","link":"https:\/\/noticiasveraces.com\/?p=56391","title":{"rendered":"Seis de cada diez personas trans y no binarias han sufrido violencia f\u00edsica o sexual a lo largo de su vida | LGTBIQ+"},"content":{"rendered":"<p> \n<\/p>\n<div data-dtm-region=\"articulo_cuerpo\">\n<p class=\"\">Seis de cada diez personas de g\u00e9nero diverso \u2014que incluye a trans, no binarias o intersexuales\u2014 han sufrido violencia f\u00edsica o sexual a lo largo de su vida. El dato es una de las conclusiones de un metaan\u00e1lisis que abarca casi un centenar de estudios, publicados entre 2010 y 2023, con opiniones de m\u00e1s de 65.000 personas provenientes de 22 pa\u00edses y que acaba de publicar ha publicado la revista especializada en salud <i>Red Jama abierta<\/i>.<\/p>\n<p class=\"\">\u201cEste trabajo representa la mejor evidencia disponible hasta la fecha sobre la prevalencia de la violencia contra las personas trans a nivel mundial\u201d, apunta Sarah Peitzmeier, investigadora y profesora asociada a la Escuela de Salud P\u00fablica de la Universidad de Maryland, en un texto que comenta la investigaci\u00f3n. La experta considera las conclusiones del trabajo una prueba \u201cinnegable\u201d de la vulnerabilidad de estas personas y que exige alg\u00fan tipo de intervenci\u00f3n. <\/p>\n<p class=\"\">La investigaci\u00f3n, que ha estudiado la prevalencia combinada de la violencia interpersonal \u2015f\u00edsica y sexual, pero no de la psicol\u00f3gica ni de la econ\u00f3mica\u2015, concluye que un 36% de las personas trans y no binarias ha sufrido ataques f\u00edsicos en alg\u00fan momento de su vida. Adem\u00e1s, un tercio (33%) ha sido asaltada sexualmente, seg\u00fan el metaan\u00e1lisis, liderado por la investigadora Cortney McLellan, de la Escuela de Salud P\u00fablica Johns Hopkins Bloomberg (perteneciente a la prestigiosa universidad estadounidense Johns Hopkins). <\/p>\n<p class=\"\">\u201cLas personas trans tienen el doble (2,2) de probabilidades de experimentar violencia f\u00edsica por parte de una pareja \u00edntima que las personas cis [alguien cuya identidad de g\u00e9nero coincide con el sexo que se le asign\u00f3 al nacer] y 2,5 veces m\u00e1s de sufrir violencia sexual\u201d, cuantifica el trabajo. Los investigadores vinculan ese aumento del riesgo con \u201cfactores estructurales multifac\u00e9ticos: el estigma social, la falta de protecciones legal adecuada, y la discriminaci\u00f3n econ\u00f3mica o en el acceso a la atenci\u00f3n sanitaria\u201d. \u201cEstos factores aumentan el riesgo de sufrir violencia y, al mismo tiempo, limitan el acceso a programas de prevenci\u00f3n y respuesta de la misma\u201d, alertan.<\/p>\n<p class=\"\">\u201cYo he recibido violencia f\u00edsica\u201d, cuenta la pol\u00edtica Carla Antonelli (M\u00e1s Madrid), un referente, pues fue la primera mujer trans en Espa\u00f1a en ser elegida diputada en Espa\u00f1a y despu\u00e9s tambi\u00e9n en convertirse en senadora. Habla de pu\u00f1etazos, de golpes, de palizas o de \u201cuna pistola apunt\u00e1ndome a la cabeza\u201d. \u201cEsa violencia la sufr\u00ed cuando era m\u00e1s joven, cuando estaba m\u00e1s expuesta, en la calle, en el \u00e1mbito familiar, con la polic\u00eda\u201d, matiza. \u201cAhora, por suerte, ya no la sufro, aunque muchas personas trans la siguen padeciendo\u201d. <\/p>\n<figure class=\"a_m a_m-h \"><span class=\"_db a_m_w _pr lb_btn\"><img decoding=\"auto\" class=\"_re lazyload a_m-h\" height=\"276\" srcset=\"https:\/\/imagenes.elpais.com\/resizer\/v2\/K4UWUA4TBIJNKKFCSZVZ4YHAVM.jpg?auth=0d3a0383e020d4dbc5252019fe62d5fc93d2eaaf4b4d244333df23ac054296a0&amp;width=414 414w,https:\/\/imagenes.elpais.com\/resizer\/v2\/K4UWUA4TBIJNKKFCSZVZ4YHAVM.jpg?auth=0d3a0383e020d4dbc5252019fe62d5fc93d2eaaf4b4d244333df23ac054296a0&amp;width=828 640w,https:\/\/imagenes.elpais.com\/resizer\/v2\/K4UWUA4TBIJNKKFCSZVZ4YHAVM.jpg?auth=0d3a0383e020d4dbc5252019fe62d5fc93d2eaaf4b4d244333df23ac054296a0&amp;width=980 1000w,https:\/\/imagenes.elpais.com\/resizer\/v2\/K4UWUA4TBIJNKKFCSZVZ4YHAVM.jpg?auth=0d3a0383e020d4dbc5252019fe62d5fc93d2eaaf4b4d244333df23ac054296a0&amp;width=1960 1960w\" width=\"414\" sizes=\"auto, (min-width:1199px) 1155px,(min-width:1001px) calc(100vw - 44px),(min-width:768px) 767px, 100vw\" src=\"https:\/\/imagenes.elpais.com\/resizer\/v2\/K4UWUA4TBIJNKKFCSZVZ4YHAVM.jpg?auth=0d3a0383e020d4dbc5252019fe62d5fc93d2eaaf4b4d244333df23ac054296a0&amp;width=414\" loading=\"lazy\"\/><svg aria-hidden=\"true\" class=\"icon_multimedia_ampliar | _pa a_m_i a_m_i-a _dn\" viewbox=\"0 0 40 40\"><use xlink:href=\"#svg-ampliar\"\/><\/svg><\/span><figcaption class=\"a_m_p\" aria-hidden=\"true\"><span>Carla Antonelli, de rosa y con el brazo en alto, durante la manifestaci\u00f3n del Orgullo de Madrid del a\u00f1o pasado, el 5 de julio. <\/span><span class=\"a_m_m\">FERNANDO VILLAR (EFE)<\/span><\/figcaption><\/figure>\n<p class=\"\">Sin embargo, Antonelli denuncia que como pol\u00edtica es v\u00edctima de otro tipo de ataques: miradas de desd\u00e9n, humillaciones, mofas cuando interviene o un cuestionamiento continuado a sus opiniones: \u201cEsa transfobia es mucho mayor de lo que yo pensaba y sigue ocurriendo a d\u00eda de hoy. Se mezcla con el clasismo, pues hay gente en espacios pol\u00edticos que considera que una mujer trans no merece estar ah\u00ed [en un puesto de representaci\u00f3n p\u00fablica]\u201d. <\/p>\n<p class=\"\">El metaan\u00e1lisis resalta tambi\u00e9n la importancia de la interseccionalidad \u2015la interrelaci\u00f3n de diferentes realidades que pueden llevar a sufrir racismo, machismo, lgtbifobia, clasismo\u2026 o una mezcla de todos\u2015 a la hora de investigar la violencia y tambi\u00e9n en el dise\u00f1o de estrategias de intervenci\u00f3n. Y lo hace constatando un dato: \u201cEl 94% de las personas trans y de g\u00e9nero diverso identificadas como asesinadas en 2023 en los trabajos analizados eran mujeres trans o personas transfemeninas. La amplia mayor\u00eda, adem\u00e1s, eran negras o racializadas y todas estaban involucradas en el trabajo sexual\u201d. \u201cHay una necesidad urgente de investigaci\u00f3n interseccional\u201d, inciden los autores. <\/p>\n<p class=\"\">\u201cSer una persona trans incrementa el riesgo de ser v\u00edctima de odio en cualquiera de sus formas. Es una violencia que no se limita a un contexto concreto, sino que es una situaci\u00f3n estructural, que permea en todos \u00e1mbitos\u201d, apunta la presidenta de la Federaci\u00f3n Estatal LGTBI+, Paula Iglesias. \u201cEn Espa\u00f1a, en el \u00faltimo a\u00f1o, precisamente son las personas trans las que m\u00e1s reportan experiencias de agresi\u00f3n f\u00edsica o verbal. Adem\u00e1s, m\u00e1s de la mitad de las personas no binarias han sufrido situaciones de discriminaci\u00f3n\u201d, ahonda. De ah\u00ed que considere como \u201cimprescindible\u201d la aprobaci\u00f3n de un Pacto de Estado contra los discursos de odio hacia los grupos en situaci\u00f3n de vulnerabilidad. <\/p>\n<h3 class=\"\">Marginaci\u00f3n amplificada<\/h3>\n<p class=\"\">La investigadora Peitzmeier, por su parte, recuerda que \u201cla violencia es un problema de salud p\u00fablica susceptible de prevenci\u00f3n e intervenci\u00f3n\u201d. Mientras se ha trabajado para reducir la violencia contra las personas cis, especialmente contra las mujeres, no ha ocurrido lo mismo con respecto a las personas trans. \u201cEsta marginaci\u00f3n ahora se ha visto amplificada en Estados Unidos\u201d, avisa en referencia a las pol\u00edticas lgtbif\u00f3bicas de la Administraci\u00f3n Trump. Solo en 2025, seg\u00fan los datos facilitados por la investigadora, en EE UU se han impulsado 12 \u00f3rdenes ejecutivas presidenciales, 104 proyectos de ley federales y los distintos Estados han impulsado m\u00e1s de un millar de proyectos de ley para erosionar los derechos LGTBIQ+, y que han puesto especial \u00e9nfasis en la exclusi\u00f3n de las personas trans de la vida p\u00fablica. <\/p>\n<p class=\"\">\u201cEn Estados Unidos, las personas trans est\u00e1n asustadas ante el intento de destrucci\u00f3n masiva de sus vidas por parte del Gobierno de Trump. Al mismo tiempo, est\u00e1n muy activas\u201d, resume Antonelli. \u201cHay sectores sociales y pol\u00edticos, sobre todo vinculados a la extrema derecha, pero no solo, que intentan minimizar el sufrimiento trans y eliminar cualquier mecanismo de protecci\u00f3n\u201d, contin\u00faa. Ella considera que lo hacen porque \u201cbien est\u00e1n tolerando esa violencia, bien la est\u00e1n ejerciendo\u201d. \u201cSi aceptaran realmente la hiperdimensi\u00f3n que ha adquirido la transfobia actualmente, quiero pensar que se sentir\u00edan culpables. Pero ser\u00eda como delatarse, posicionarse como tr\u00e1nsfobos o lgtbif\u00f3bicos\u201d. <\/p>\n<p class=\"\">\u201cEl trabajo liderado por McClellan subraya que estas pol\u00edticas [de recorte de derechos trans] est\u00e1n despojando de servicios de prevenci\u00f3n y respuesta a la violencia a una poblaci\u00f3n que se ve gravemente afectada por ella\u201d, incide Peitzmeier. <\/p>\n<p class=\"\">La investigadora tambi\u00e9n apunta a que el metaan\u00e1lisis evidencia \u201cvac\u00edos cr\u00edticos\u201d a la hora de abordar la \u201cpandemia de violencia contra las personas trans\u201d. \u201cSolo el 52% de los estudios incluidos en la revisi\u00f3n preguntaron a las personas encuestadas qui\u00e9n hab\u00eda perpetrado la violencia, y solo un peque\u00f1o n\u00famero midi\u00f3 otros factores contextuales como el lugar donde ocurrieron los actos violentos\u201d, ahonda la experta. Considera que esa falta de datos sobre los perpetradores y los lugares donde ocurrieron los ataques \u201cdificulta la capacidad para dise\u00f1ar intervenciones de prevenci\u00f3n, ya sea mediante el cambio de comportamiento de potenciales agresores o a trav\u00e9s de intervenciones ambientales basadas en el espacio donde ocurren\u201d.<\/p>\n<section class=\"a_de\" data-dtm-region=\"articulo_sumarioenlaces-despiece\">\n<h2 class=\"a_de_t\">\u00bfC\u00f3mo se ha elaborado el estudio? <\/h2>\n<div class=\"a_de_txt\">\n<p>Este metaan\u00e1lisis ha identificado 94 investigaciones \u00fanicas, a partir de 137 art\u00edculos cient\u00edficos, que se han incluido en la revisi\u00f3n. As\u00ed, se han recogido las opiniones de un total de 65.608 participantes de 22 pa\u00edses, todos mayores de 18 a\u00f1os, para estudiar la violencia interpersonal.<\/p>\n<p>La mayor parte de los entrevistados para esos trabajos se identific\u00f3 como mujer trans (46 %), seguida de hombre trans (25%), persona no binaria (23%) y persona trans sin especificar su g\u00e9nero (6%). El 96% de los estudios incluy\u00f3 a mujeres trans, el 49% recogi\u00f3 opiniones de hombres trans y el 37% lo hizo de personas no binarias.  <\/p>\n<p>Tres cuartas partes de los estudios hab\u00edan sido realizados en las Am\u00e9ricas (el 52% de ellos en EE UU). No se han podido incluir trabajos para la regi\u00f3n africana al carecer de ellos. La mayor\u00eda de las investigaciones proced\u00edan de pa\u00edses de altos ingresos (66%) o de ingresos medios (23%). Solo 12 de los 94 estudios analizados (13%) proven\u00edan de pa\u00edses de ingresos medios-bajos. No hubo ning\u00fan trabajo de pa\u00edses de bajos ingresos. Casi todos los estudios se llevaron a cabo en entornos urbanos (51%) o en una combinaci\u00f3n de urbano y rural (47%).<\/p>\n<\/div>\n<\/section>\n<\/div>\n\n","protected":false},"excerpt":{"rendered":"<p>Seis de cada diez personas de g\u00e9nero diverso \u2014que incluye a trans, no binarias o intersexuales\u2014 han sufrido violencia f\u00edsica o sexual a lo largo de su vida. El dato es una de las conclusiones de un metaan\u00e1lisis que abarca casi un centenar de estudios, publicados entre 2010 y 2023, con opiniones de m\u00e1s de &hellip;<\/p>\n","protected":false},"author":1,"featured_media":56392,"comment_status":"open","ping_status":"open","sticky":false,"template":"","format":"standard","meta":{"fifu_image_url":"https:\/\/imagenes.elpais.com\/resizer\/v2\/ZCV2JZLYAFJD7MXZUGHWZLE2J4.jpg?auth=815fc75641368d59274916592598e717d5ea184695baaa0b5293720e52d84607&width=1200","fifu_image_alt":"","footnotes":""},"categories":[11],"tags":[],"class_list":["post-56391","post","type-post","status-publish","format-standard","has-post-thumbnail","","category-viaje"],"_links":{"self":[{"href":"https:\/\/noticiasveraces.com\/index.php?rest_route=\/wp\/v2\/posts\/56391","targetHints":{"allow":["GET"]}}],"collection":[{"href":"https:\/\/noticiasveraces.com\/index.php?rest_route=\/wp\/v2\/posts"}],"about":[{"href":"https:\/\/noticiasveraces.com\/index.php?rest_route=\/wp\/v2\/types\/post"}],"author":[{"embeddable":true,"href":"https:\/\/noticiasveraces.com\/index.php?rest_route=\/wp\/v2\/users\/1"}],"replies":[{"embeddable":true,"href":"https:\/\/noticiasveraces.com\/index.php?rest_route=%2Fwp%2Fv2%2Fcomments&post=56391"}],"version-history":[{"count":0,"href":"https:\/\/noticiasveraces.com\/index.php?rest_route=\/wp\/v2\/posts\/56391\/revisions"}],"wp:featuredmedia":[{"embeddable":true,"href":"https:\/\/noticiasveraces.com\/index.php?rest_route=\/wp\/v2\/media\/56392"}],"wp:attachment":[{"href":"https:\/\/noticiasveraces.com\/index.php?rest_route=%2Fwp%2Fv2%2Fmedia&parent=56391"}],"wp:term":[{"taxonomy":"category","embeddable":true,"href":"https:\/\/noticiasveraces.com\/index.php?rest_route=%2Fwp%2Fv2%2Fcategories&post=56391"},{"taxonomy":"post_tag","embeddable":true,"href":"https:\/\/noticiasveraces.com\/index.php?rest_route=%2Fwp%2Fv2%2Ftags&post=56391"}],"curies":[{"name":"wp","href":"https:\/\/api.w.org\/{rel}","templated":true}]}}