{"id":56382,"date":"2026-01-22T03:36:03","date_gmt":"2026-01-22T07:36:03","guid":{"rendered":"https:\/\/noticiasveraces.com\/?p=56382"},"modified":"2026-01-22T03:36:03","modified_gmt":"2026-01-22T07:36:03","slug":"familiares-de-presos-politicos-en-zona-7-se-mantienen-en-vigilia-pese-a-denuncias-de-instalacion-de-camaras","status":"publish","type":"post","link":"https:\/\/noticiasveraces.com\/?p=56382","title":{"rendered":"Familiares de presos pol\u00edticos en Zona 7 se mantienen en vigilia pese a denuncias de instalaci\u00f3n de c\u00e1maras"},"content":{"rendered":"<p> \n<\/p>\n<div>\n<p>Los familiares de los<strong> presos pol\u00edticos recluidos en Zona 7 de Bole\u00edta,<\/strong> se mantienen en vigilia por 14 d\u00edas consecutivos, a las afueras del centro de reclusi\u00f3n. Las personas denunciaron el 21 de enero que las autoridades instalaron c\u00e1maras frente al campamento que formaron para poder pernoctar. <\/p>\n<div class=\"ruby-table-contents rbtoc table-fw\">\n<ul class=\"toc-content h5\">\n<li>Denuncia de despliegue policial<\/li>\n<li>Sobre las excarcelaciones<\/li>\n<\/ul>\n<\/div>\n<p>\u201cAs\u00ed como estoy retirando esto (carteles con fotos de los presos pol\u00edticos), yo tambi\u00e9n quiero y denuncio que estas c\u00e1maras que est\u00e1n aqu\u00ed arriba, que nos van a ver a nosotras desnudas, <strong>es una violaci\u00f3n a nuestros derechos. <\/strong>Que sean retiradas estas c\u00e1maras\u201d, dijo Evelyn Cano, una de las madres de uno de los detenidos por causas pol\u00edticas en Zona 7.<\/p>\n<blockquote data-service=\"twitter\" data-category=\"marketing\" data-placeholder-image=\"https:\/\/eldiario.com\/wp-content\/plugins\/complianz-gdpr-premium\/assets\/images\/placeholders\/twitter-minimal.jpg\" class=\"cmplz-placeholder-element twitter-tweet\" data-media-max-width=\"560\">\n<p lang=\"es\" dir=\"ltr\"><a href=\"https:\/\/twitter.com\/hashtag\/URGENTE?src=hash&amp;ref_src=twsrc%5Etfw\">#URGENTE<\/a> <br \/>Desde las afueras de la Zona 7, los familiares de los presos pol\u00edticos denuncian las recientes medidas de vigilancia, como por ejemplo la instalaci\u00f3n de c\u00e1maras frente al campamento de los familiares. <\/p>\n<p>EXIGIMOS LA LIBERTAD INMEDIATA DE TODOS LOS PRESOS POL\u00cdTICOS. <a href=\"https:\/\/t.co\/N2hpJDsVe5\">pic.twitter.com\/N2hpJDsVe5<\/a><\/p>\n<p>\u2014 Realidad Helicoide (@RHelicoide) <a href=\"https:\/\/twitter.com\/RHelicoide\/status\/2014115602420412572?ref_src=twsrc%5Etfw\">21 de enero de 2026<\/a><\/p><\/blockquote>\n<p>Insisti\u00f3 que los cuerpos de seguridad est\u00e1n<strong> violando los derechos de quienes est\u00e1n en vigilia,<\/strong> esperando por informaci\u00f3n y liberaci\u00f3n de sus parientes. <\/p>\n<p>\u201cDe aqu\u00ed no nos vamos a ir. No queremos esas c\u00e1maras all\u00ed vigilando nuestras partes \u00edntimas\u201d, reiter\u00f3 Cano.<\/p>\n<p>Los familiares y allegados de los presos pol\u00edticos permanecen a las afueras del centro de detenci\u00f3n de la Polic\u00eda Nacional Bolivariana (PNB), durmiendo en carpas y recibiendo apoyo de personas que se acercan con donaciones. <\/p>\n<p>Estas vigilias tambi\u00e9n se han realizado en otros penales como: <strong>El Helicoide, Rodeo I, Yare y Tocuyito, <\/strong>donde se han apostado con pancartas y velas para exigir la liberaci\u00f3n de sus parientes. <\/p>\n<h2 id=\"denuncia-de-despliegue-policial\" class=\"rb-heading-index-0-840112 wp-block-heading\"><strong>Denuncia de despliegue policial<\/strong><\/h2>\n<p>M\u00e1s temprano, los familiares de los presos pol\u00edticos en Zona 7 tambi\u00e9n<strong> denunciaron el despliegue de un contingente policial en las cercan\u00edas de la c\u00e1rcel.<\/strong><\/p>\n<p>\u201cEstas madres y familias pernoctan en el lugar con un \u00fanico y leg\u00edtimo fin: ver en libertad a sus hijos. <strong>La protesta pac\u00edfica no debe ser respondida con intimidaci\u00f3n\u201d, <\/strong>escribi\u00f3 el Comit\u00e9 por la Libertad de los Presos Pol\u00edticos (Clippve) en X. <\/p>\n<figure class=\"wp-block-image size-large\"><picture fetchpriority=\"high\" decoding=\"async\" class=\"wp-image-840114\"><source type=\"image\/webp\" srcset=\"https:\/\/eldiario.com\/wp-content\/uploads\/2026\/01\/Diseno-sin-titulo-2-2-1200x800.jpg.webp 1200w, https:\/\/eldiario.com\/wp-content\/uploads\/2026\/01\/Diseno-sin-titulo-2-2-300x200.jpg.webp 300w, https:\/\/eldiario.com\/wp-content\/uploads\/2026\/01\/Diseno-sin-titulo-2-2-768x512.jpg.webp 768w, https:\/\/eldiario.com\/wp-content\/uploads\/2026\/01\/Diseno-sin-titulo-2-2-1536x1024.jpg.webp 1536w, https:\/\/eldiario.com\/wp-content\/uploads\/2026\/01\/Diseno-sin-titulo-2-2-330x220.jpg.webp 330w, https:\/\/eldiario.com\/wp-content\/uploads\/2026\/01\/Diseno-sin-titulo-2-2-420x280.jpg.webp 420w, https:\/\/eldiario.com\/wp-content\/uploads\/2026\/01\/Diseno-sin-titulo-2-2-615x410.jpg.webp 615w, https:\/\/eldiario.com\/wp-content\/uploads\/2026\/01\/Diseno-sin-titulo-2-2-860x574.jpg.webp 860w, https:\/\/eldiario.com\/wp-content\/uploads\/2026\/01\/Diseno-sin-titulo-2-2-150x100.jpg.webp 150w, https:\/\/eldiario.com\/wp-content\/uploads\/2026\/01\/Diseno-sin-titulo-2-2.jpg.webp 1600w\" sizes=\"(max-width: 1200px) 100vw, 1200px\"\/><img fetchpriority=\"high\" decoding=\"async\" width=\"1200\" height=\"800\" src=\"https:\/\/eldiario.com\/wp-content\/uploads\/2026\/01\/Diseno-sin-titulo-2-2-1200x800.jpg\" alt=\"Familiares de presos pol\u00edticos en Zona 7 se mantienen en vigilia pese a denuncias de instalaci\u00f3n de c\u00e1maras\" srcset=\"https:\/\/eldiario.com\/wp-content\/uploads\/2026\/01\/Diseno-sin-titulo-2-2-1200x800.jpg 1200w, https:\/\/eldiario.com\/wp-content\/uploads\/2026\/01\/Diseno-sin-titulo-2-2-300x200.jpg 300w, https:\/\/eldiario.com\/wp-content\/uploads\/2026\/01\/Diseno-sin-titulo-2-2-768x512.jpg 768w, https:\/\/eldiario.com\/wp-content\/uploads\/2026\/01\/Diseno-sin-titulo-2-2-1536x1024.jpg 1536w, https:\/\/eldiario.com\/wp-content\/uploads\/2026\/01\/Diseno-sin-titulo-2-2-330x220.jpg 330w, https:\/\/eldiario.com\/wp-content\/uploads\/2026\/01\/Diseno-sin-titulo-2-2-420x280.jpg 420w, https:\/\/eldiario.com\/wp-content\/uploads\/2026\/01\/Diseno-sin-titulo-2-2-615x410.jpg 615w, https:\/\/eldiario.com\/wp-content\/uploads\/2026\/01\/Diseno-sin-titulo-2-2-860x574.jpg 860w, https:\/\/eldiario.com\/wp-content\/uploads\/2026\/01\/Diseno-sin-titulo-2-2-150x100.jpg 150w, https:\/\/eldiario.com\/wp-content\/uploads\/2026\/01\/Diseno-sin-titulo-2-2.jpg 1600w\" sizes=\"(max-width: 1200px) 100vw, 1200px\"\/>\n<\/picture><figcaption class=\"wp-element-caption\">@RHelicoide<\/figcaption><\/figure>\n<p>Durante la vigilia del 20 de enero, el equipo de <strong>El Diario<\/strong> estuvo presente y constat\u00f3 que la PNB mantiene<strong> bloqueado el comando con un veh\u00edculo \u201cmurci\u00e9lago\u201d<\/strong>adem\u00e1s de presencia de piquetes antimotines. <\/p>\n<h2 id=\"sobre-las-excarcelaciones\" class=\"rb-heading-index-1-840112 wp-block-heading\"><strong>Sobre las excarcelaciones<\/strong><\/h2>\n<p>Las excarcelaciones de presos pol\u00edticos se han realizado de manera lenta y progresiva, luego de que el 8 de enero el presidente de la Asamblea Nacional, Jorge Rodr\u00edguez, anunci\u00f3 la liberaci\u00f3n de \u201cun n\u00famero importante de personas\u201d. <\/p>\n<p>Hasta el 21 de enero, entre el Foro Penal, Justicia, Encuentro y Perd\u00f3n (JEP) y partidos pol\u00edticos, se han confirmado al menos 145 excarcelaciones, de 777 que se mantienen recluidos. <\/p>\n<p>Adem\u00e1s, Foro Penal inform\u00f3 el 21 de enero que ha recibido denuncias de familiares de al menos 122 presos pol\u00edticos, en casos que no hab\u00edan sido reportados anteriormente por \u201cmiedo\u201d.<\/p>\n<p><!-- CONTENT END 1 -->\n<\/div>\n<p><script async src=\"https:\/\/platform.twitter.com\/widgets.js\" charset=\"utf-8\"><\/script><br \/>\n<br \/>\n","protected":false},"excerpt":{"rendered":"<p>Los familiares de los presos pol\u00edticos recluidos en Zona 7 de Bole\u00edta, se mantienen en vigilia por 14 d\u00edas consecutivos, a las afueras del centro de reclusi\u00f3n. Las personas denunciaron el 21 de enero que las autoridades instalaron c\u00e1maras frente al campamento que formaron para poder pernoctar. Denuncia de despliegue policial Sobre las excarcelaciones \u201cAs\u00ed &hellip;<\/p>\n","protected":false},"author":1,"featured_media":56384,"comment_status":"open","ping_status":"open","sticky":false,"template":"","format":"standard","meta":{"fifu_image_url":"https:\/\/eldiario.com\/wp-content\/uploads\/2026\/01\/Diseno-sin-titulo-3-2.jpg","fifu_image_alt":"","footnotes":""},"categories":[13],"tags":[],"class_list":["post-56382","post","type-post","status-publish","format-standard","has-post-thumbnail","","category-mundo"],"_links":{"self":[{"href":"https:\/\/noticiasveraces.com\/index.php?rest_route=\/wp\/v2\/posts\/56382","targetHints":{"allow":["GET"]}}],"collection":[{"href":"https:\/\/noticiasveraces.com\/index.php?rest_route=\/wp\/v2\/posts"}],"about":[{"href":"https:\/\/noticiasveraces.com\/index.php?rest_route=\/wp\/v2\/types\/post"}],"author":[{"embeddable":true,"href":"https:\/\/noticiasveraces.com\/index.php?rest_route=\/wp\/v2\/users\/1"}],"replies":[{"embeddable":true,"href":"https:\/\/noticiasveraces.com\/index.php?rest_route=%2Fwp%2Fv2%2Fcomments&post=56382"}],"version-history":[{"count":0,"href":"https:\/\/noticiasveraces.com\/index.php?rest_route=\/wp\/v2\/posts\/56382\/revisions"}],"wp:featuredmedia":[{"embeddable":true,"href":"https:\/\/noticiasveraces.com\/index.php?rest_route=\/wp\/v2\/media\/56384"}],"wp:attachment":[{"href":"https:\/\/noticiasveraces.com\/index.php?rest_route=%2Fwp%2Fv2%2Fmedia&parent=56382"}],"wp:term":[{"taxonomy":"category","embeddable":true,"href":"https:\/\/noticiasveraces.com\/index.php?rest_route=%2Fwp%2Fv2%2Fcategories&post=56382"},{"taxonomy":"post_tag","embeddable":true,"href":"https:\/\/noticiasveraces.com\/index.php?rest_route=%2Fwp%2Fv2%2Ftags&post=56382"}],"curies":[{"name":"wp","href":"https:\/\/api.w.org\/{rel}","templated":true}]}}