{"id":56379,"date":"2026-01-22T02:34:41","date_gmt":"2026-01-22T06:34:41","guid":{"rendered":"https:\/\/noticiasveraces.com\/?p=56379"},"modified":"2026-01-22T02:34:41","modified_gmt":"2026-01-22T06:34:41","slug":"ignorancia-ciudadana-culpable-el-nacional","status":"publish","type":"post","link":"https:\/\/noticiasveraces.com\/?p=56379","title":{"rendered":"Ignorancia ciudadana culpable &#8211; EL NACIONAL"},"content":{"rendered":"<p> \n<\/p>\n<div id=\"\">\n<div class=\"image-featured\">\n<img src=\"data:image\/png;base64,iVBORw0KGgoAAAANSUhEUgAABQAAAANVAQAAAAAPDG4kAAAAAnRSTlMAAHaTzTgAAACcSURBVHja7cExAQAAAMKg9U9tCU+gAAAAAAAAAAAAAAAAAAAAAAAAAAAAAAAAAAAAAAAAAAAAAAAAAAAAAAAAAAAAAAAAAAAAAAAAAAAAAAAAAAAAAAAAAAAAAAAAAAAAAAAAAAAAAAAAAAAAAAAAAAAAAAAAAAAAAAAAAAAAAAAAAAAAAAAAAAAAAAAAAAAAAAAAAAAAAAAAAI4GGJMAAVbYOkkAAAAASUVORK5CYII=\" alt=\"Ignorancia culpable\" data-src=\"https:\/\/elnacional-uploads.nyc3.digitaloceanspaces.com\/wp-content\/uploads\/2026\/01\/21151223\/Ignorancia-culpable-1280x853.png\" decoding=\"async\" class=\"lazyload\" data-eio-rwidth=\"1280\" data-eio-rheight=\"853\"\/><img decoding=\"async\" src=\"https:\/\/elnacional-uploads.nyc3.digitaloceanspaces.com\/wp-content\/uploads\/2026\/01\/21151223\/Ignorancia-culpable-1280x853.png\" alt=\"Ignorancia culpable\" data-eio=\"l\"\/><\/div>\n<p>Un ciudadano com\u00fan no tiene por qu\u00e9 conocer los nombres de los directivos de su Asamblea Nacional ni de los ministros en ejercicio, como tampoco la lista de c\u00f3digos que rigen el ordenamiento de la Rep\u00fablica ni de los convenios internacionales vigentes. Pero hay algunas cosas que s\u00ed resultan de conocimiento obligante y constituyen una especie de abc en materia de orientaci\u00f3n pol\u00edtica.<\/p>\n<p>En un peque\u00f1o libro titulado <em>Doctrina Social de la Iglesia<\/em>que escrib\u00ed y sub\u00ed a mi blog perezdoc1810.blogspot.com, luego de abordar algunos temas fundamentales en esa materia, inclu\u00ed algo que entiendo como de conocimiento b\u00e1sico y necesario para un ciudadano com\u00fan y corriente de este pa\u00eds: el pr\u00f3logo y los principios fundamentales de nuestra Constituci\u00f3n, as\u00ed como la tabla de la Declaraci\u00f3n universal de derechos humanos proclamada por la ONU en 1948. Por cierto que hace poco, en un encuentro con j\u00f3venes universitarios comprometidos en servicios sociales de variada \u00edndole, les preguntaba si hab\u00edan le\u00eddo alguna vez esos textos y respondieron negativamente.<\/p>\n<p>El principio filos\u00f3fico b\u00e1sico de que \u201cla ra\u00edz de la voluntad est\u00e1 en el intelecto\u201d se refleja en una frase sencilla corriente: \u201cnadie quiere lo que no conoce\u201d. Las consecuencias de esto para un buen comportamiento \u00e9tico y una actitud constructiva social son m\u00e1s que evidentes. Si importante es saber sumar y restar, igualmente o m\u00e1s es tener herramientas mentales b\u00e1sicas para fundamentar una convivencia humana digna de tal nombre.<\/p>\n<p>Hay dos ejemplos que me gusta recordar. El primero es el del arzobispo de Caracas Rafael Arias Blanco (autor de la carta pastoral que contribuy\u00f3 poderosamente a generar la ca\u00edda de una dictadura en enero de 1958); \u00e9l, unos a\u00f1os antes, en un catecismo para los primeros grados de instrucci\u00f3n elemental, hab\u00eda introducido ya una lecci\u00f3n sobre Doctrina Social de la Iglesia. Dos d\u00e9cadas despu\u00e9s, el papa Juan Pablo II, en un documento sobre la formaci\u00f3n de la fe, afirm\u00f3 que la instrucci\u00f3n en esta materia deb\u00eda estar presente desde los inicios mismos de la ense\u00f1anza catequ\u00edstica.<\/p>\n<p>La corresponsabilidad de todos los ciudadanos en la construcci\u00f3n de la polis exige una formaci\u00f3n correspondiente en los principios b\u00e1sicos del ordenamiento constitucional del pa\u00eds, de los derechos humanos \u2014que tienen como su otra cara los deberes\u2014, de elementos te\u00f3ricos y orientaciones pr\u00e1cticas que estimulen el compromiso de personas, familias y grupos sociales por el bien com\u00fan y la participaci\u00f3n c\u00edvica tambi\u00e9n electoral. En este orden de cosas se inscriben los elementos fundamentales de la pol\u00edtica como algo en lo cual estamos inmersos desde nuestro nacimiento y llamados a tomar parte en diversas formas seg\u00fan capacidades, vocaciones, circunstancias y oportunidades.<\/p>\n<p>Los reg\u00edmenes dictatoriales y los sistemas totalitarios no brotan y crecen en el vac\u00edo. No olvidando, por lo dem\u00e1s, que los vac\u00edos los llena siempre algo o alguien. A veces se usa entre nosotros la expresi\u00f3n \u201cno somos suizos\u201d para justificar realidades marcadas o por comportamientos sociales an\u00e1rquicos o por manejos gubernamentales autoritarios. Se olvida que lo definitivamente determinante en la persona no es la geograf\u00eda, sino su educaci\u00f3n y el manejo de su libertad. Teniendo presente, adem\u00e1s, que lo intelectual y volitivo no se dan en el ser humano al estado puro y que en ese mismo ser siempre est\u00e1n dando vueltas tanto la tentaci\u00f3n como el pecado. En este sentido, no hay que olvidar una vieja sentencia latina: \u201cveo y pruebo lo mejor, pero sigo lo peor\u201d.<\/p>\n<p>Por \u00faltimo, si importante nos es el conocimiento de las ciencias y dentro de ellas las sociales y pol\u00edticas, lo que definitivamente interesa es la rectitud \u00e9tica y espiritual en el actuar. De all\u00ed lo clave de cultivar y poner por obra valores que generen autenticidad personal y positividad societaria. No en vano ha quedado como br\u00fajula para la posteridad aquello de Sim\u00f3n Bol\u00edvar de la moral y las luces como primeras necesidades.<\/p>\n<\/div>\n\n","protected":false},"excerpt":{"rendered":"<p>Un ciudadano com\u00fan no tiene por qu\u00e9 conocer los nombres de los directivos de su Asamblea Nacional ni de los ministros en ejercicio, como tampoco la lista de c\u00f3digos que rigen el ordenamiento de la Rep\u00fablica ni de los convenios internacionales vigentes. Pero hay algunas cosas que s\u00ed resultan de conocimiento obligante y constituyen una &hellip;<\/p>\n","protected":false},"author":1,"featured_media":56381,"comment_status":"open","ping_status":"open","sticky":false,"template":"","format":"standard","meta":{"fifu_image_url":"https:\/\/elnacional-uploads.nyc3.digitaloceanspaces.com\/wp-content\/uploads\/2026\/01\/21151223\/Ignorancia-culpable.png","fifu_image_alt":"","footnotes":""},"categories":[13],"tags":[],"class_list":["post-56379","post","type-post","status-publish","format-standard","has-post-thumbnail","","category-mundo"],"_links":{"self":[{"href":"https:\/\/noticiasveraces.com\/index.php?rest_route=\/wp\/v2\/posts\/56379","targetHints":{"allow":["GET"]}}],"collection":[{"href":"https:\/\/noticiasveraces.com\/index.php?rest_route=\/wp\/v2\/posts"}],"about":[{"href":"https:\/\/noticiasveraces.com\/index.php?rest_route=\/wp\/v2\/types\/post"}],"author":[{"embeddable":true,"href":"https:\/\/noticiasveraces.com\/index.php?rest_route=\/wp\/v2\/users\/1"}],"replies":[{"embeddable":true,"href":"https:\/\/noticiasveraces.com\/index.php?rest_route=%2Fwp%2Fv2%2Fcomments&post=56379"}],"version-history":[{"count":0,"href":"https:\/\/noticiasveraces.com\/index.php?rest_route=\/wp\/v2\/posts\/56379\/revisions"}],"wp:featuredmedia":[{"embeddable":true,"href":"https:\/\/noticiasveraces.com\/index.php?rest_route=\/wp\/v2\/media\/56381"}],"wp:attachment":[{"href":"https:\/\/noticiasveraces.com\/index.php?rest_route=%2Fwp%2Fv2%2Fmedia&parent=56379"}],"wp:term":[{"taxonomy":"category","embeddable":true,"href":"https:\/\/noticiasveraces.com\/index.php?rest_route=%2Fwp%2Fv2%2Fcategories&post=56379"},{"taxonomy":"post_tag","embeddable":true,"href":"https:\/\/noticiasveraces.com\/index.php?rest_route=%2Fwp%2Fv2%2Ftags&post=56379"}],"curies":[{"name":"wp","href":"https:\/\/api.w.org\/{rel}","templated":true}]}}