{"id":56371,"date":"2026-01-21T23:38:25","date_gmt":"2026-01-22T03:38:25","guid":{"rendered":"https:\/\/noticiasveraces.com\/?p=56371"},"modified":"2026-01-21T23:38:25","modified_gmt":"2026-01-22T03:38:25","slug":"los-nuevos-airpods-pro-tendran-camaras-pero-no-para-lo-que-imaginas","status":"publish","type":"post","link":"https:\/\/noticiasveraces.com\/?p=56371","title":{"rendered":"Los nuevos Airpods Pro tendr\u00e1n c\u00e1maras, pero no para lo que imaginas"},"content":{"rendered":"<p> \n<\/p>\n<div>\n<p>Este 2026 podr\u00eda llegar una versi\u00f3n premium de los AirPods Pro. De concretarse, la gigante de Cupertino replicar\u00eda la estrategia aplicada con los AirPods 4, que ofrece dos versiones: una con cancelaci\u00f3n de ruido y otra sin ella. Seg\u00fan informes en l\u00ednea, <strong>estos nuevos aud\u00edfonos inal\u00e1mbricos incorporar\u00edan c\u00e1maras infrarrojas para el control de gestos, lo que permitir\u00eda una interacci\u00f3n m\u00e1s natural e inmediata con el entorno.<\/strong><\/p>\n<p>La nueva generaci\u00f3n de AirPods Pro con c\u00e1mara promete mejorar tanto el rendimiento como la usabilidad diaria en comparaci\u00f3n con la versi\u00f3n lanzada en 2025, que inclu\u00eda un puerto USB-C para cargar el estuche. Adem\u00e1s, ofrecer\u00e1 una experiencia de audio espacial m\u00e1s envolvente, elevando la calidad de la reproducci\u00f3n sonora.<\/p>\n<h2>Para qu\u00e9 sirve la c\u00e1mara de infrarrojos<\/h2>\n<p>Ming-Chi Kuo, analista confiable de Apple fue quien adelant\u00f3 los planes de la compa\u00f1\u00eda, confirmando que la pr\u00f3xima generaci\u00f3n de AirPods Pro contar\u00eda con una c\u00e1mara de infrarrojos. El objetivo de la marca californiana ser\u00eda avanzar hacia los controles basados en gestos sin depender de los toques en el eje del aud\u00edfono.<\/p>\n<p><strong>Los sensores ser\u00e1n capaces de detectar los movimientos de la mano en proximidad para cambiar de una pista a otra, ajustar el volumen y para otras opciones como responder a una llamada.<\/strong> Adem\u00e1s, cuando se emparejan con visores como Vision Pro, los aud\u00edfonos pueden reproducir audio espacial de forma m\u00e1s realista, modulando el sonido seg\u00fan los movimientos del usuario en el entorno. En cuanto al <em>hardware<\/em>se espera que el chip propietario H3 est\u00e9 a bordo para controlar el sistema, para obtener m\u00e1s rendimiento y optimizar el consumo de energ\u00eda, y tambi\u00e9n se esperan nuevas funciones para la detecci\u00f3n de datos biom\u00e9tricos.<\/p>\n<hr\/>\n<hr\/>\n<h2>No hace mucho Apple introdujo la traducci\u00f3n en vivo<\/h2>\n<p>En septiembre pasado, tras la presentaci\u00f3n de las distintas versiones del iPhone 17, Tim Cook anunci\u00f3 los AirPods 3. Estos aud\u00edfonos ofrec\u00edan, entre otras caracter\u00edsticas, hasta 8 horas de bater\u00eda con cancelaci\u00f3n de ruido y 10 sin ella, certificaci\u00f3n IP57 y la integraci\u00f3n de Apple Intelligence.<\/p>\n<p>Esta funci\u00f3n permite a los aud\u00edfonos traducir en tiempo real los principales idiomas del mundo, facilitando conversaciones m\u00e1s fluidas. Seg\u00fan la compa\u00f1\u00eda, el modelo no solo traduce las palabras al mismo ritmo en que se pronuncian, sino que tambi\u00e9n interpreta el contexto de las frases, ofreciendo as\u00ed una traducci\u00f3n m\u00e1s precisa del mensaje original.<\/p>\n<p>Sin saberlo, esta actualizaci\u00f3n nos prepar\u00f3 para un futuro en el que los aud\u00edfonos no solo podr\u00edan ayudarnos a entender el lenguaje hablado, sino tambi\u00e9n permitir un seguimiento de las manos para controlar los AirPods sin necesidad de tocarlos.<\/p>\n<h2>Cu\u00e1ndo saldr\u00e1n a la venta los nuevos AirPods<\/h2>\n<p>Al no tratarse de un anuncio oficial, no se ha establecido una fecha de lanzamiento. No obstante, <strong>es probable que los nuevos AirPods se presenten durante la <em>fundamental<\/em> del iPhone en septiembre.<\/strong> Actualmente, los AirPods Pro 3 tienen un precio de 249 d\u00f3lares, mientras que los AirPods Max cuestan 549 d\u00f3lares, por lo que <strong>el precio de los nuevos aud\u00edfonos podr\u00eda situarse entre 300 y 400 d\u00f3lares.<\/strong><\/p>\n<p><em>Art\u00edculo originalmente publicado en<\/em> CABLEADO Italia. <em>Adaptado por Alondra Flores.<\/em><\/p>\n<\/div>\n\n","protected":false},"excerpt":{"rendered":"<p>Este 2026 podr\u00eda llegar una versi\u00f3n premium de los AirPods Pro. De concretarse, la gigante de Cupertino replicar\u00eda la estrategia aplicada con los AirPods 4, que ofrece dos versiones: una con cancelaci\u00f3n de ruido y otra sin ella. Seg\u00fan informes en l\u00ednea, estos nuevos aud\u00edfonos inal\u00e1mbricos incorporar\u00edan c\u00e1maras infrarrojas para el control de gestos, lo &hellip;<\/p>\n","protected":false},"author":1,"featured_media":56372,"comment_status":"open","ping_status":"open","sticky":false,"template":"","format":"standard","meta":{"fifu_image_url":"https:\/\/media.es.wired.com\/photos\/6970f0ed531335355114d630\/16:9\/w_1280,c_limit\/AirPods%20Pro%203%20auricolari.jpg","fifu_image_alt":"","footnotes":""},"categories":[2],"tags":[],"class_list":["post-56371","post","type-post","status-publish","format-standard","has-post-thumbnail","","category-tecnologia"],"_links":{"self":[{"href":"https:\/\/noticiasveraces.com\/index.php?rest_route=\/wp\/v2\/posts\/56371","targetHints":{"allow":["GET"]}}],"collection":[{"href":"https:\/\/noticiasveraces.com\/index.php?rest_route=\/wp\/v2\/posts"}],"about":[{"href":"https:\/\/noticiasveraces.com\/index.php?rest_route=\/wp\/v2\/types\/post"}],"author":[{"embeddable":true,"href":"https:\/\/noticiasveraces.com\/index.php?rest_route=\/wp\/v2\/users\/1"}],"replies":[{"embeddable":true,"href":"https:\/\/noticiasveraces.com\/index.php?rest_route=%2Fwp%2Fv2%2Fcomments&post=56371"}],"version-history":[{"count":0,"href":"https:\/\/noticiasveraces.com\/index.php?rest_route=\/wp\/v2\/posts\/56371\/revisions"}],"wp:featuredmedia":[{"embeddable":true,"href":"https:\/\/noticiasveraces.com\/index.php?rest_route=\/wp\/v2\/media\/56372"}],"wp:attachment":[{"href":"https:\/\/noticiasveraces.com\/index.php?rest_route=%2Fwp%2Fv2%2Fmedia&parent=56371"}],"wp:term":[{"taxonomy":"category","embeddable":true,"href":"https:\/\/noticiasveraces.com\/index.php?rest_route=%2Fwp%2Fv2%2Fcategories&post=56371"},{"taxonomy":"post_tag","embeddable":true,"href":"https:\/\/noticiasveraces.com\/index.php?rest_route=%2Fwp%2Fv2%2Ftags&post=56371"}],"curies":[{"name":"wp","href":"https:\/\/api.w.org\/{rel}","templated":true}]}}