{"id":56369,"date":"2026-01-21T23:33:10","date_gmt":"2026-01-22T03:33:10","guid":{"rendered":"https:\/\/noticiasveraces.com\/?p=56369"},"modified":"2026-01-21T23:33:10","modified_gmt":"2026-01-22T03:33:10","slug":"jep-registra-949-presos-politicos-en-todo-el-pais-tras-verificar-167-excarcelaciones-correo-del-caroni","status":"publish","type":"post","link":"https:\/\/noticiasveraces.com\/?p=56369","title":{"rendered":"JEP registra 949 presos pol\u00edticos en todo el pa\u00eds tras verificar 167 excarcelaciones \u2013 Correo del Caron\u00ed"},"content":{"rendered":"<p> \n<\/p>\n<div>\n<p>La ONG Justicia, Encuentro y Perd\u00f3n inform\u00f3 que registran 949 presos pol\u00edticos en el pa\u00eds, tras verificar 167 excarcelaciones desde el pasado 8 de enero, fecha del anuncio hecho por el presidente de la Asamblea Nacional, Jorge Rodr\u00edguez.<\/p>\n<p>En una publicaci\u00f3n en su cuenta en la red social X, la organizaci\u00f3n se\u00f1al\u00f3 que tras el anuncio de Rodr\u00edguez de <strong><mark style=\"background-color:rgba(0, 0, 0, 0)\" class=\"has-inline-color has-luminous-vivid-amber-color\"><span style=\"text-decoration: underline;\">\u201cun gran n\u00famero\u201d<\/span><\/mark><\/strong>  de excarcelaciones, se incorporaron a su <strong><mark style=\"background-color:rgba(0, 0, 0, 0)\" class=\"has-inline-color has-luminous-vivid-amber-color\"><span style=\"text-decoration: underline;\">registro nuevos casos<\/span><\/mark><\/strong>  que fueron denunciados por familiares recientemente.<\/p>\n<p>\u201cTal como hemos advertido de manera reiterada, exist\u00edan fundamentos suficientes para considerar que el n\u00famero real de presos pol\u00edticos era superior al previamente registrado, debido a factores como el temor, las amenazas y otras formas de intimidaci\u00f3n que han limitado la denuncia de estos casos\u201d, resalt\u00f3 JEP.<\/p>\n<p>Asimismo se reiter\u00f3 que entre los presos pol\u00edticos se encuentran adultos mayores, adolescentes, personas con enfermedades graves que necesitan atenci\u00f3n urgente y mujeres, aunque no ofrecieron cifras detalladas como en otros reportes anteriores.<\/p>\n<p>La organizaci\u00f3n inst\u00f3 a las autoridades a que respeten \u201cestrictamente los est\u00e1ndares de derechos humanos y a priorizar la atenci\u00f3n de personas en situaci\u00f3n de especial vulnerabilidad\u201d.<\/p>\n<p>Familiares de presos pol\u00edticos protestaron el martes 20 frente a la sede del <strong><mark style=\"background-color:rgba(0, 0, 0, 0)\" class=\"has-inline-color has-luminous-vivid-amber-color\"><span style=\"text-decoration: underline;\">Ministerio P\u00fablico<\/span><\/mark><\/strong>  para exigir celeridad y transparencia en el proceso de excarcelaciones, adem\u00e1s de solicitar informaci\u00f3n sobre el paradero de <strong><mark style=\"background-color:rgba(0, 0, 0, 0)\" class=\"has-inline-color has-luminous-vivid-amber-color\"><span style=\"text-decoration: underline;\">m\u00e1s de 200 personas<\/span><\/mark><\/strong>  en desaparici\u00f3n forzada.<\/p>\n<p>En la <strong><mark style=\"background-color:rgba(0, 0, 0, 0)\" class=\"has-inline-color has-luminous-vivid-amber-color\"><span style=\"text-decoration: underline;\">Zona 7<\/span><\/mark><\/strong>  (Bole\u00edta, estado Miranda) un grupo de mujeres tambi\u00e9n reclam\u00f3 el hostigamiento y acoso policial al que han sido sometidas desde el fin de semana para desalojar el lugar, donde se presume hay m\u00e1s de una veintena de detenidos por razones pol\u00edticas.<\/p>\n<\/p><\/div>\n\n","protected":false},"excerpt":{"rendered":"<p>La ONG Justicia, Encuentro y Perd\u00f3n inform\u00f3 que registran 949 presos pol\u00edticos en el pa\u00eds, tras verificar 167 excarcelaciones desde el pasado 8 de enero, fecha del anuncio hecho por el presidente de la Asamblea Nacional, Jorge Rodr\u00edguez. En una publicaci\u00f3n en su cuenta en la red social X, la organizaci\u00f3n se\u00f1al\u00f3 que tras el &hellip;<\/p>\n","protected":false},"author":1,"featured_media":56370,"comment_status":"open","ping_status":"open","sticky":false,"template":"","format":"standard","meta":{"fifu_image_url":"https:\/\/correodelcaroni.com\/wp-content\/uploads\/2026\/01\/JEP_PresosPoliticos.jpg","fifu_image_alt":"","footnotes":""},"categories":[4],"tags":[],"class_list":["post-56369","post","type-post","status-publish","format-standard","has-post-thumbnail","","category-historias-destacadas"],"_links":{"self":[{"href":"https:\/\/noticiasveraces.com\/index.php?rest_route=\/wp\/v2\/posts\/56369","targetHints":{"allow":["GET"]}}],"collection":[{"href":"https:\/\/noticiasveraces.com\/index.php?rest_route=\/wp\/v2\/posts"}],"about":[{"href":"https:\/\/noticiasveraces.com\/index.php?rest_route=\/wp\/v2\/types\/post"}],"author":[{"embeddable":true,"href":"https:\/\/noticiasveraces.com\/index.php?rest_route=\/wp\/v2\/users\/1"}],"replies":[{"embeddable":true,"href":"https:\/\/noticiasveraces.com\/index.php?rest_route=%2Fwp%2Fv2%2Fcomments&post=56369"}],"version-history":[{"count":0,"href":"https:\/\/noticiasveraces.com\/index.php?rest_route=\/wp\/v2\/posts\/56369\/revisions"}],"wp:featuredmedia":[{"embeddable":true,"href":"https:\/\/noticiasveraces.com\/index.php?rest_route=\/wp\/v2\/media\/56370"}],"wp:attachment":[{"href":"https:\/\/noticiasveraces.com\/index.php?rest_route=%2Fwp%2Fv2%2Fmedia&parent=56369"}],"wp:term":[{"taxonomy":"category","embeddable":true,"href":"https:\/\/noticiasveraces.com\/index.php?rest_route=%2Fwp%2Fv2%2Fcategories&post=56369"},{"taxonomy":"post_tag","embeddable":true,"href":"https:\/\/noticiasveraces.com\/index.php?rest_route=%2Fwp%2Fv2%2Ftags&post=56369"}],"curies":[{"name":"wp","href":"https:\/\/api.w.org\/{rel}","templated":true}]}}