{"id":56364,"date":"2026-01-21T22:30:06","date_gmt":"2026-01-22T02:30:06","guid":{"rendered":"https:\/\/noticiasveraces.com\/?p=56364"},"modified":"2026-01-21T22:30:06","modified_gmt":"2026-01-22T02:30:06","slug":"familias-de-presos-politicos-en-rodeo-i-realizaron-una-misa-tras-14-dias-de-vigilia-exigiendo-libertad-total","status":"publish","type":"post","link":"https:\/\/noticiasveraces.com\/?p=56364","title":{"rendered":"Familias de presos pol\u00edticos en Rodeo I realizaron una misa tras 14 d\u00edas de vigilia exigiendo libertad total"},"content":{"rendered":"<p> \n<\/p>\n<p>&nbsp;<\/p>\n<figure id=\"attachment_5871435\" aria-describedby=\"caption-attachment-5871435\" style=\"width: 2048px\" class=\"wp-caption alignnone\"><img loading=\"lazy\" decoding=\"async\" class=\"size-full wp-image-5871435\" src=\"https:\/\/sandia.datanubex.uk\/wp-content\/uploads\/2026\/01\/rodeo-I-misa-presos-politicos.jpg\" alt=\"\" width=\"2048\" height=\"1152\" \/><figcaption id=\"caption-attachment-5871435\" class=\"wp-caption-text\">Foto: X\/@RHelicoide<\/figcaption><\/figure>\n<p>A m\u00e1s de dos semanas del anuncio realizado por Jorge Rodr\u00edguez, presidente de la Asamblea Nacional, sobre la liberaci\u00f3n de un \u00abn\u00famero importante\u00bb de presos pol\u00edticos en Venezuela, los familiares de los detenidos en el centro de reclusi\u00f3n Rodeo I (estado Miranda) contin\u00faan su protesta pac\u00edfica con firmeza.<\/p>\n<p><strong>Por: lapatilla.com<\/strong><\/p>\n<p>La noche del 21 de enero, organizaron una misa improvisada frente al penal, marcando 14 d\u00edas consecutivos de vigilias nocturnas bajo carpas, con velas, fotograf\u00edas de sus seres queridos y consignas como #QueSeanTodos y #LibertadParaTodos.<\/p>\n<p>El acto religioso, transmitido en vivo y acompa\u00f1ado por decenas de familiares, amigos y representantes de organizaciones de derechos humanos, sirvi\u00f3 para elevar oraciones por la libertad inmediata de todos los considerados presos pol\u00edticos recluidos en Rodeo I, donde se estima que permanecen decenas de personas detenidas por motivos pol\u00edticos, incluyendo opositores y militares.<\/p>\n<p>El pasado 8 de enero, Jorge Rodr\u00edguez inform\u00f3 p\u00fablicamente que el chavismo, bajo el liderazgo de Delcy Rodr\u00edguez, iniciar\u00eda un proceso de excarcelaci\u00f3n masiva como \u00abgesto de paz\u00bb y para fomentar la convivencia nacional, tras el cambio de contexto pol\u00edtico en el pa\u00eds por el arresto de Nicol\u00e1s Maduro en operativo militar de EEUU ejecutado la madrugada del 3 de enero en Caracas.<\/p>\n<p>Inicialmente se habl\u00f3 de un \u00abn\u00famero importante\u00bb de venezolanos y extranjeros, sin detalles espec\u00edficos sobre nombres o plazos.<\/p>\n<p>D\u00edas despu\u00e9s, el propio Jorge Rodr\u00edguez elev\u00f3 la cifra a m\u00e1s de 400 liberaciones en total, aunque organizaciones como el Foro Penal, la Plataforma Unitaria Democr\u00e1tica (PUD) y reportes independientes coinciden en que las excarcelaciones han sido graduales o \u00aba cuentagotas\u00bb, con cifras verificadas mucho menores: alrededor de 140-166 presos pol\u00edticos excarcelados hasta mediados de enero, dejando a cientos a\u00fan esperando (estimaciones hablan de m\u00e1s de 900 en todo el pa\u00eds).<\/p>\n<p>Esta discrepancia ha generado frustraci\u00f3n entre los familiares, quienes denuncian falta de transparencia, listas oficiales claras y la no inclusi\u00f3n de todos los casos considerados arbitrarios por organismos de derechos humanos.<\/p>\n<p>Desde el inicio de las vigilias (alrededor del 8-10 de enero), los familiares han mantenido una presencia constante frente al penal Rodeo I, exigiendo no liberaciones selectivas, sino la libertad plena para todos los inocentes detenidos por razones pol\u00edticas.<\/p>\n<p>La misa del 21 de enero, oficiada con participaci\u00f3n de sacerdotes y comunidad, reforz\u00f3 el mensaje de unidad, fe y perseverancia.<\/p>\n<p>&nbsp;<\/p>\n<p><img loading=\"lazy\" decoding=\"async\" class=\"alignnone size-full wp-image-5871434\" src=\"https:\/\/sandia.datanubex.uk\/wp-content\/uploads\/2026\/01\/imagen_2026-01-21_220802927.png\" alt=\"\" width=\"605\" height=\"295\" \/><\/p>\n<p>&nbsp;<\/p>\n<figure id=\"attachment_5871433\" aria-describedby=\"caption-attachment-5871433\" style=\"width: 2048px\" class=\"wp-caption alignnone\"><img loading=\"lazy\" decoding=\"async\" class=\"size-full wp-image-5871433\" src=\"https:\/\/sandia.datanubex.uk\/wp-content\/uploads\/2026\/01\/misa-rodeo-1.jpg\" alt=\"\" width=\"2048\" height=\"1152\" \/><figcaption id=\"caption-attachment-5871433\" class=\"wp-caption-text\">Foto: X\/@RHelicoide<\/figcaption><\/figure>\n<p>&nbsp;<\/p>\n<p>&nbsp;<\/p>\n<figure id=\"attachment_5871435\" aria-describedby=\"caption-attachment-5871435\" style=\"width: 2048px\" class=\"wp-caption alignnone\"><img loading=\"lazy\" decoding=\"async\" class=\"size-full wp-image-5871435\" src=\"https:\/\/sandia.datanubex.uk\/wp-content\/uploads\/2026\/01\/rodeo-I-misa-presos-politicos.jpg\" alt=\"\" width=\"2048\" height=\"1152\" \/><figcaption id=\"caption-attachment-5871435\" class=\"wp-caption-text\">Foto: X\/@RHelicoide<\/figcaption><\/figure>\n<p>&nbsp;<\/p>\n<figure id=\"attachment_5871436\" aria-describedby=\"caption-attachment-5871436\" style=\"width: 1536px\" class=\"wp-caption alignnone\"><img loading=\"lazy\" decoding=\"async\" class=\"size-full wp-image-5871436\" src=\"https:\/\/sandia.datanubex.uk\/wp-content\/uploads\/2026\/01\/rodeo-I-misa-presos-politicos-2.jpg\" alt=\"\" width=\"1536\" height=\"2048\" \/><figcaption id=\"caption-attachment-5871436\" class=\"wp-caption-text\">Foto: X\/@RHelicoide<\/figcaption><\/figure>\n\n","protected":false},"excerpt":{"rendered":"<p>&nbsp; Foto: X\/@RHelicoide A m\u00e1s de dos semanas del anuncio realizado por Jorge Rodr\u00edguez, presidente de la Asamblea Nacional, sobre la liberaci\u00f3n de un \u00abn\u00famero importante\u00bb de presos pol\u00edticos en Venezuela, los familiares de los detenidos en el centro de reclusi\u00f3n Rodeo I (estado Miranda) contin\u00faan su protesta pac\u00edfica con firmeza. Por: lapatilla.com La noche &hellip;<\/p>\n","protected":false},"author":1,"featured_media":56366,"comment_status":"open","ping_status":"open","sticky":false,"template":"","format":"standard","meta":{"fifu_image_url":"https:\/\/sandia.datanubex.uk\/wp-content\/uploads\/2026\/01\/rodeo-I-misa-presos-politicos.jpg","fifu_image_alt":"","footnotes":""},"categories":[13],"tags":[],"class_list":["post-56364","post","type-post","status-publish","format-standard","has-post-thumbnail","","category-mundo"],"_links":{"self":[{"href":"https:\/\/noticiasveraces.com\/index.php?rest_route=\/wp\/v2\/posts\/56364","targetHints":{"allow":["GET"]}}],"collection":[{"href":"https:\/\/noticiasveraces.com\/index.php?rest_route=\/wp\/v2\/posts"}],"about":[{"href":"https:\/\/noticiasveraces.com\/index.php?rest_route=\/wp\/v2\/types\/post"}],"author":[{"embeddable":true,"href":"https:\/\/noticiasveraces.com\/index.php?rest_route=\/wp\/v2\/users\/1"}],"replies":[{"embeddable":true,"href":"https:\/\/noticiasveraces.com\/index.php?rest_route=%2Fwp%2Fv2%2Fcomments&post=56364"}],"version-history":[{"count":0,"href":"https:\/\/noticiasveraces.com\/index.php?rest_route=\/wp\/v2\/posts\/56364\/revisions"}],"wp:featuredmedia":[{"embeddable":true,"href":"https:\/\/noticiasveraces.com\/index.php?rest_route=\/wp\/v2\/media\/56366"}],"wp:attachment":[{"href":"https:\/\/noticiasveraces.com\/index.php?rest_route=%2Fwp%2Fv2%2Fmedia&parent=56364"}],"wp:term":[{"taxonomy":"category","embeddable":true,"href":"https:\/\/noticiasveraces.com\/index.php?rest_route=%2Fwp%2Fv2%2Fcategories&post=56364"},{"taxonomy":"post_tag","embeddable":true,"href":"https:\/\/noticiasveraces.com\/index.php?rest_route=%2Fwp%2Fv2%2Ftags&post=56364"}],"curies":[{"name":"wp","href":"https:\/\/api.w.org\/{rel}","templated":true}]}}