{"id":56324,"date":"2026-01-21T16:24:05","date_gmt":"2026-01-21T20:24:05","guid":{"rendered":"https:\/\/noticiasveraces.com\/?p=56324"},"modified":"2026-01-21T16:24:05","modified_gmt":"2026-01-21T20:24:05","slug":"chile-detienen-a-sospechoso-de-causar-un-incendio-los-bomberos-combaten-mas-de-20-focos-de-fuego","status":"publish","type":"post","link":"https:\/\/noticiasveraces.com\/?p=56324","title":{"rendered":"Chile: detienen a sospechoso de causar un incendio; los bomberos combaten m\u00e1s de 20 focos de fuego"},"content":{"rendered":"<p> \n<\/p>\n<div>\n<p>La agencia forestal del pa\u00eds, la CONAF, anunci\u00f3 que hasta este mi\u00e9rcoles 21 de enero los bomberos combaten al menos 23 focos de fuego.<\/p>\n<p>Entretanto, las autoridades anunciaron la detenci\u00f3n de un hombre de 50 a\u00f1os acusado de haber iniciado el fuego en la misma zona donde desde el pasado s\u00e1bado los bomberos combaten fuertes llamas que se extendieron a las localidades de Penco y Lirqu\u00e9n, en la regi\u00f3n del Biob\u00edo, y que han causado la muerte de 20 personas. <\/p>\n<p>El detenido, un hombre cuya identidad no ha sido divulgada p\u00fablicamente, fue apresado tras una denuncia de vecinos que lo se\u00f1alaron como responsable de iniciar las llamas en una plantaci\u00f3n de trigo, en un incendio que arras\u00f3 con al menos tres hect\u00e1reas de terreno. <\/p>\n<p>\u00abEn uno de los incidentes m\u00e1s graves de los ocurridos desde el punto de vista de seguridad\u00bb, se pudo establecer \u00abque se habr\u00eda dado inicio a distintos focos incendiarios utilizando l\u00edquidos acelerantes en una plantaci\u00f3n de trigo\u00bb, se\u00f1al\u00f3 el ministro de Seguridad, Luis Cordero.<\/p>\n<p>\u00abSe detuvo a la persona que inici\u00f3 estos incendios y se incautaron con \u00e9l un bid\u00f3n de cinco litros de combustible\u00bb el mismo martes de madrugada, agreg\u00f3.<\/p>\n<div id=\"em-WBMZ364008-F24-ES-20260121\" class=\"m-em-flash\" data-xtwitter-script=\"\"><figcaption class=\"a-figcaption\">\n<\/figcaption><div class=\"o-em-consent \">\n<div class=\"o-em-consent__content\">\n<p class=\"o-em-consent__content__text\">Para mostrar este contenido de X (Twitter), debe autorizar las cookies de medici\u00f3n de audiencia y publicidad.<\/p>\n<p>        <button class=\"a-master-button a-master-button--dark\" data-action=\"accept\"><\/p>\n<p>            Aceptar<\/p>\n<p>  <svg class=\"a-svg a-svg--icon-check\">\n    <use xlink:href=\"http:\/\/www.france24.com\/build\/images\/svg\/sprite.17415c6ec01e4a8b145df03c806104d3.svg#icon-check\" href=\"http:\/\/www.france24.com\/build\/images\/svg\/sprite.17415c6ec01e4a8b145df03c806104d3.svg#icon-check\"\/>\n  <\/svg><br \/>\n        <\/button><br \/>\n        <button class=\"a-link\" data-action=\"manage\">Gestionar mis opciones<i class=\"a-svg a-svg--icon-edit\"\/><\/button>\n    <\/div>\n<\/div>\n<\/div>\n<p>El martes, en otra denuncia, el ministro Cordero asegur\u00f3 que fueron encontrados en Concepci\u00f3n, en la regi\u00f3n de Biob\u00edo, restos de elementos utilizados para encender el fuego. Entre los objetos hallados se encuentran \u00abenvases pl\u00e1sticos consumidos parcialmente por el fuego, los cuales mantienen l\u00edquido acelerante que en primera instancia aparentan su prop\u00f3sito central ser utilizados con la finalidad de generar un incendio\u00bb, describi\u00f3.<\/p>\n<p><strong>Los voraces incendios forestales han afectado a tres regiones de la zona central de Chile: \u00d1uble, Biob\u00edo y La Araucan\u00eda. <\/strong>En total, en las tres regiones se cuentan ya <strong>20 fallecidos, al menos 6.700 damnificados, 504 albergados y 294 lesionados, <\/strong>seg\u00fan datos divulgados por medios locales. <\/p>\n<p>Uno de los fuegos m\u00e1s abrasadores, denominado como el foco de Trinitarias, arras\u00f3 con las localidades costeras y portuarias de Lirqu\u00e9n y Penco, donde cientos de viviendas fueron reducidas a cenizas y causando da\u00f1os en m\u00e1s del 80% del \u00e1rea. Ambas localidades forman parte del \u00e1rea metropolitana de la gran Concepci\u00f3n, la segunda ciudad m\u00e1s grande de Chile.<\/p>\n<div class=\"em-video-wrapper m-em-video\" data-media-video-wbmz364014-f24-es-20260121=\"\" data-wrapper-video-player=\"\" data-show-hidden-video-player=\"WBMZ364014-F24-ES-20260121\" data-youtube-script=\"\">\n<p>Informe desde Santiago: los incendios en Chile contin\u00faan; hay 26 focos activos y al menos 19 muertos<\/p>\n<div class=\"m-em-video__video\">\n<div class=\"o-em-consent \">\n<div class=\"o-em-consent__content\">\n<p class=\"o-em-consent__content__text\">Para mostrar este contenido de YouTube, debe autorizar las cookies de medici\u00f3n de audiencia y publicidad.<\/p>\n<p>        <button class=\"a-master-button a-master-button--dark\" data-action=\"accept\"><\/p>\n<p>            Aceptar<\/p>\n<p>  <svg class=\"a-svg a-svg--icon-check\">\n    <use xlink:href=\"http:\/\/www.france24.com\/build\/images\/svg\/sprite.17415c6ec01e4a8b145df03c806104d3.svg#icon-check\" href=\"http:\/\/www.france24.com\/build\/images\/svg\/sprite.17415c6ec01e4a8b145df03c806104d3.svg#icon-check\"\/>\n  <\/svg><br \/>\n        <\/button><br \/>\n        <button class=\"a-link\" data-action=\"manage\">Gestionar mis opciones<i class=\"a-svg a-svg--icon-edit\"\/><\/button>\n    <\/div>\n<\/div>\n<div class=\"o-em-adblock\" data-adblock-content=\"\">\n<div class=\"o-em-adblock__content\">\n<p class=\"o-em-adblock__content__text\">Una extensi\u00f3n de tu navegador parece estar bloqueando la carga del reproductor de video. Para poder ver este contenido, debes desactivarla en este sitio.<\/p>\n<p>            <button class=\"a-master-button a-master-button--dark\" data-action=\"reload\">Reintentar<\/button>\n    <\/div>\n<\/div>\n<figure class=\"m-item-image m-item-image--16x9 m-item-image--has-caption\">\n<picture class=\"a-picture a-picture--16x9\"><source type=\"image\/webp\" srcset=\"https:\/\/s.france24.com\/media\/display\/7b051366-f573-11f0-a045-005056a97e36\/w:388\/p:16x9\/ES-20260119-131240-131439-CS.webp 388w,https:\/\/s.france24.com\/media\/display\/7b051366-f573-11f0-a045-005056a97e36\/w:720\/p:16x9\/ES-20260119-131240-131439-CS.webp 720w,https:\/\/s.france24.com\/media\/display\/7b051366-f573-11f0-a045-005056a97e36\/w:1024\/p:16x9\/ES-20260119-131240-131439-CS.webp 1024w\" sizes=\"(max-width: 639px) calc(100vw - 32px), (max-width: 1076px) calc(100vw - 44px), 850px\"><img fetchpriority=\"low\" decoding=\"async\" src=\"https:\/\/s.france24.com\/media\/display\/7b051366-f573-11f0-a045-005056a97e36\/w:1024\/p:16x9\/ES-20260119-131240-131439-CS.jpg\" srcset=\"https:\/\/s.france24.com\/media\/display\/7b051366-f573-11f0-a045-005056a97e36\/w:388\/p:16x9\/ES-20260119-131240-131439-CS.jpg 388w,https:\/\/s.france24.com\/media\/display\/7b051366-f573-11f0-a045-005056a97e36\/w:720\/p:16x9\/ES-20260119-131240-131439-CS.jpg 720w,https:\/\/s.france24.com\/media\/display\/7b051366-f573-11f0-a045-005056a97e36\/w:1024\/p:16x9\/ES-20260119-131240-131439-CS.jpg 1024w\" sizes=\"auto, (max-width: 639px) calc(100vw - 32px), (max-width: 1076px) calc(100vw - 44px), 850px\" width=\"1024\" height=\"576\" alt=\"Informe desde Santiago: los incendios en Chile contin\u00faan; hay 26 focos activos y al menos 19 muertos\" loading=\"lazy\" class=\"a-img \"\/><br \/>\n<\/source><\/picture><figcaption class=\"a-figcaption\">\n                                <span>\u00a9 Francia 24<\/span>            <\/figcaption><\/figure>\n<\/p><\/div>\n<\/p><\/div>\n<p>El ministro del Interior, \u00c1lvaro Elizalde, inform\u00f3 que se han practicado detenciones tambi\u00e9n en la comuna de Mulch\u00e9n, en el marco del estado de excepci\u00f3n, como parte de las labores de control y fiscalizaci\u00f3n desplegadas en las zonas afectadas por los incendios. En las detenciones, las autoridades han encontrado contenedores de combustible y l\u00edquidos acelerantes, posibles agravantes en las causas penales contra los detenidos.<\/p>\n<p>El ministro Elizalde resalt\u00f3: \u201cestos hechos no van a quedar en la impunidad\u201d. Mientras, el presidente saliente, Gabriel Boric, tambi\u00e9n afirm\u00f3 durante una conferencia de prensa que <strong>las autoridades han detenido al menos 70 personas durante toda la temporada de verano por delitos vinculados a los incendios.<\/strong> <\/p>\n<div id=\"em-WBMZ364007-F24-ES-20260121\" class=\"m-em-flash\" data-xtwitter-script=\"\"><figcaption class=\"a-figcaption\">\n<\/figcaption><div class=\"o-em-consent \">\n<div class=\"o-em-consent__content\">\n<p class=\"o-em-consent__content__text\">Para mostrar este contenido de X (Twitter), debe autorizar las cookies de medici\u00f3n de audiencia y publicidad.<\/p>\n<p>        <button class=\"a-master-button a-master-button--dark\" data-action=\"accept\"><\/p>\n<p>            Aceptar<\/p>\n<p>  <svg class=\"a-svg a-svg--icon-check\">\n    <use xlink:href=\"http:\/\/www.france24.com\/build\/images\/svg\/sprite.17415c6ec01e4a8b145df03c806104d3.svg#icon-check\" href=\"http:\/\/www.france24.com\/build\/images\/svg\/sprite.17415c6ec01e4a8b145df03c806104d3.svg#icon-check\"\/>\n  <\/svg><br \/>\n        <\/button><br \/>\n        <button class=\"a-link\" data-action=\"manage\">Gestionar mis opciones<i class=\"a-svg a-svg--icon-edit\"\/><\/button>\n    <\/div>\n<\/div>\n<\/div>\n<p>Boric \u2014quien recibi\u00f3 cr\u00edticas por la lentitud en la respuesta del Gobierno central a la emergencia\u2014 record\u00f3 que los acusados por el incendio que devast\u00f3 vastas zonas de Valpara\u00edso en 2024 enfrentan penas de cadena perpetua.<\/p>\n<p>El mandatario confirm\u00f3 que esta semana llegar\u00e1n brigadistas, bomberos y expertos desde M\u00e9xico, Uruguay, Portugal, Brasil y Paraguay para ayudar a Chile en la emergencia por los incendios forestales.<\/p>\n<p class=\"a-read-more\"><span class=\"a-read-more__label\">Leer tambi\u00e9n<\/span>Incendios forestales en Chile han dejado al menos 16 muertos y miles de evacuados<\/p>\n<h2><strong>Cr\u00edticas al gobierno y el clamor de los afectados por ayuda<\/strong><\/h2>\n<p>Miguel Castillo, profesor e investigador del Laboratorio de Incendios Forestales de la Universidad de Chile, indic\u00f3 a la agencia de noticias AP que una serie de factores hicieron que los recientes incendios fueran tan mortales, incluida la cantidad de material seco y las altas temperaturas persistentes.<\/p>\n<p>\u00abHa habido varios d\u00edas consecutivos con temperaturas superiores a los 30 grados Celsius, y en la zona de Concepci\u00f3n eso es poco com\u00fan (&#8230;)Uno o dos d\u00edas son comunes, pero no cuatro o cinco\u00bb, afirm\u00f3 Castillo. Y\u00a0agreg\u00f3 que los incendios son m\u00e1s dif\u00edciles de apagar una vez que alcanzan cierto tama\u00f1o y se han complicado por los vientos fuertes y cambiantes.<\/p>\n<div class=\"m-em-image\">\n<figure class=\"m-item-image m-item-image--original m-item-image--has-caption\">\n<picture class=\"a-picture a-picture--original\"><source type=\"image\/webp\" srcset=\"https:\/\/s.france24.com\/media\/display\/fab90056-f6f2-11f0-ac90-005056bfb2b6\/w:246\/chilefires-tmo-20250118.webp 246w,https:\/\/s.france24.com\/media\/display\/fab90056-f6f2-11f0-ac90-005056bfb2b6\/w:388\/chilefires-tmo-20250118.webp 388w,https:\/\/s.france24.com\/media\/display\/fab90056-f6f2-11f0-ac90-005056bfb2b6\/w:720\/chilefires-tmo-20250118.webp 720w,https:\/\/s.france24.com\/media\/display\/fab90056-f6f2-11f0-ac90-005056bfb2b6\/w:980\/chilefires-tmo-20250118.webp 980w\" sizes=\"(max-width: 1023px) calc(100vw - 32px), (min-width: 1024px) 850px\"><img fetchpriority=\"low\" decoding=\"async\" src=\"https:\/\/s.france24.com\/media\/display\/fab90056-f6f2-11f0-ac90-005056bfb2b6\/w:980\/chilefires-tmo-20250118.jpg\" srcset=\"https:\/\/s.france24.com\/media\/display\/fab90056-f6f2-11f0-ac90-005056bfb2b6\/w:246\/chilefires-tmo-20250118.jpg 246w,https:\/\/s.france24.com\/media\/display\/fab90056-f6f2-11f0-ac90-005056bfb2b6\/w:388\/chilefires-tmo-20250118.jpg 388w,https:\/\/s.france24.com\/media\/display\/fab90056-f6f2-11f0-ac90-005056bfb2b6\/w:720\/chilefires-tmo-20250118.jpg 720w,https:\/\/s.france24.com\/media\/display\/fab90056-f6f2-11f0-ac90-005056bfb2b6\/w:980\/chilefires-tmo-20250118.jpg 980w\" sizes=\"(max-width: 1023px) calc(100vw - 32px), (min-width: 1024px) 850px\" alt=\"Imagen de sat\u00e9lite que muestra una enorme columna de humo de los incendios forestales en la zona central de Chile. Decenas de miles de personas huyeron en busca de refugio mientras las llamas se propagaban por las regiones de Biob\u00edo y \u00d1uble.\" style=\"max-height:800px\" loading=\"lazy\" class=\"a-img \"\/><br \/>\n<\/source><\/picture><figcaption class=\"a-figcaption\">\n                <span>Imagen de sat\u00e9lite que muestra una enorme columna de humo de los incendios forestales en la zona central de Chile. Decenas de miles de personas huyeron en busca de refugio mientras las llamas se propagaban por las regiones de Biob\u00edo y \u00d1uble.<\/span>                <span>\u00a9  Observatorio de la Tierra de la NASA<\/span>            <\/figcaption><\/figure>\n<\/p><\/div>\n<p>\u00abCon esas condiciones extremas, pr\u00e1cticamente se convierte en un monstruo incontrolable\u00bb, se\u00f1al\u00f3 al tiempo que subray\u00f3 que la mayor\u00eda de los incendios duran dos o tres d\u00edas, pero el riesgo es que m\u00faltiples incendios activos se combinen antes de que las autoridades puedan controlarlos.<\/p>\n<p>El alcalde de la cercana Penco, Rodrigo Vera, sostuvo que los gobiernos locales se encuentran restableciendo servicios b\u00e1sicos como la electricidad, pero se hizo eco de las cr\u00edticas sobre la lenta respuesta nacional. <\/p>\n<p>\u00abTardaron 12 horas en declarar la emergencia\u00bb, indic\u00f3 Vera, a\u00f1adiendo que la demora hab\u00eda dificultado el despliegue de recursos militares y de bomberos. \u00abTodo ha sido lento. El dolor de la gente no es ma\u00f1ana, fue ayer\u00bb.<\/p>\n<div class=\"m-em-image\">\n<figure class=\"m-item-image m-item-image--original m-item-image--has-caption\">\n<picture class=\"a-picture a-picture--original\"><source type=\"image\/webp\" srcset=\"https:\/\/s.france24.com\/media\/display\/4913c682-f6f3-11f0-9dce-005056bfb2b6\/w:246\/2026-01-21T030205Z-827071835-RC275JAJ6I6U-RTRMADP-3-CHILE-FIRE.webp 246w,https:\/\/s.france24.com\/media\/display\/4913c682-f6f3-11f0-9dce-005056bfb2b6\/w:388\/2026-01-21T030205Z-827071835-RC275JAJ6I6U-RTRMADP-3-CHILE-FIRE.webp 388w,https:\/\/s.france24.com\/media\/display\/4913c682-f6f3-11f0-9dce-005056bfb2b6\/w:720\/2026-01-21T030205Z-827071835-RC275JAJ6I6U-RTRMADP-3-CHILE-FIRE.webp 720w,https:\/\/s.france24.com\/media\/display\/4913c682-f6f3-11f0-9dce-005056bfb2b6\/w:980\/2026-01-21T030205Z-827071835-RC275JAJ6I6U-RTRMADP-3-CHILE-FIRE.webp 980w\" sizes=\"(max-width: 1023px) calc(100vw - 32px), (min-width: 1024px) 850px\"><img fetchpriority=\"low\" decoding=\"async\" src=\"https:\/\/s.france24.com\/media\/display\/4913c682-f6f3-11f0-9dce-005056bfb2b6\/w:980\/2026-01-21T030205Z-827071835-RC275JAJ6I6U-RTRMADP-3-CHILE-FIRE.jpg\" srcset=\"https:\/\/s.france24.com\/media\/display\/4913c682-f6f3-11f0-9dce-005056bfb2b6\/w:246\/2026-01-21T030205Z-827071835-RC275JAJ6I6U-RTRMADP-3-CHILE-FIRE.jpg 246w,https:\/\/s.france24.com\/media\/display\/4913c682-f6f3-11f0-9dce-005056bfb2b6\/w:388\/2026-01-21T030205Z-827071835-RC275JAJ6I6U-RTRMADP-3-CHILE-FIRE.jpg 388w,https:\/\/s.france24.com\/media\/display\/4913c682-f6f3-11f0-9dce-005056bfb2b6\/w:720\/2026-01-21T030205Z-827071835-RC275JAJ6I6U-RTRMADP-3-CHILE-FIRE.jpg 720w,https:\/\/s.france24.com\/media\/display\/4913c682-f6f3-11f0-9dce-005056bfb2b6\/w:980\/2026-01-21T030205Z-827071835-RC275JAJ6I6U-RTRMADP-3-CHILE-FIRE.jpg 980w\" sizes=\"(max-width: 1023px) calc(100vw - 32px), (min-width: 1024px) 850px\" alt=\"Una ni\u00f1a juega entre los escombros despu\u00e9s de que su casa fuera destruida por un incendio forestal en la regi\u00f3n del Biob\u00edo, donde m\u00faltiples incendios forestales provocaron evacuaciones de emergencia, en Punta de Parra, Chile, el 20 de enero de 2026.\" style=\"max-height:567px\" loading=\"lazy\" class=\"a-img \"\/><br \/>\n<\/source><\/picture><figcaption class=\"a-figcaption\">\n                <span>Una ni\u00f1a juega entre los escombros despu\u00e9s de que su casa fuera destruida por un incendio forestal en la regi\u00f3n del Biob\u00edo, donde m\u00faltiples incendios forestales provocaron evacuaciones de emergencia, en Punta de Parra, Chile, el 20 de enero de 2026.<\/span>                <span>\u00a9Adriano Machado, Reuters<\/span>            <\/figcaption><\/figure>\n<\/p><\/div>\n<p>El martes en Temuco, Boric asever\u00f3 que la reconstrucci\u00f3n comenzar\u00eda una vez que se completaran las b\u00fasquedas de v\u00edctimas y que se estaba iniciando la entrega de viviendas de emergencia y ayuda financiera.\u00a0\u00abEstamos trabajando a m\u00e1xima velocidad, pero hay procesos que hay que respetar\u00bb, destac\u00f3 el presidente. <\/p>\n<p>El Gobierno de Boric fue criticado por la lenta reconstrucci\u00f3n tras los letales incendios en Valpara\u00edso en 2024. El presidente electo Jos\u00e9 Antonio Kast, que asumir\u00e1 el cargo el pr\u00f3ximo 11 de marzo, ha prometido priorizar la reconstrucci\u00f3n en las comunidades afectadas por los incendios.<\/p>\n<p class=\"a-read-more\"><span class=\"a-read-more__label\">Leer tambi\u00e9n<\/span>Chile lucha contra mort\u00edferos incendios que avanzan hacia el sur de Chile<\/p>\n<p>Con Reuters, AP, AFP, EFE y medios locales<\/p>\n<\/p><\/div>\n\n","protected":false},"excerpt":{"rendered":"<p>La agencia forestal del pa\u00eds, la CONAF, anunci\u00f3 que hasta este mi\u00e9rcoles 21 de enero los bomberos combaten al menos 23 focos de fuego. Entretanto, las autoridades anunciaron la detenci\u00f3n de un hombre de 50 a\u00f1os acusado de haber iniciado el fuego en la misma zona donde desde el pasado s\u00e1bado los bomberos combaten fuertes &hellip;<\/p>\n","protected":false},"author":1,"featured_media":56326,"comment_status":"open","ping_status":"open","sticky":false,"template":"","format":"standard","meta":{"fifu_image_url":"https:\/\/s.france24.com\/media\/display\/fdd2a5f4-f6f1-11f0-bbd1-005056a90284\/w:1280\/p:16x9\/AP26018496290859-1.jpg","fifu_image_alt":"","footnotes":""},"categories":[13],"tags":[],"class_list":["post-56324","post","type-post","status-publish","format-standard","has-post-thumbnail","","category-mundo"],"_links":{"self":[{"href":"https:\/\/noticiasveraces.com\/index.php?rest_route=\/wp\/v2\/posts\/56324","targetHints":{"allow":["GET"]}}],"collection":[{"href":"https:\/\/noticiasveraces.com\/index.php?rest_route=\/wp\/v2\/posts"}],"about":[{"href":"https:\/\/noticiasveraces.com\/index.php?rest_route=\/wp\/v2\/types\/post"}],"author":[{"embeddable":true,"href":"https:\/\/noticiasveraces.com\/index.php?rest_route=\/wp\/v2\/users\/1"}],"replies":[{"embeddable":true,"href":"https:\/\/noticiasveraces.com\/index.php?rest_route=%2Fwp%2Fv2%2Fcomments&post=56324"}],"version-history":[{"count":0,"href":"https:\/\/noticiasveraces.com\/index.php?rest_route=\/wp\/v2\/posts\/56324\/revisions"}],"wp:featuredmedia":[{"embeddable":true,"href":"https:\/\/noticiasveraces.com\/index.php?rest_route=\/wp\/v2\/media\/56326"}],"wp:attachment":[{"href":"https:\/\/noticiasveraces.com\/index.php?rest_route=%2Fwp%2Fv2%2Fmedia&parent=56324"}],"wp:term":[{"taxonomy":"category","embeddable":true,"href":"https:\/\/noticiasveraces.com\/index.php?rest_route=%2Fwp%2Fv2%2Fcategories&post=56324"},{"taxonomy":"post_tag","embeddable":true,"href":"https:\/\/noticiasveraces.com\/index.php?rest_route=%2Fwp%2Fv2%2Ftags&post=56324"}],"curies":[{"name":"wp","href":"https:\/\/api.w.org\/{rel}","templated":true}]}}