{"id":56322,"date":"2026-01-21T15:23:06","date_gmt":"2026-01-21T19:23:06","guid":{"rendered":"https:\/\/noticiasveraces.com\/?p=56322"},"modified":"2026-01-21T15:23:06","modified_gmt":"2026-01-21T19:23:06","slug":"por-que-esta-dividida-la-oposicion-irani","status":"publish","type":"post","link":"https:\/\/noticiasveraces.com\/?p=56322","title":{"rendered":"\u00bfPor qu\u00e9 est\u00e1 dividida la oposici\u00f3n iran\u00ed?"},"content":{"rendered":"<p> \n<\/p>\n<div data-tracking-name=\"rich-text\" data-tracking-skip=\"true\">\n<p>Es hora de propiciar un nuevo liderazgo en Ir\u00e1n, dijo el presidente estadounidense Donald Trump al sitio de noticias <em>politico <\/em>el pasado s\u00e1bado. Trump acus\u00f3 al l\u00edder iran\u00ed, el ayatol\u00e1 Al\u00ed\u00a0Jamenei, de ser responsable de la destrucci\u00f3n del pa\u00eds y de una violencia sin precedentes.<\/p>\n<p>Las \u00faltimas protestas en Ir\u00e1n fueron brutalmente reprimidas, con miles de muertos y destacadas figuras de la oposici\u00f3n entre rejas. Toda forma de oposici\u00f3n organizada, desde el movimiento estudiantil hasta los sindicatos o las organizaciones feministas, han sido sistem\u00e1ticamente aplastadas en los \u00faltimos a\u00f1os. En Ir\u00e1n, no hay estructuras pol\u00edticas que permitan a la oposici\u00f3n actuar.<\/p>\n<p>\u00abEstoy dispuesto para asumir la responsabilidad y acompa\u00f1ar al pa\u00eds en una fase de transici\u00f3n pol\u00edtica\u00bb, dijo Reza Pahlavi, de 65 a\u00f1os e hijo del \u00faltimo Sha. Tras 47 a\u00f1os en el exilio, se siente listo para regresar a Ir\u00e1n.<\/p>\n<p>\u00abEl r\u00e9gimen iran\u00ed est\u00e1 acorralado\u00bb, dijo Pahlavi a DW en su \u00faltima rueda de prensa en Washington, el 16 de enero. \u00abEl r\u00e9gimen est\u00e1 al borde del colapso\u00bb, enfatiz\u00f3. \u00abCreo que el mundo, especialmente el mundo democr\u00e1tico y libre que defiende la libertad, los derechos humanos y la igualdad de los ciudadanos frente a la brutal represi\u00f3n de este r\u00e9gimen, deber\u00eda actuar ahora\u00bb, a\u00f1adi\u00f3.<\/p>\n<p>Desde 2019, el nombre de Pahlavi se ha coreado cada vez m\u00e1s en las manifestaciones, exigiendo el regreso de la monarqu\u00eda. Sin embargo, sigue sin estar claro de cu\u00e1nto apoyo real disfruta Pahlavi dentro del pa\u00eds.<\/p>\n<p>Apenas puede contar con apoyos en los centros financieros iran\u00edes, especialmente entre los influyentes empresarios del bazar de Teher\u00e1n, que desempe\u00f1aron un papel decisivo antes de la revoluci\u00f3n de 1979. \u00abHoy en d\u00eda, los empresarios del bazar se benefician del Estado\u00bb, dice a DW el soci\u00f3logo iran\u00ed Hossein Ghazian, que vive en Estados Unidos, en referencia a las divisas subvencionadas procedentes del petr\u00f3leo de que disfrutan, especialmente los bien conectados pol\u00edticamente.<\/p>\n<h2>Se\u00f1alados como agentes de potencias extranjeras<\/h2>\n<p>El liderazgo iran\u00ed acusa a Reza Pahlavi de ser un agente de Israel. Entre las pruebas aducidas se encuentran su simb\u00f3lico viaje a Israel en 2023 y su encuentro con Benjam\u00edn Netanyahu, as\u00ed como informes de la propia prensa israel\u00ed. Por ejemplo, el diario <em>Haarezt <\/em>inform\u00f3 en octubre de 2025 de una campa\u00f1a para encumbrar la figura de Pahlavi.<\/p>\n<p>\u00abNo creo que Israel apoye econ\u00f3micamente a Reza Pahlavi\u00bb, dice Arash Azizi, historiador y profesor de Ciencias Pol\u00edticas e Historia en la Universidad de Clemson, en Estados Unidos. \u00abCualquiera que est\u00e9 seriamente involucrado con la oposici\u00f3n puede ser capaz de movilizar apoyo financiero. M\u00e1s bien, el se\u00f1or Pahlavi cuenta con la ayuda de c\u00edrculos adinerados en Estados Unidos, incluidos empresarios nacidos en Ir\u00e1n, as\u00ed como multimillonarios estadounidenses conservadores de derechas y pro-Israel que simpatizan con \u00e9l\u00bb.<\/p>\n<p><span data-slot-id=\"Article_InContent-1\" class=\"rich-text-ad\"\/><\/p>\n<h2>No hay una postura com\u00fan<\/h2>\n<p>Aunque Pahlavi goza de atenci\u00f3n internacional y algunos le consideran una alternativa a la Rep\u00fablica Isl\u00e1mica, para otros representa un pasado autoritario que debe superarse. Junto a otras caras conocidas de la oposici\u00f3n en el extranjero intent\u00f3 formar una coalici\u00f3n tras las protestas de 2022 que siguieron a la muerte de Jina Mahsa Amini. Sin \u00e9xito. La ef\u00edmera vida de la coalici\u00f3n mostr\u00f3 la debilidad estructural de la oposici\u00f3n en el exilio.<\/p>\n<p>\u00abEl problema central de la oposici\u00f3n iran\u00ed en el extranjero es que no hace una distinci\u00f3n clara entre el trabajo pol\u00edtico y el trabajo puramente en derechos humanos\u00bb, dice Azizi. Como resultado, falta organizaci\u00f3n, orientaci\u00f3n estrat\u00e9gica y la capacidad de actuar pol\u00edticamente de manera estructurada y a largo plazo. \u00abEl se\u00f1or Pahlavi ha elegido un equipo de asesores que divide a la oposici\u00f3n y ataca a todas las personalidades que no aceptan su papel de liderazgo\u00bb, a\u00f1ade.<\/p>\n<p>\u00abSu esposa, por ejemplo, acus\u00f3 a Narges Mohammadi, la ganadora del Premio Nobel de la Paz iran\u00ed, de ser una agente de la Rep\u00fablica Isl\u00e1mica porque concedi\u00f3 una entrevista a <em>cnn <\/em>desde prisi\u00f3n\u00bb, detalla Azizi. \u00abO difund\u00eda consignas como &#8216;Muerte a los mul\u00e1s, a los izquierdistas \u2013gente como yo\u2013 y a los muyahidines\u00bb, recuerda.<\/p>\n<h2>Rupturas hist\u00f3ricas<\/h2>\n<p>El Moyahedin-e Khalq (MEK) es otro grupo opositor iran\u00ed que act\u00faa como una fuerza organizada junto a los mon\u00e1rquicos. La organizaci\u00f3n fue fundada en Ir\u00e1n en 1965 y originalmente representaba una mezcla de ideolog\u00eda isl\u00e1mica y pol\u00edtica de izquierdas. Tras la Revoluci\u00f3n Isl\u00e1mica de 1979, entr\u00f3 en conflicto abierto con la nueva estructura de poder de los ayatol\u00e1s.<\/p>\n<p>Sus seguidores fueron arrestados en masa, el liderazgo huy\u00f3 al vecino Irak y cooper\u00f3 con Sadam Husein durante la guerra entre Ir\u00e1n e Irak. En los \u00faltimos meses de esa guerra, miles de simpatizantes del MEK encarcelados y otros presos pol\u00edticos fueron ejecutados sin juicio. Su pasado lo convierte en uno de las actores m\u00e1s controvertidos de la oposici\u00f3n a\u00fan hoy.<\/p>\n<p>El propio MEK tambi\u00e9n rechaza categ\u00f3ricamente la cooperaci\u00f3n con Reza Pahlavi. La organizaci\u00f3n tiene ahora su sede en Albania e invita regularmente a exl\u00edderes occidentales a intervenir, incluido el exdirector de la CIA y ex secretario de Estado estadounidense Mike Pompeo.<\/p>\n<p>Pompeo felicit\u00f3 el 2 de enero en un mensaje en X<svg xmlns=\"http:\/\/www.w3.org\/2000\/svg\" width=\"20\" height=\"20\" viewbox=\"0 0 20 20\"><path d=\"M11.5 3.5 11.5 4.233C14.342 4.233 15.167 4.245 15.167 4.258L8.984 10.467 10.033 11.516C14.826 6.725 16.228 5.333 16.242 5.333L16.267 9 17.733 9 17.733 2.767 11.5 2.767 11.5 3.5M2.267 11 2.267 17.233 16.733 17.233 16.733 12 15.267 12 15.25 15.75 9.5 15.75 3.75 15.75 3.75 6.25 9.5 6.233 9.5 4.767 2.267 4.767 2.267 11 \"\/><\/svg> por el \u00abA\u00f1o Nuevo a todos los iran\u00edes en las calles y tambi\u00e9n a los agentes del Mossad [el servicio secreto israel\u00ed] que caminan junto a ellos\u00bb. Tales declaraciones, que deslegitiman las protestas, son utilizadas por el r\u00e9gimen iran\u00ed como evidencia propagand\u00edstica del control extranjero del movimiento de protesta.<\/p>\n<p>\u00abLa reacci\u00f3n del Estado ha cambiado r\u00e1pidamente de la disuasi\u00f3n a la represi\u00f3n abierta\u00bb, dice el polit\u00f3logo Andreas Krieg, del King&#8217;s College London. Y resume as\u00ed el estado de la oposici\u00f3n iran\u00ed hoy: \u00abAunque la acci\u00f3n colectiva en Ir\u00e1n sigue siendo en gran medida descentralizada y sin l\u00edderes, la di\u00e1spora fuera del pa\u00eds desempe\u00f1a un papel importante en la formaci\u00f3n de opini\u00f3n y el apoyo moral. Al mismo tiempo, est\u00e1 profundamente dividida organizativamente y es vista con desconfianza por mucha gente en el pa\u00eds. Muchos temen tanto la manipulaci\u00f3n pol\u00edtica como un vac\u00edo de poder tras un posible colapso del sistema en Ir\u00e1n\u00bb.<\/p>\n<p><em>Con la colaboraci\u00f3n de<\/em> <em>Elona Elezi.<\/em><\/p>\n<p>(lgc\/rml)<\/p>\n<\/div>\n\n","protected":false},"excerpt":{"rendered":"<p>Es hora de propiciar un nuevo liderazgo en Ir\u00e1n, dijo el presidente estadounidense Donald Trump al sitio de noticias politico el pasado s\u00e1bado. Trump acus\u00f3 al l\u00edder iran\u00ed, el ayatol\u00e1 Al\u00ed\u00a0Jamenei, de ser responsable de la destrucci\u00f3n del pa\u00eds y de una violencia sin precedentes. Las \u00faltimas protestas en Ir\u00e1n fueron brutalmente reprimidas, con miles &hellip;<\/p>\n","protected":false},"author":1,"featured_media":56323,"comment_status":"open","ping_status":"open","sticky":false,"template":"","format":"standard","meta":{"fifu_image_url":"https:\/\/static.dw.com\/image\/75557839_6.jpg","fifu_image_alt":"","footnotes":""},"categories":[13],"tags":[],"class_list":["post-56322","post","type-post","status-publish","format-standard","has-post-thumbnail","","category-mundo"],"_links":{"self":[{"href":"https:\/\/noticiasveraces.com\/index.php?rest_route=\/wp\/v2\/posts\/56322","targetHints":{"allow":["GET"]}}],"collection":[{"href":"https:\/\/noticiasveraces.com\/index.php?rest_route=\/wp\/v2\/posts"}],"about":[{"href":"https:\/\/noticiasveraces.com\/index.php?rest_route=\/wp\/v2\/types\/post"}],"author":[{"embeddable":true,"href":"https:\/\/noticiasveraces.com\/index.php?rest_route=\/wp\/v2\/users\/1"}],"replies":[{"embeddable":true,"href":"https:\/\/noticiasveraces.com\/index.php?rest_route=%2Fwp%2Fv2%2Fcomments&post=56322"}],"version-history":[{"count":0,"href":"https:\/\/noticiasveraces.com\/index.php?rest_route=\/wp\/v2\/posts\/56322\/revisions"}],"wp:featuredmedia":[{"embeddable":true,"href":"https:\/\/noticiasveraces.com\/index.php?rest_route=\/wp\/v2\/media\/56323"}],"wp:attachment":[{"href":"https:\/\/noticiasveraces.com\/index.php?rest_route=%2Fwp%2Fv2%2Fmedia&parent=56322"}],"wp:term":[{"taxonomy":"category","embeddable":true,"href":"https:\/\/noticiasveraces.com\/index.php?rest_route=%2Fwp%2Fv2%2Fcategories&post=56322"},{"taxonomy":"post_tag","embeddable":true,"href":"https:\/\/noticiasveraces.com\/index.php?rest_route=%2Fwp%2Fv2%2Ftags&post=56322"}],"curies":[{"name":"wp","href":"https:\/\/api.w.org\/{rel}","templated":true}]}}