{"id":56319,"date":"2026-01-21T14:22:01","date_gmt":"2026-01-21T18:22:01","guid":{"rendered":"https:\/\/noticiasveraces.com\/?p=56319"},"modified":"2026-01-21T14:22:01","modified_gmt":"2026-01-21T18:22:01","slug":"iran-amenaza-con-una-respuesta-contundente-a-la-accion-militar-de-ee-uu","status":"publish","type":"post","link":"https:\/\/noticiasveraces.com\/?p=56319","title":{"rendered":"Ir\u00e1n amenaza con una respuesta contundente a la acci\u00f3n militar de EE.UU."},"content":{"rendered":"<p> \n<\/p>\n<div>\n<div id=\"beyondwords-wrapper\" class=\"beyondwords-wrapper\">\n<p><span class=\"label-bg\">NUEVO<\/span>\u00a1Ahora puedes escuchar los art\u00edculos de Fox News!\n  <\/p>\n<\/div>\n<p class=\"speakable\">Ir\u00e1n advirti\u00f3 que responder\u00eda \u00abcon todo lo que tenemos\u00bb a cualquier nuevo ataque militar estadounidense, acusando a Washington y sus aliados de explotar los recientes disturbios para empujar a la regi\u00f3n hacia una guerra m\u00e1s amplia.<\/p>\n<p class=\"speakable\">En un peri\u00f3dico de Wall Street <u>art\u00edculo de opini\u00f3n<\/u>el ministro de Asuntos Exteriores, Abbas Araghchi, dijo que las protestas en Ir\u00e1n comenzaron pac\u00edficamente antes de ser secuestradas por \u00abactores terroristas nacionales y extranjeros\u00bb, lo que provoc\u00f3 una violenta represi\u00f3n y un cierre casi total de Internet y las comunicaciones. <\/p>\n<p>Culp\u00f3 a la ret\u00f3rica estadounidense por la escalada del derramamiento de sangre, argumentando que las advertencias del presidente Donald Trump crearon incentivos para la violencia masiva. <\/p>\n<p>Si bien insisti\u00f3 en que Ir\u00e1n prefiere la diplomacia, Araghchi advirti\u00f3 que futuros ataques desencadenar\u00edan una respuesta mucho m\u00e1s contundente y correr\u00edan el riesgo de desencadenar un conflicto regional prolongado.<\/p>\n<p><strong>KHAMENEI LLAMA A TRUMP &#39;CRIMINAL&#39; Y LO CULPA POR LAS MORTALES PROTESTAS QUE AFECTAN IR\u00c1N<\/strong><\/p>\n<div class=\"image-ct inline\">\n<div class=\"m\"><picture><source media=\"(max-width: 767px)\" srcset=\"https:\/\/a57.foxnews.com\/static.foxnews.com\/foxnews.com\/content\/uploads\/2025\/07\/343\/192\/41eea6af-abbas-araghchi.jpg?ve=1&amp;tl=1, https:\/\/a57.foxnews.com\/static.foxnews.com\/foxnews.com\/content\/uploads\/2025\/07\/686\/384\/41eea6af-abbas-araghchi.jpg?ve=1&amp;tl=1 2x\" height=\"192\" width=\"343\"><source media=\"(min-width: 768px) and (max-width: 1023px)\" srcset=\"https:\/\/a57.foxnews.com\/static.foxnews.com\/foxnews.com\/content\/uploads\/2025\/07\/672\/378\/41eea6af-abbas-araghchi.jpg?ve=1&amp;tl=1, https:\/\/a57.foxnews.com\/static.foxnews.com\/foxnews.com\/content\/uploads\/2025\/07\/1344\/756\/41eea6af-abbas-araghchi.jpg?ve=1&amp;tl=1 2x\" height=\"378\" width=\"672\"><source media=\"(min-width: 1024px) and (max-width: 1279px)\" srcset=\"https:\/\/a57.foxnews.com\/static.foxnews.com\/foxnews.com\/content\/uploads\/2025\/07\/931\/523\/41eea6af-abbas-araghchi.jpg?ve=1&amp;tl=1, https:\/\/a57.foxnews.com\/static.foxnews.com\/foxnews.com\/content\/uploads\/2025\/07\/1862\/1046\/41eea6af-abbas-araghchi.jpg?ve=1&amp;tl=1 2x\" height=\"523\" width=\"931\"><source media=\"(min-width: 1280px)\" srcset=\"https:\/\/a57.foxnews.com\/static.foxnews.com\/foxnews.com\/content\/uploads\/2025\/07\/720\/405\/41eea6af-abbas-araghchi.jpg?ve=1&amp;tl=1, https:\/\/a57.foxnews.com\/static.foxnews.com\/foxnews.com\/content\/uploads\/2025\/07\/1440\/810\/41eea6af-abbas-araghchi.jpg?ve=1&amp;tl=1 2x\" height=\"405\" width=\"720\"><img loading=\"lazy\" decoding=\"async\" src=\"https:\/\/a57.foxnews.com\/static.foxnews.com\/foxnews.com\/content\/uploads\/2025\/07\/1200\/675\/41eea6af-abbas-araghchi.jpg?ve=1&amp;tl=1\" alt=\"El ministro de Asuntos Exteriores de Ir\u00e1n, Abbas Araghchi, habla con Bret Baier de Fox News.\" width=\"1200\" height=\"675\"\/><\/source><\/source><\/source><\/source><\/picture><\/div>\n<div class=\"info\">\n<div class=\"caption\">\n<p><span>El ministro de Asuntos Exteriores de Ir\u00e1n, Abbas Araghchi, espera la llegada de su hom\u00f3logo de Qatar antes de su reuni\u00f3n en Teher\u00e1n el 26 de agosto de 2024.<\/span> <span>(Atta Kenare\/AFP v\u00eda Getty Images)<\/span><\/p>\n<\/div>\n<\/div>\n<\/div>\n<p>\u00abMientras los iran\u00edes lloran a sus seres queridos y reconstruyen lo que ha sido destruido, surge otra amenaza: el fracaso final de la diplomacia. A diferencia de la moderaci\u00f3n que Ir\u00e1n mostr\u00f3 en junio de 2025, nuestras poderosas fuerzas armadas no tienen reparos en contraatacar con todo lo que tenemos si somos objeto de un nuevo ataque\u00bb, dijo.<\/p>\n<p>\u00abEl mensaje de Ir\u00e1n al presidente Trump es claro: Estados Unidos ha intentado todos los actos hostiles imaginables contra Ir\u00e1n, desde sanciones y ataques cibern\u00e9ticos hasta ataques militares directos\u2014y, m\u00e1s recientemente, claramente aviv\u00f3 una importante operaci\u00f3n terrorista\u2014y todos fracasaron. Es hora de pensar diferente. Pruebe el respeto, lo que nos permitir\u00e1 avanzar m\u00e1s lejos de lo que uno pueda creer.\u00bb<\/p>\n<p>Trump est\u00e1 sopesando una acci\u00f3n militar contra Teher\u00e1n, mientras activos estadounidenses se trasladan a la regi\u00f3n en medio del escrutinio internacional por una represi\u00f3n que ha matado a miles de manifestantes antigubernamentales.<\/p>\n<p><strong>KEANE ADVIERTE AL LIDERAZGO DE IR\u00c1N QUE TOME A TRUMP &#39;CUMPLIENDO SU PALABRA&#39; MIENTRAS LOS ACTIVOS MILITARES SE MUDAN A LA REGI\u00d3N<\/strong><\/p>\n<div class=\"image-ct inline\">\n<div class=\"m\"><picture><source media=\"(max-width: 767px)\" srcset=\"https:\/\/a57.foxnews.com\/static.foxnews.com\/foxnews.com\/content\/uploads\/2026\/01\/343\/192\/anti-government-protest-iran-aftermath.jpg?ve=1&amp;tl=1, https:\/\/a57.foxnews.com\/static.foxnews.com\/foxnews.com\/content\/uploads\/2026\/01\/686\/384\/anti-government-protest-iran-aftermath.jpg?ve=1&amp;tl=1 2x\" height=\"192\" width=\"343\"><source media=\"(min-width: 768px) and (max-width: 1023px)\" srcset=\"https:\/\/a57.foxnews.com\/static.foxnews.com\/foxnews.com\/content\/uploads\/2026\/01\/672\/378\/anti-government-protest-iran-aftermath.jpg?ve=1&amp;tl=1, https:\/\/a57.foxnews.com\/static.foxnews.com\/foxnews.com\/content\/uploads\/2026\/01\/1344\/756\/anti-government-protest-iran-aftermath.jpg?ve=1&amp;tl=1 2x\" height=\"378\" width=\"672\"><source media=\"(min-width: 1024px) and (max-width: 1279px)\" srcset=\"https:\/\/a57.foxnews.com\/static.foxnews.com\/foxnews.com\/content\/uploads\/2026\/01\/931\/523\/anti-government-protest-iran-aftermath.jpg?ve=1&amp;tl=1, https:\/\/a57.foxnews.com\/static.foxnews.com\/foxnews.com\/content\/uploads\/2026\/01\/1862\/1046\/anti-government-protest-iran-aftermath.jpg?ve=1&amp;tl=1 2x\" height=\"523\" width=\"931\"><source media=\"(min-width: 1280px)\" srcset=\"https:\/\/a57.foxnews.com\/static.foxnews.com\/foxnews.com\/content\/uploads\/2026\/01\/720\/405\/anti-government-protest-iran-aftermath.jpg?ve=1&amp;tl=1, https:\/\/a57.foxnews.com\/static.foxnews.com\/foxnews.com\/content\/uploads\/2026\/01\/1440\/810\/anti-government-protest-iran-aftermath.jpg?ve=1&amp;tl=1 2x\" height=\"405\" width=\"720\"><img loading=\"lazy\" decoding=\"async\" src=\"https:\/\/a57.foxnews.com\/static.foxnews.com\/foxnews.com\/content\/uploads\/2026\/01\/1200\/675\/anti-government-protest-iran-aftermath.jpg?ve=1&amp;tl=1\" alt=\"Un hombre examina los restos carbonizados de un autob\u00fas p\u00fablico colocado en una plaza abierta.\" width=\"1200\" height=\"675\"\/><\/source><\/source><\/source><\/source><\/picture><\/div>\n<div class=\"info\">\n<div class=\"caption\">\n<p><span>Un hombre iran\u00ed mira un autob\u00fas quemado durante los recientes disturbios antigubernamentales, exhibido en una plaza en el centro de Teher\u00e1n, Ir\u00e1n, el domingo 18 de enero de 2026.<\/span> <span>(Morteza Nikoubazl\/NurPhoto v\u00eda Getty Images)<\/span><\/p>\n<\/div>\n<\/div>\n<\/div>\n<p>La Agencia de Noticias de Activistas de Derechos Humanos (HRANA), con sede en Estados Unidos, que rastrea las violaciones de derechos humanos en Ir\u00e1n, dijo el martes que las protestas a nivel nacional continuaron hasta el d\u00eda 24.<\/p>\n<p>Las cifras agregadas del grupo mostraron 629 protestas registradas, el arresto de al menos 26.314 personas y la muerte confirmada de 4.519 personas.<\/p>\n<p>HRANA dijo que 4.251 de los muertos eran manifestantes, incluidos 33 ni\u00f1os menores de 18 a\u00f1os.<\/p>\n<p>El Consejo de Derechos Humanos de las Naciones Unidas anunci\u00f3 que celebrar\u00e1 una sesi\u00f3n especial el viernes para abordar el deterioro de la situaci\u00f3n de los derechos humanos en Ir\u00e1n.<\/p>\n<div class=\"image-ct inline\">\n<div class=\"m\"><picture><source media=\"(max-width: 767px)\" srcset=\"https:\/\/a57.foxnews.com\/static.foxnews.com\/foxnews.com\/content\/uploads\/2026\/01\/343\/192\/iran-clerics-protests.jpg?ve=1&amp;tl=1, https:\/\/a57.foxnews.com\/static.foxnews.com\/foxnews.com\/content\/uploads\/2026\/01\/686\/384\/iran-clerics-protests.jpg?ve=1&amp;tl=1 2x\" height=\"192\" width=\"343\"><source media=\"(min-width: 768px) and (max-width: 1023px)\" srcset=\"https:\/\/a57.foxnews.com\/static.foxnews.com\/foxnews.com\/content\/uploads\/2026\/01\/672\/378\/iran-clerics-protests.jpg?ve=1&amp;tl=1, https:\/\/a57.foxnews.com\/static.foxnews.com\/foxnews.com\/content\/uploads\/2026\/01\/1344\/756\/iran-clerics-protests.jpg?ve=1&amp;tl=1 2x\" height=\"378\" width=\"672\"><source media=\"(min-width: 1024px) and (max-width: 1279px)\" srcset=\"https:\/\/a57.foxnews.com\/static.foxnews.com\/foxnews.com\/content\/uploads\/2026\/01\/931\/523\/iran-clerics-protests.jpg?ve=1&amp;tl=1, https:\/\/a57.foxnews.com\/static.foxnews.com\/foxnews.com\/content\/uploads\/2026\/01\/1862\/1046\/iran-clerics-protests.jpg?ve=1&amp;tl=1 2x\" height=\"523\" width=\"931\"><source media=\"(min-width: 1280px)\" srcset=\"https:\/\/a57.foxnews.com\/static.foxnews.com\/foxnews.com\/content\/uploads\/2026\/01\/720\/405\/iran-clerics-protests.jpg?ve=1&amp;tl=1, https:\/\/a57.foxnews.com\/static.foxnews.com\/foxnews.com\/content\/uploads\/2026\/01\/1440\/810\/iran-clerics-protests.jpg?ve=1&amp;tl=1 2x\" height=\"405\" width=\"720\"><img loading=\"lazy\" decoding=\"async\" src=\"https:\/\/a57.foxnews.com\/static.foxnews.com\/foxnews.com\/content\/uploads\/2026\/01\/1200\/675\/iran-clerics-protests.jpg?ve=1&amp;tl=1\" alt=\"Figuras religiosas se encuentran dentro de un edificio da\u00f1ado con paredes manchadas de holl\u00edn.\" width=\"1200\" height=\"675\"\/><\/source><\/source><\/source><\/source><\/picture><\/div>\n<div class=\"info\">\n<div class=\"caption\">\n<p><span>Cl\u00e9rigos iran\u00edes dentro de un seminario isl\u00e1mico que fue quemado durante las protestas en Teher\u00e1n, Ir\u00e1n, el mi\u00e9rcoles 21 de enero de 2026.<\/span> <span>(Majid Asgaripour\/Agencia de Noticias de Asia Occidental v\u00eda REUTERS)<\/span><\/p>\n<\/div>\n<\/div>\n<\/div>\n<p><strong>HAGA CLIC AQU\u00cd PARA DESCARGAR LA APLICACI\u00d3N FOX NEWS<\/strong><\/p>\n<p>El periodista iran\u00ed Elaheh Mohammadi dijo en X que durante los \u00faltimos dos d\u00edas, el acceso VPN ha funcionado s\u00f3lo espor\u00e1dicamente durante 30 minutos a una hora a la vez, permitiendo breves conexiones a Internet para que las personas sepan que todav\u00eda est\u00e1n vivas. <\/p>\n<p>\u00abLa ciudad huele a muerte. En toda mi vida, nunca hab\u00eda visto nevar en Teher\u00e1n y ni una sola persona sonre\u00eda siquiera\u00bb, escribi\u00f3. \u00abHan pasado d\u00edas dif\u00edciles y todo el mundo est\u00e1 at\u00f3nito; un pa\u00eds entero est\u00e1 de luto, un pa\u00eds entero contiene las l\u00e1grimas, un pa\u00eds entero tiene un nudo en la garganta\u00bb.<\/p>\n<p> <!----> <\/p>\n<div class=\"article-meta\">\n<div class=\"author-bio\">\n<p>Ashley Carnahan es escritora de Fox News Digital.<\/p>\n<\/div>\n<\/div>\n<\/div>\n\n","protected":false},"excerpt":{"rendered":"<p>NUEVO\u00a1Ahora puedes escuchar los art\u00edculos de Fox News! Ir\u00e1n advirti\u00f3 que responder\u00eda \u00abcon todo lo que tenemos\u00bb a cualquier nuevo ataque militar estadounidense, acusando a Washington y sus aliados de explotar los recientes disturbios para empujar a la regi\u00f3n hacia una guerra m\u00e1s amplia. En un peri\u00f3dico de Wall Street art\u00edculo de opini\u00f3nel ministro de &hellip;<\/p>\n","protected":false},"author":1,"featured_media":56321,"comment_status":"open","ping_status":"open","sticky":false,"template":"","format":"standard","meta":{"fifu_image_url":"https:\/\/static.foxnews.com\/foxnews.com\/content\/uploads\/2026\/01\/abbas-araghchi-iran-protests.jpg","fifu_image_alt":"","footnotes":""},"categories":[13],"tags":[],"class_list":["post-56319","post","type-post","status-publish","format-standard","has-post-thumbnail","","category-mundo"],"_links":{"self":[{"href":"https:\/\/noticiasveraces.com\/index.php?rest_route=\/wp\/v2\/posts\/56319","targetHints":{"allow":["GET"]}}],"collection":[{"href":"https:\/\/noticiasveraces.com\/index.php?rest_route=\/wp\/v2\/posts"}],"about":[{"href":"https:\/\/noticiasveraces.com\/index.php?rest_route=\/wp\/v2\/types\/post"}],"author":[{"embeddable":true,"href":"https:\/\/noticiasveraces.com\/index.php?rest_route=\/wp\/v2\/users\/1"}],"replies":[{"embeddable":true,"href":"https:\/\/noticiasveraces.com\/index.php?rest_route=%2Fwp%2Fv2%2Fcomments&post=56319"}],"version-history":[{"count":0,"href":"https:\/\/noticiasveraces.com\/index.php?rest_route=\/wp\/v2\/posts\/56319\/revisions"}],"wp:featuredmedia":[{"embeddable":true,"href":"https:\/\/noticiasveraces.com\/index.php?rest_route=\/wp\/v2\/media\/56321"}],"wp:attachment":[{"href":"https:\/\/noticiasveraces.com\/index.php?rest_route=%2Fwp%2Fv2%2Fmedia&parent=56319"}],"wp:term":[{"taxonomy":"category","embeddable":true,"href":"https:\/\/noticiasveraces.com\/index.php?rest_route=%2Fwp%2Fv2%2Fcategories&post=56319"},{"taxonomy":"post_tag","embeddable":true,"href":"https:\/\/noticiasveraces.com\/index.php?rest_route=%2Fwp%2Fv2%2Ftags&post=56319"}],"curies":[{"name":"wp","href":"https:\/\/api.w.org\/{rel}","templated":true}]}}