{"id":56300,"date":"2026-01-21T13:21:02","date_gmt":"2026-01-21T17:21:02","guid":{"rendered":"https:\/\/noticiasveraces.com\/?p=56300"},"modified":"2026-01-21T13:21:02","modified_gmt":"2026-01-21T17:21:02","slug":"periodista-admitio-haber-incitado-al-odio-y-recibio-condena","status":"publish","type":"post","link":"https:\/\/noticiasveraces.com\/?p=56300","title":{"rendered":"Periodista admiti\u00f3 haber incitado al odio y recibi\u00f3 condena"},"content":{"rendered":"<p> \n<\/p>\n<div>\n<p>La comunicadora social Marifer Luc\u00eda Guzm\u00e1n Chac\u00edn admiti\u00f3 estar incursa en el delito de promoci\u00f3n o incitaci\u00f3n al odio y en consecuencia el Tribunal Primero de Control de Anzo\u00e1tegui le impuso una pena de 6 a\u00f1os y 8 meses de prisi\u00f3n, seg\u00fan fuentes judiciales.<\/p>\n<p>El referido delito est\u00e1 contemplado en la Ley Constitucional contra el Odio, por la Convivencia Pac\u00edfica y la Tolerancia, donde se prev\u00e9 una pena de 10 a 20 a\u00f1os de prisi\u00f3n. En este caso, la acusada Guzm\u00e1n Chac\u00edn admiti\u00f3 su participaci\u00f3n en los hechos investigados por la Fiscal\u00eda Sexta del Ministerio P\u00fablico y, en consecuencia, el Tribunal Primero de Control la conden\u00f3 a 10 a\u00f1os; pero, al aplicarle la rebaja que ordena el art\u00edculo 375 del C\u00f3digo Org\u00e1nico Procesal Penal, la sanci\u00f3n le qued\u00f3 en 6 a\u00f1os y 8 meses de prisi\u00f3n, explic\u00f3 la fuente.<\/p>\n<p>La investigaci\u00f3n tiene su origen en la denuncia interpuesta contra la comunicadora social el d\u00eda 20 de enero de 2025 ante el Servicio de Investigaci\u00f3n Penal de la Polic\u00eda Bolivariana del estado Anzo\u00e1tegui.<\/p>\n<p>El denunciante refiere que Marifer Luc\u00eda Guzm\u00e1n Chac\u00edn labor\u00f3 como comunicadora social en la Gobernaci\u00f3n de Anzo\u00e1tegui desde el 1 de marzo de 2024 hasta el 31 de diciembre de 2024, debido a que su contrato no fue renovado.<\/p>\n<p>Luego de fenecido ese contrato, Guzm\u00e1n Chac\u00edn se dedic\u00f3 a crear contenidos que, en criterio del denunciante, ofend\u00edan y desprestigiaban a la Gobernaci\u00f3n de Anzo\u00e1tegui, espec\u00edficamente al Instituto de Cultura. Dichos contenidos eran subidos a las redes sociales por la aludida comunicadora social.<\/p>\n<p>A partir de esa denuncia, Guzm\u00e1n Chac\u00edn fue detenida y presentada ante el Tribunal 1 de Control de Anzo\u00e1tegui el 10 de febrero de 2025, d\u00eda en que la imputaron y le decretaron privativa de libertad, por la presunta comisi\u00f3n del delito de Promoci\u00f3n o Incitaci\u00f3n al Odio.<\/p>\n<p>Posteriormente, el 27 de marzo de 2025, la Fiscal\u00eda Sexta del Ministerio P\u00fablico solicit\u00f3 abrir un juicio contra Guzm\u00e1n Chac\u00edn. A los pocos d\u00edas, el citado tribunal celebr\u00f3 la audiencia preliminar para debatir si ordenaba o no el pase a juicio contra la comunicadora social, tal como lo hab\u00eda solicitado el Ministerio P\u00fablico. Pero en esa misma audiencia, el juez le pregunt\u00f3 a la acusada si deseaba admitir los hechos; ella respondi\u00f3 que s\u00ed y en consecuencia le impuso la condena de 6 a\u00f1os y 8 meses de prisi\u00f3n, manteni\u00e9ndose la medida privativa judicial preventiva de libertad.<\/p>\n<p>Luego, el 30 de mayo de 2025, el expediente ingres\u00f3 al Tribunal de Ejecuci\u00f3n N 2 y desde esta misma fecha se ejecuta la sentencia condenatoria.  <\/p>\n<\/div>\n\n","protected":false},"excerpt":{"rendered":"<p>La comunicadora social Marifer Luc\u00eda Guzm\u00e1n Chac\u00edn admiti\u00f3 estar incursa en el delito de promoci\u00f3n o incitaci\u00f3n al odio y en consecuencia el Tribunal Primero de Control de Anzo\u00e1tegui le impuso una pena de 6 a\u00f1os y 8 meses de prisi\u00f3n, seg\u00fan fuentes judiciales. El referido delito est\u00e1 contemplado en la Ley Constitucional contra el &hellip;<\/p>\n","protected":false},"author":1,"featured_media":56301,"comment_status":"open","ping_status":"open","sticky":false,"template":"","format":"standard","meta":{"fifu_image_url":"https:\/\/ultimasnoticias.com.ve\/wp-content\/uploads\/2022\/03\/ImagenUN.jpg","fifu_image_alt":"","footnotes":""},"categories":[13],"tags":[],"class_list":["post-56300","post","type-post","status-publish","format-standard","has-post-thumbnail","","category-mundo"],"_links":{"self":[{"href":"https:\/\/noticiasveraces.com\/index.php?rest_route=\/wp\/v2\/posts\/56300","targetHints":{"allow":["GET"]}}],"collection":[{"href":"https:\/\/noticiasveraces.com\/index.php?rest_route=\/wp\/v2\/posts"}],"about":[{"href":"https:\/\/noticiasveraces.com\/index.php?rest_route=\/wp\/v2\/types\/post"}],"author":[{"embeddable":true,"href":"https:\/\/noticiasveraces.com\/index.php?rest_route=\/wp\/v2\/users\/1"}],"replies":[{"embeddable":true,"href":"https:\/\/noticiasveraces.com\/index.php?rest_route=%2Fwp%2Fv2%2Fcomments&post=56300"}],"version-history":[{"count":0,"href":"https:\/\/noticiasveraces.com\/index.php?rest_route=\/wp\/v2\/posts\/56300\/revisions"}],"wp:featuredmedia":[{"embeddable":true,"href":"https:\/\/noticiasveraces.com\/index.php?rest_route=\/wp\/v2\/media\/56301"}],"wp:attachment":[{"href":"https:\/\/noticiasveraces.com\/index.php?rest_route=%2Fwp%2Fv2%2Fmedia&parent=56300"}],"wp:term":[{"taxonomy":"category","embeddable":true,"href":"https:\/\/noticiasveraces.com\/index.php?rest_route=%2Fwp%2Fv2%2Fcategories&post=56300"},{"taxonomy":"post_tag","embeddable":true,"href":"https:\/\/noticiasveraces.com\/index.php?rest_route=%2Fwp%2Fv2%2Ftags&post=56300"}],"curies":[{"name":"wp","href":"https:\/\/api.w.org\/{rel}","templated":true}]}}