{"id":56297,"date":"2026-01-21T12:20:02","date_gmt":"2026-01-21T16:20:02","guid":{"rendered":"https:\/\/noticiasveraces.com\/?p=56297"},"modified":"2026-01-21T12:20:02","modified_gmt":"2026-01-21T16:20:02","slug":"foro-penal-confirmo-122-nuevos-casos-de-presos-politicos-que-no-habian-sido-denunciados-previamente-el-diario-venezuela","status":"publish","type":"post","link":"https:\/\/noticiasveraces.com\/?p=56297","title":{"rendered":"Foro Penal confirm\u00f3 122 nuevos casos de presos pol\u00edticos que no hab\u00edan sido denunciados previamente &#8211; El Diario Venezuela"},"content":{"rendered":"<p> \n<\/p>\n<div>\n<p>La organizaci\u00f3n no gubernamental (ONG) Foro Penal inform\u00f3 el 21 de enero que ha recibido denuncias de <strong>familiares de al menos 122 presos pol\u00edticos<\/strong>en casos que no hab\u00edan sido reportados anteriormente por \u201cmiedo\u00bb.<\/p>\n<div class=\"ruby-table-contents rbtoc table-fw\">\n<ul class=\"toc-content h5\">\n<li>Familiares de presos pol\u00edticos cumplieron 13 d\u00edas en vigilia pidiendo libertad<\/li>\n<li>Vigilias en otros centro de reclusi\u00f3n <\/li>\n<\/ul>\n<\/div>\n<p>Gonzalo Himiob, vicepresidente de Foro Penal, dijo a EFE que han recibido \u00abcentenares de llamadas\u00bb sobre \u00absituaciones anteriores al 8 de enero de 2025 que <strong>no hab\u00edan sido denunciadas por temor a \u201crepresalias\u201d. <\/strong><\/p>\n<p>\u00abLa gente a veces piensa que denunciando o reportando su caso le va a ir peor, eso incluso se lo han dicho en los cuerpos policiales y en los tribunales a las personas que han sido detenidas, y la verdad es que eso no es cierto. El peor enemigo de un preso pol\u00edtico es el olvido, el silencio\u00bb, expres\u00f3.<\/p>\n<p>Himiob explic\u00f3 que se encuentran evaluando la situaci\u00f3n. \u00abNo basta con la llamada para registrar a una persona como arbitrariamente detenida por motivos pol\u00edticos\u00bb, acot\u00f3. <\/p>\n<p>La ONG, que env\u00eda su registro a la Organizaci\u00f3n de los Estados Americanos (OEA) y a la Oficina de Derechos Humanos de las Naciones Unidas para ser verificado y certificado, contabiliz\u00f3 hasta el lunes 19 de enero <strong>un total de 777 presos pol\u00edticos tras las excarcelaciones.<\/strong><\/p>\n<p>El contexto de estas excarcelaciones se realizan luego de un anuncio de las autoridades venezolanas sobre la liberaci\u00f3n de un \u00abn\u00famero importante\u00bb de presos pol\u00edticos, lo que gener\u00f3 que decenas de familiares se organizaran para hacer vigilias frente a diferentes centros de detenci\u00f3n con la esperanza de reencontrarse con los suyos.<\/p>\n<h2 id=\"familiares-de-presos-politicos-cumplieron-13-dias-en-vigilia-pidiendo-libertad\" class=\"rb-heading-index-0-840009 wp-block-heading\"><strong>Familiares de presos pol\u00edticos cumplieron 13 d\u00edas en vigilia pidiendo libertad<\/strong><\/h2>\n<figure class=\"wp-block-image size-large\"><picture fetchpriority=\"high\" decoding=\"async\" class=\"wp-image-839921\"><source type=\"image\/webp\" srcset=\"https:\/\/eldiario.com\/wp-content\/uploads\/2026\/01\/Diseno-sin-titulo-11-1-1200x800.jpg.webp 1200w, https:\/\/eldiario.com\/wp-content\/uploads\/2026\/01\/Diseno-sin-titulo-11-1-300x200.jpg.webp 300w, https:\/\/eldiario.com\/wp-content\/uploads\/2026\/01\/Diseno-sin-titulo-11-1-768x512.jpg.webp 768w, https:\/\/eldiario.com\/wp-content\/uploads\/2026\/01\/Diseno-sin-titulo-11-1-1536x1024.jpg.webp 1536w, https:\/\/eldiario.com\/wp-content\/uploads\/2026\/01\/Diseno-sin-titulo-11-1-330x220.jpg.webp 330w, https:\/\/eldiario.com\/wp-content\/uploads\/2026\/01\/Diseno-sin-titulo-11-1-420x280.jpg.webp 420w, https:\/\/eldiario.com\/wp-content\/uploads\/2026\/01\/Diseno-sin-titulo-11-1-615x410.jpg.webp 615w, https:\/\/eldiario.com\/wp-content\/uploads\/2026\/01\/Diseno-sin-titulo-11-1-860x574.jpg.webp 860w, https:\/\/eldiario.com\/wp-content\/uploads\/2026\/01\/Diseno-sin-titulo-11-1-150x100.jpg.webp 150w, https:\/\/eldiario.com\/wp-content\/uploads\/2026\/01\/Diseno-sin-titulo-11-1.jpg.webp 1600w\" sizes=\"(max-width: 1200px) 100vw, 1200px\"\/><img fetchpriority=\"high\" decoding=\"async\" width=\"1200\" height=\"800\" src=\"https:\/\/eldiario.com\/wp-content\/uploads\/2026\/01\/Diseno-sin-titulo-11-1-1200x800.jpg\" alt=\"En im\u00e1genes: familiares de presos pol\u00edticos cumplen 13 d\u00edas en vigilia pidiendo libertad\" srcset=\"https:\/\/eldiario.com\/wp-content\/uploads\/2026\/01\/Diseno-sin-titulo-11-1-1200x800.jpg 1200w, https:\/\/eldiario.com\/wp-content\/uploads\/2026\/01\/Diseno-sin-titulo-11-1-300x200.jpg 300w, https:\/\/eldiario.com\/wp-content\/uploads\/2026\/01\/Diseno-sin-titulo-11-1-768x512.jpg 768w, https:\/\/eldiario.com\/wp-content\/uploads\/2026\/01\/Diseno-sin-titulo-11-1-1536x1024.jpg 1536w, https:\/\/eldiario.com\/wp-content\/uploads\/2026\/01\/Diseno-sin-titulo-11-1-330x220.jpg 330w, https:\/\/eldiario.com\/wp-content\/uploads\/2026\/01\/Diseno-sin-titulo-11-1-420x280.jpg 420w, https:\/\/eldiario.com\/wp-content\/uploads\/2026\/01\/Diseno-sin-titulo-11-1-615x410.jpg 615w, https:\/\/eldiario.com\/wp-content\/uploads\/2026\/01\/Diseno-sin-titulo-11-1-860x574.jpg 860w, https:\/\/eldiario.com\/wp-content\/uploads\/2026\/01\/Diseno-sin-titulo-11-1-150x100.jpg 150w, https:\/\/eldiario.com\/wp-content\/uploads\/2026\/01\/Diseno-sin-titulo-11-1.jpg 1600w\" sizes=\"(max-width: 1200px) 100vw, 1200px\"\/>\n<\/picture><figcaption class=\"wp-element-caption\">Foto: @clippve<\/figcaption><\/figure>\n<p>Los familiares de los presos pol\u00edticos recluidos en la Zona 7 de Bole\u00edta cumplieron 13 noches de vigilia, a las afueras del centro de detenci\u00f3n de la Polic\u00eda Nacional Bolivariana (PNB), para exigir fe de vida y liberaci\u00f3n de sus seres queridos.<\/p>\n<p>Durante la vigilia del 20 de enero, acudieron miembros de la Federaci\u00f3n de Centros Universitarios (FCU) de la Universidad Central de Venezuela para acompa\u00f1ar a los familiares de los presos pol\u00edticos.  <\/p>\n<p>El equipo de <strong>El Diario<\/strong> acudi\u00f3 al lugar y pudo constatar que permanece bloqueado el comando de la PNB por un veh\u00edculo \u201cmurci\u00e9lago\u201d. Tambi\u00e9n report\u00f3 presencia de piquetes antimotines, sin embargo, se retiraron los el cambio de guardia. <\/p>\n<p>Los familiares se mantienen a las afueras de Zona 7 con carpas para poder descansar, mientras siguen esperando noticias de sus familiares. Se conoci\u00f3 que las personas llegaron a un acuerdo con la polic\u00eda para que se permitiera la vigilia a cambio de que no se obstruyera la v\u00eda de acceso. <\/p>\n<h2 id=\"vigilias-en-otros-centro-de-reclusion%c2%a0\" class=\"rb-heading-index-1-840009 wp-block-heading\"><strong>Vigilias en otros centro de reclusi\u00f3n <\/strong><\/h2>\n<figure class=\"wp-block-image size-large\"><picture loading=\"lazy\" decoding=\"async\" class=\"wp-image-839916\"><source type=\"image\/webp\" srcset=\"https:\/\/eldiario.com\/wp-content\/uploads\/2026\/01\/Diseno-sin-titulo-7-1-1200x800.jpg.webp 1200w, https:\/\/eldiario.com\/wp-content\/uploads\/2026\/01\/Diseno-sin-titulo-7-1-300x200.jpg.webp 300w, https:\/\/eldiario.com\/wp-content\/uploads\/2026\/01\/Diseno-sin-titulo-7-1-768x512.jpg.webp 768w, https:\/\/eldiario.com\/wp-content\/uploads\/2026\/01\/Diseno-sin-titulo-7-1-1536x1024.jpg.webp 1536w, https:\/\/eldiario.com\/wp-content\/uploads\/2026\/01\/Diseno-sin-titulo-7-1-330x220.jpg.webp 330w, https:\/\/eldiario.com\/wp-content\/uploads\/2026\/01\/Diseno-sin-titulo-7-1-420x280.jpg.webp 420w, https:\/\/eldiario.com\/wp-content\/uploads\/2026\/01\/Diseno-sin-titulo-7-1-615x410.jpg.webp 615w, https:\/\/eldiario.com\/wp-content\/uploads\/2026\/01\/Diseno-sin-titulo-7-1-860x574.jpg.webp 860w, https:\/\/eldiario.com\/wp-content\/uploads\/2026\/01\/Diseno-sin-titulo-7-1-150x100.jpg.webp 150w, https:\/\/eldiario.com\/wp-content\/uploads\/2026\/01\/Diseno-sin-titulo-7-1.jpg.webp 1600w\" sizes=\"(max-width: 1200px) 100vw, 1200px\"\/><img loading=\"lazy\" decoding=\"async\" width=\"1200\" height=\"800\" src=\"https:\/\/eldiario.com\/wp-content\/uploads\/2026\/01\/Diseno-sin-titulo-7-1-1200x800.jpg\" alt=\"En im\u00e1genes: familiares de presos pol\u00edticos cumplen 13 d\u00edas en vigilia pidiendo libertad\" srcset=\"https:\/\/eldiario.com\/wp-content\/uploads\/2026\/01\/Diseno-sin-titulo-7-1-1200x800.jpg 1200w, https:\/\/eldiario.com\/wp-content\/uploads\/2026\/01\/Diseno-sin-titulo-7-1-300x200.jpg 300w, https:\/\/eldiario.com\/wp-content\/uploads\/2026\/01\/Diseno-sin-titulo-7-1-768x512.jpg 768w, https:\/\/eldiario.com\/wp-content\/uploads\/2026\/01\/Diseno-sin-titulo-7-1-1536x1024.jpg 1536w, https:\/\/eldiario.com\/wp-content\/uploads\/2026\/01\/Diseno-sin-titulo-7-1-330x220.jpg 330w, https:\/\/eldiario.com\/wp-content\/uploads\/2026\/01\/Diseno-sin-titulo-7-1-420x280.jpg 420w, https:\/\/eldiario.com\/wp-content\/uploads\/2026\/01\/Diseno-sin-titulo-7-1-615x410.jpg 615w, https:\/\/eldiario.com\/wp-content\/uploads\/2026\/01\/Diseno-sin-titulo-7-1-860x574.jpg 860w, https:\/\/eldiario.com\/wp-content\/uploads\/2026\/01\/Diseno-sin-titulo-7-1-150x100.jpg 150w, https:\/\/eldiario.com\/wp-content\/uploads\/2026\/01\/Diseno-sin-titulo-7-1.jpg 1600w\" sizes=\"auto, (max-width: 1200px) 100vw, 1200px\"\/>\n<\/picture><figcaption class=\"wp-element-caption\">Foto: El Diario<\/figcaption><\/figure>\n<p id=\"h-las-vigilias-de-los-familiares-para-exigir-la-liberacion-de-los-presos-politicos-se-han-mantenido-tambien-en-otros-penales-del-pais-como-el-helicoide-yare-tocuyito-y-rodeo-i-nbsp\">Las vigilias de los familiares para exigir la liberaci\u00f3n de los presos pol\u00edticos se han mantenido tambi\u00e9n en otros penales del pa\u00eds como: El Helicoide, Yare, Tocuyito y Rodeo I. <\/p>\n<p id=\"h-en-la-mayoria-de-los-casos-los-familiares-y-otras-personas-que-los-acompanan-se-han-apostado-con-velas-franelas-y-pancartas-en-las-que-muestran-los-nombres-de-sus-parientes-o-la-frase-liberen-a-todos-los-presos-politicos-nbsp\">En la mayor\u00eda de los casos, los familiares y otras personas que los acompa\u00f1an, se han apostado con velas, franelas y pancartas en las que muestran los nombres de sus parientes o la frase \u201cLiberen a todos los presos pol\u00edticos\u201d. <\/p>\n<p id=\"h-con-la-misma-determinacion-que-las-familias-que-ya-cumplen-mas-de-11-dias-pernoctando-a-las-afueras-de-otros-centros-de-detencion-del-pais-los-parientes-en-tocuyito-alzaron-su-voz-escribio-el-comite-por-la-libertad-de-los-presos-politicos-clippve-en-una-publicacion-en-su-cuenta-de-x-nbsp\">\u201cCon la misma determinaci\u00f3n que las familias que ya cumplen m\u00e1s de 11 d\u00edas pernoctando a las afueras de otros centros de detenci\u00f3n del pa\u00eds, los parientes en Tocuyito alzaron su voz\u201d, escribi\u00f3 el Comit\u00e9 por la Libertad de los Presos Pol\u00edticos (Clippve) en una publicaci\u00f3n en su cuenta de X. <\/p>\n<p><!-- CONTENT END 1 -->\n<\/div>\n\n","protected":false},"excerpt":{"rendered":"<p>La organizaci\u00f3n no gubernamental (ONG) Foro Penal inform\u00f3 el 21 de enero que ha recibido denuncias de familiares de al menos 122 presos pol\u00edticosen casos que no hab\u00edan sido reportados anteriormente por \u201cmiedo\u00bb. Familiares de presos pol\u00edticos cumplieron 13 d\u00edas en vigilia pidiendo libertad Vigilias en otros centro de reclusi\u00f3n Gonzalo Himiob, vicepresidente de Foro &hellip;<\/p>\n","protected":false},"author":1,"featured_media":56299,"comment_status":"open","ping_status":"open","sticky":false,"template":"","format":"standard","meta":{"fifu_image_url":"https:\/\/eldiario.com\/wp-content\/uploads\/2026\/01\/ppp-1.jpg","fifu_image_alt":"","footnotes":""},"categories":[13],"tags":[],"class_list":["post-56297","post","type-post","status-publish","format-standard","has-post-thumbnail","","category-mundo"],"_links":{"self":[{"href":"https:\/\/noticiasveraces.com\/index.php?rest_route=\/wp\/v2\/posts\/56297","targetHints":{"allow":["GET"]}}],"collection":[{"href":"https:\/\/noticiasveraces.com\/index.php?rest_route=\/wp\/v2\/posts"}],"about":[{"href":"https:\/\/noticiasveraces.com\/index.php?rest_route=\/wp\/v2\/types\/post"}],"author":[{"embeddable":true,"href":"https:\/\/noticiasveraces.com\/index.php?rest_route=\/wp\/v2\/users\/1"}],"replies":[{"embeddable":true,"href":"https:\/\/noticiasveraces.com\/index.php?rest_route=%2Fwp%2Fv2%2Fcomments&post=56297"}],"version-history":[{"count":0,"href":"https:\/\/noticiasveraces.com\/index.php?rest_route=\/wp\/v2\/posts\/56297\/revisions"}],"wp:featuredmedia":[{"embeddable":true,"href":"https:\/\/noticiasveraces.com\/index.php?rest_route=\/wp\/v2\/media\/56299"}],"wp:attachment":[{"href":"https:\/\/noticiasveraces.com\/index.php?rest_route=%2Fwp%2Fv2%2Fmedia&parent=56297"}],"wp:term":[{"taxonomy":"category","embeddable":true,"href":"https:\/\/noticiasveraces.com\/index.php?rest_route=%2Fwp%2Fv2%2Fcategories&post=56297"},{"taxonomy":"post_tag","embeddable":true,"href":"https:\/\/noticiasveraces.com\/index.php?rest_route=%2Fwp%2Fv2%2Ftags&post=56297"}],"curies":[{"name":"wp","href":"https:\/\/api.w.org\/{rel}","templated":true}]}}