{"id":56288,"date":"2026-01-21T11:31:02","date_gmt":"2026-01-21T15:31:02","guid":{"rendered":"https:\/\/noticiasveraces.com\/?p=56288"},"modified":"2026-01-21T11:31:02","modified_gmt":"2026-01-21T15:31:02","slug":"la-pausa-a-las-visas-para-inmigrante-a-eeuu-entra-en-vigor-este-21ene","status":"publish","type":"post","link":"https:\/\/noticiasveraces.com\/?p=56288","title":{"rendered":"La pausa a las visas para inmigrante a EEUU entra en vigor este #21Ene"},"content":{"rendered":"<p> \n<\/p>\n<div class=\"source vossi-source inline-placeholder\" data-uri=\"es.cms.cnn.com\/_components\/source\/instances\/cmknbx2ab00eu27p4980h37q6@published\" data-component-name=\"source\" data-article-gutter=\"true\"><cite class=\"source__cite vossi-source__cite\"> <img loading=\"lazy\" decoding=\"async\" class=\"alignnone size-full wp-image-5870980\" src=\"https:\/\/sandia.datanubex.uk\/wp-content\/uploads\/2026\/01\/Screenshot_58-1.jpg\" alt=\"\" width=\"710\" height=\"420\" \/><\/cite><\/div>\n<p class=\"paragraph inline-placeholder vossi-paragraph\" data-uri=\"es.cms.cnn.com\/_components\/paragraph\/instances\/cmknbx2ab00ev27p4dj25byg3@published\" data-editable=\"text\" data-component-name=\"paragraph\" data-article-gutter=\"true\" data-analytics-observe=\"on\">Una de las medidas m\u00e1s recientes del Gobierno de Donald Trump en su ofensiva migratoria es la\u00a0pausa en el procesamiento de visas para inmigrante\u00a0para ciudadanos de 75 pa\u00edses, que entra en vigor este mismo mi\u00e9rcoles.<\/p>\n<p data-uri=\"es.cms.cnn.com\/_components\/paragraph\/instances\/cmknbx2ab00ev27p4dj25byg3@published\" data-editable=\"text\" data-component-name=\"paragraph\" data-article-gutter=\"true\" data-analytics-observe=\"on\"><strong>Por cnnespanol.cnn.com<\/strong><\/p>\n<p class=\"paragraph inline-placeholder vossi-paragraph\" data-uri=\"es.cms.cnn.com\/_components\/paragraph\/instances\/cmknc0uyj00053j6qn2rx4i4h@published\" data-editable=\"text\" data-component-name=\"paragraph\" data-article-gutter=\"true\" data-analytics-observe=\"on\">Se trata de una suspensi\u00f3n por tiempo indefinido que deja en el limbo a futuros y actuales solicitantes de\u00a0visas de inmigrante, como las destinadas al empleo en Estados Unidos o por petici\u00f3n familiar.<\/p>\n<p class=\"paragraph inline-placeholder vossi-paragraph\" data-uri=\"es.cms.cnn.com\/_components\/paragraph\/instances\/cmknc0uyj00063j6q14cdridw@published\" data-editable=\"text\" data-component-name=\"paragraph\" data-article-gutter=\"true\" data-analytics-observe=\"on\">El Departamento de Estado\u00a0se\u00f1al\u00f3 en una nota oficial que en esta pausa se llevar\u00e1 a cabo \u201cuna revisi\u00f3n exhaustiva de todas las pol\u00edticas, regulaciones y directrices para garantizar que los inmigrantes procedentes de estos pa\u00edses de alto riesgo no utilicen los programas de asistencia social en Estados Unidos ni se conviertan en una carga p\u00fablica\u201d.<\/p>\n<p class=\"paragraph inline-placeholder vossi-paragraph\" data-uri=\"es.cms.cnn.com\/_components\/paragraph\/instances\/cmknc0uyj00073j6q2yhw391e@published\" data-editable=\"text\" data-component-name=\"paragraph\" data-article-gutter=\"true\" data-analytics-observe=\"off\">Sin embargo, el argumento de \u201ccarga p\u00fablica\u201d ya se encuentra definido en la legislaci\u00f3n estadounidense, dijo a CNN el abogado de inmigraci\u00f3n Carlos Colombo, por lo que esta decisi\u00f3n causa m\u00e1s incertidumbre de la que ya se ha generado hasta ahora con las medidas migratorias de la presente administraci\u00f3n.<\/p>\n<h2 id=\"no-tiene-sentido\" class=\"subheader inline-placeholder subheader vossi-subheader vossi-subheader--size-h2\" data-editable=\"text\" data-uri=\"es.cms.cnn.com\/_components\/subheader\/instances\/cmknc59p900193j6qfm0yd24g@published\" data-component-name=\"subheader\" data-article-gutter=\"true\">\u201cNo tiene sentido\u201d<\/h2>\n<p class=\"paragraph inline-placeholder vossi-paragraph\" data-uri=\"es.cms.cnn.com\/_components\/paragraph\/instances\/cmknc0uyj00093j6qhpkgl3f3@published\" data-editable=\"text\" data-component-name=\"paragraph\" data-article-gutter=\"true\" data-analytics-observe=\"off\">Para Colombo, el argumento de \u201ccarga p\u00fablica\u201d para pausar la emisi\u00f3n de visas de inmigrante para personas de 75 pa\u00edses \u201cno tiene sentido\u201d porque la Ley de Inmigraci\u00f3n y Nacionalidad (INA, por sus siglas en ingl\u00e9s) ya incluye los par\u00e1metros para determinar si un inmigrante puede convertirse en una carga para el gobierno al hacer uso de ayudas sociales.<\/p>\n<p class=\"paragraph inline-placeholder vossi-paragraph\" data-uri=\"es.cms.cnn.com\/_components\/paragraph\/instances\/cmknc0uyj000a3j6q6oddcxi3@published\" data-editable=\"text\" data-component-name=\"paragraph\" data-article-gutter=\"true\" data-analytics-observe=\"off\">\u201cSiempre que una persona se presenta para una visa de inmigrante, (los funcionarios de inmigraci\u00f3n) tienen discreci\u00f3n de hacer un an\u00e1lisis de carga p\u00fablica. Existe ya esa ley, existe el formato de c\u00f3mo se analiza\u201d, dijo Colombo.<\/p>\n<p class=\"paragraph inline-placeholder vossi-paragraph\" data-uri=\"es.cms.cnn.com\/_components\/paragraph\/instances\/cmknc0uyj000b3j6q06rl7ey4@published\" data-editable=\"text\" data-component-name=\"paragraph\" data-article-gutter=\"true\" data-analytics-observe=\"off\">Ese an\u00e1lisis de carga p\u00fablica, agreg\u00f3 el abogado fundador del despacho Colombo &#038; Hurd, se realiza \u201cen todos los casos para una visa de inmigrante\u201d.<\/p>\n<p class=\"paragraph inline-placeholder vossi-paragraph\" data-uri=\"es.cms.cnn.com\/_components\/paragraph\/instances\/cmknc0uyj000c3j6qxan4d898@published\" data-editable=\"text\" data-component-name=\"paragraph\" data-article-gutter=\"true\" data-analytics-observe=\"off\">Aunado a ello, Colombo explic\u00f3 que el n\u00famero tan amplio de pa\u00edses en esta nueva directriz tambi\u00e9n genera dudas porque el an\u00e1lisis de carga p\u00fablica se hace \u201ca nivel individual, no basado en tu ciudadan\u00eda o tu nacionalidad\u201d.<\/p>\n<p class=\"paragraph inline-placeholder vossi-paragraph\" data-uri=\"es.cms.cnn.com\/_components\/paragraph\/instances\/cmknc0uyj000d3j6qr6cn0g2j@published\" data-editable=\"text\" data-component-name=\"paragraph\" data-article-gutter=\"true\" data-analytics-observe=\"off\">La INA\u00a0se\u00f1ala\u00a0que las autoridades pueden determinar si un extranjero es una carga p\u00fablica \u2014y, por tanto, inadmisible en el pa\u00eds\u2014 al tomar en cuenta factores como edad, salud, estatus familiar, activos, recursos, situaci\u00f3n financiera, educaci\u00f3n y habilidades. Sin embargo, no menciona la ciudadan\u00eda o la nacionalidad como puntos para decidir si un extranjero es una carga p\u00fablica.<\/p>\n<p class=\"paragraph inline-placeholder vossi-paragraph\" data-uri=\"es.cms.cnn.com\/_components\/paragraph\/instances\/cmknc0uyj000e3j6qa3sxb83f@published\" data-editable=\"text\" data-component-name=\"paragraph\" data-article-gutter=\"true\" data-analytics-observe=\"off\">El Departamento de Estado no especific\u00f3 las razones por las que eligi\u00f3 a los 75 pa\u00edses de esta suspensi\u00f3n y solamente se refiri\u00f3 a ellos como \u201cpa\u00edses de alto riesgo\u201d.<\/p>\n<p class=\"paragraph inline-placeholder vossi-paragraph\" data-uri=\"es.cms.cnn.com\/_components\/paragraph\/instances\/cmknc0uyj000f3j6qtuuc2yac@published\" data-editable=\"text\" data-component-name=\"paragraph\" data-article-gutter=\"true\" data-analytics-observe=\"off\">Al preguntarle al Departamento de Estado qu\u00e9 factores se tomaron en cuenta para establecer la lista de 75 pa\u00edses, un portavoz de la instituci\u00f3n respondi\u00f3 a CNN en un correo electr\u00f3nico que se defini\u00f3 el listado \u201cante indicios de que los inmigrantes de estos pa\u00edses tienen un mayor riesgo de recibir beneficios p\u00fablicos en Estados Unidos\u201d.<\/p>\n<p class=\"paragraph inline-placeholder vossi-paragraph\" data-uri=\"es.cms.cnn.com\/_components\/paragraph\/instances\/cmknc0uyj000g3j6qyoolk68j@published\" data-editable=\"text\" data-component-name=\"paragraph\" data-article-gutter=\"true\" data-analytics-observe=\"off\">\u201cEl Departamento suspende la emisi\u00f3n de visas con el fin de evaluar y mejorar los procedimientos y las directrices de selecci\u00f3n y verificaci\u00f3n relacionados con el motivo de inelegibilidad por carga p\u00fablica\u201d, a\u00f1adi\u00f3.<\/p>\n<p class=\"paragraph inline-placeholder vossi-paragraph\" data-uri=\"es.cms.cnn.com\/_components\/paragraph\/instances\/cmknc0uyj000h3j6qlmbmnyc8@published\" data-editable=\"text\" data-component-name=\"paragraph\" data-article-gutter=\"true\" data-analytics-observe=\"off\">El abogado de inmigraci\u00f3n H\u00e9ctor Quiroga coincidi\u00f3 con Colombo y dijo que la valoraci\u00f3n sobre la carga p\u00fablica \u201csiempre ha sido individualizada, nunca colectiva\u201d, y destac\u00f3 que es una regla que est\u00e1 en la INA \u201cdesde hace m\u00e1s de un siglo\u201d.<\/p>\n<p data-uri=\"es.cms.cnn.com\/_components\/paragraph\/instances\/cmknc0uyj000e3j6qa3sxb83f@published\" data-editable=\"text\" data-component-name=\"paragraph\" data-article-gutter=\"true\" data-analytics-observe=\"off\">Para leer la nota completa pulse <strong>Aqu\u00ed <\/strong><\/p>\n<p data-uri=\"es.cms.cnn.com\/_components\/paragraph\/instances\/cmknc0uyj000e3j6qa3sxb83f@published\" data-editable=\"text\" data-component-name=\"paragraph\" data-article-gutter=\"true\" data-analytics-observe=\"off\">\n<br \/>\n","protected":false},"excerpt":{"rendered":"<p>Una de las medidas m\u00e1s recientes del Gobierno de Donald Trump en su ofensiva migratoria es la\u00a0pausa en el procesamiento de visas para inmigrante\u00a0para ciudadanos de 75 pa\u00edses, que entra en vigor este mismo mi\u00e9rcoles. Por cnnespanol.cnn.com Se trata de una suspensi\u00f3n por tiempo indefinido que deja en el limbo a futuros y actuales solicitantes &hellip;<\/p>\n","protected":false},"author":1,"featured_media":56290,"comment_status":"open","ping_status":"open","sticky":false,"template":"","format":"standard","meta":{"fifu_image_url":"https:\/\/sandia.datanubex.uk\/wp-content\/uploads\/2026\/01\/Screenshot_58-1.jpg","fifu_image_alt":"","footnotes":""},"categories":[4],"tags":[],"class_list":["post-56288","post","type-post","status-publish","format-standard","has-post-thumbnail","","category-historias-destacadas"],"_links":{"self":[{"href":"https:\/\/noticiasveraces.com\/index.php?rest_route=\/wp\/v2\/posts\/56288","targetHints":{"allow":["GET"]}}],"collection":[{"href":"https:\/\/noticiasveraces.com\/index.php?rest_route=\/wp\/v2\/posts"}],"about":[{"href":"https:\/\/noticiasveraces.com\/index.php?rest_route=\/wp\/v2\/types\/post"}],"author":[{"embeddable":true,"href":"https:\/\/noticiasveraces.com\/index.php?rest_route=\/wp\/v2\/users\/1"}],"replies":[{"embeddable":true,"href":"https:\/\/noticiasveraces.com\/index.php?rest_route=%2Fwp%2Fv2%2Fcomments&post=56288"}],"version-history":[{"count":0,"href":"https:\/\/noticiasveraces.com\/index.php?rest_route=\/wp\/v2\/posts\/56288\/revisions"}],"wp:featuredmedia":[{"embeddable":true,"href":"https:\/\/noticiasveraces.com\/index.php?rest_route=\/wp\/v2\/media\/56290"}],"wp:attachment":[{"href":"https:\/\/noticiasveraces.com\/index.php?rest_route=%2Fwp%2Fv2%2Fmedia&parent=56288"}],"wp:term":[{"taxonomy":"category","embeddable":true,"href":"https:\/\/noticiasveraces.com\/index.php?rest_route=%2Fwp%2Fv2%2Fcategories&post=56288"},{"taxonomy":"post_tag","embeddable":true,"href":"https:\/\/noticiasveraces.com\/index.php?rest_route=%2Fwp%2Fv2%2Ftags&post=56288"}],"curies":[{"name":"wp","href":"https:\/\/api.w.org\/{rel}","templated":true}]}}