{"id":56281,"date":"2026-01-21T06:53:11","date_gmt":"2026-01-21T10:53:11","guid":{"rendered":"https:\/\/noticiasveraces.com\/?p=56281"},"modified":"2026-01-21T06:53:11","modified_gmt":"2026-01-21T10:53:11","slug":"maria-corina-machado-se-reune-con-secretario-general-de-la-oea-es-hora-de-actuar","status":"publish","type":"post","link":"https:\/\/noticiasveraces.com\/?p=56281","title":{"rendered":"Mar\u00eda Corina Machado se re\u00fane con secretario general de la OEA: \u201cEs hora de actuar\u201d"},"content":{"rendered":"<p> \n<\/p>\n<p>Mar\u00eda Corina Machado, l\u00edder de la oposici\u00f3n venezolana, se reuni\u00f3 este martes con Albert Ramdin, secretario general de la Organizaci\u00f3n de Estados Americanos, quien la semana pasada expres\u00f3 su disposici\u00f3n a apoyar la transici\u00f3n hacia la democracia en el pa\u00eds tras la <strong><mark class=\"has-inline-color has-luminous-vivid-amber-color\"><span style=\"text-decoration: underline\">captura<\/span><\/mark><\/strong>  de Nicol\u00e1s Maduro el pasado<strong> <mark class=\"has-inline-color has-luminous-vivid-amber-color\"><span style=\"text-decoration: underline\">3 de enero<\/span><\/mark><\/strong>.<\/p>\n<p>Machado, en declaraciones a la prensa, calific\u00f3 de positivo el encuentro con Ramdin, agradeci\u00f3 al sistema interamericano de derechos humanos por denunciar en todo momento los cr\u00edmenes cometidos bajos los reg\u00edmenes de Hugo Ch\u00e1vez y su predecesor y pidi\u00f3 a los pa\u00edses silentes del organismo que act\u00faen.<\/p>\n<p>\u201cEl sistema interamericano tiene diversos mecanismos que han activado. Este es un momento en el que todos los pa\u00edses que son Estados miembros de la OEA deben escuchar a su gente, porque yo s\u00e9 que los pueblos de este hemisferio nos acompa\u00f1an, y a algunos que, por razones pol\u00edticas han sido m\u00e1s silentes, les digo: es el momento de actuar\u201d, manifest\u00f3.<\/p>\n<div style=\"height:17px\" aria-hidden=\"true\" class=\"wp-block-spacer\"><\/div>\n<p class=\"has-medium-font-size\"><strong>\u201cNo hay riesgo de una confrontaci\u00f3n violenta\u201d<\/strong><\/p>\n<div style=\"height:17px\" aria-hidden=\"true\" class=\"wp-block-spacer\"><\/div>\n<p>La l\u00edder, que contin\u00faa su agenda en Washington tras su reuni\u00f3n con el presidente estadounidense <strong><mark class=\"has-inline-color has-luminous-vivid-amber-color\"><span style=\"text-decoration: underline\">Donald Trump<\/span><\/mark><\/strong>reafirm\u00f3 que no tiene dudas de que Venezuela avanzar\u00e1 en un proceso ordenado y estable a la transici\u00f3n y enfatiz\u00f3 que el pa\u00eds est\u00e1 unido y cohesionado.<\/p>\n<p>\u201cTodos queremos lo mismo. En Venezuela no hay ning\u00fan riesgo de que haya una confrontaci\u00f3n violenta como algunos amenazan, Venezuela adem\u00e1s tiene un liderazgo leg\u00edtimo y una direcci\u00f3n pol\u00edtica unida, tenemos un presidente electo, que es Edmundo Gonz\u00e1lez Urrutia, una sociedad organizada y all\u00ed est\u00e1n los periodistas listos para que el mundo sepa que Venezuela avanza\u201d, expres\u00f3.<\/p>\n<div style=\"height:17px\" aria-hidden=\"true\" class=\"wp-block-spacer\"><\/div>\n<p class=\"has-medium-font-size\"><strong>\u201cCon represi\u00f3n no hay transici\u00f3n\u201d<\/strong><\/p>\n<div style=\"height:17px\" aria-hidden=\"true\" class=\"wp-block-spacer\"><\/div>\n<p>Machado tambi\u00e9n habl\u00f3 de la situaci\u00f3n de los <strong><mark class=\"has-inline-color has-luminous-vivid-amber-color\"><span style=\"text-decoration: underline\">prisioneros politicos<\/span><\/mark><\/strong>  en Venezuela, donde decenas de <strong><mark class=\"has-inline-color has-luminous-vivid-amber-color\"><span style=\"text-decoration: underline\">familiares pernoctan<\/span><\/mark><\/strong>  desde hace m\u00e1s de una semana en los alrededores de los centros de detenci\u00f3n a la espera de que se produzcan nuevas excarcelaciones o de que al menos las autoridades les den informaci\u00f3n.<\/p>\n<p>Para avanzar hacia una transici\u00f3n, subray\u00f3, se debe desmontar la estructura represiva del chavismo y clausurar todos los centros de torturas. \u201cLo primero que tiene que ocurrir, la prioridad en este momento, es la liberaci\u00f3n de los presos pol\u00edticos, pero la libertad real. Insisto, hay presos excarcelados, pero no son libres, y tienen que liberarlos a todos\u201d, dijo.<\/p>\n<p>\u201cY tambi\u00e9n que aquellos compa\u00f1eros que hoy est\u00e1n escondidos y perseguidos puedan expresarse libremente y actuar, y que todo el que quiera regrese a su pa\u00eds. Que aquellos que quieran expresarse sepan que no hay riesgo de que se conviertan ellos en los nuevos prisioneros\u201d, a\u00f1adi\u00f3.<\/p>\n<\/p>\n<p>The post Mar\u00eda Corina Machado se re\u00fane con secretario general de la OEA: \u201cEs hora de actuar\u201d first appeared on Correo del Caron\u00ed.<\/p>\n\n","protected":false},"excerpt":{"rendered":"<p>Mar\u00eda Corina Machado, l\u00edder de la oposici\u00f3n venezolana, se reuni\u00f3 este martes con Albert Ramdin, secretario general de la Organizaci\u00f3n de Estados Americanos, quien la semana pasada expres\u00f3 su disposici\u00f3n a apoyar la transici\u00f3n hacia la democracia en el pa\u00eds tras la captura de Nicol\u00e1s Maduro el pasado 3 de enero. Machado, en declaraciones a &hellip;<\/p>\n","protected":false},"author":1,"featured_media":56282,"comment_status":"open","ping_status":"open","sticky":false,"template":"","format":"standard","meta":{"fifu_image_url":"https:\/\/correodelcaroni.com\/wp-content\/uploads\/2026\/01\/MCM_OEA_cita.jpg","fifu_image_alt":"","footnotes":""},"categories":[13],"tags":[],"class_list":["post-56281","post","type-post","status-publish","format-standard","has-post-thumbnail","","category-mundo"],"_links":{"self":[{"href":"https:\/\/noticiasveraces.com\/index.php?rest_route=\/wp\/v2\/posts\/56281","targetHints":{"allow":["GET"]}}],"collection":[{"href":"https:\/\/noticiasveraces.com\/index.php?rest_route=\/wp\/v2\/posts"}],"about":[{"href":"https:\/\/noticiasveraces.com\/index.php?rest_route=\/wp\/v2\/types\/post"}],"author":[{"embeddable":true,"href":"https:\/\/noticiasveraces.com\/index.php?rest_route=\/wp\/v2\/users\/1"}],"replies":[{"embeddable":true,"href":"https:\/\/noticiasveraces.com\/index.php?rest_route=%2Fwp%2Fv2%2Fcomments&post=56281"}],"version-history":[{"count":0,"href":"https:\/\/noticiasveraces.com\/index.php?rest_route=\/wp\/v2\/posts\/56281\/revisions"}],"wp:featuredmedia":[{"embeddable":true,"href":"https:\/\/noticiasveraces.com\/index.php?rest_route=\/wp\/v2\/media\/56282"}],"wp:attachment":[{"href":"https:\/\/noticiasveraces.com\/index.php?rest_route=%2Fwp%2Fv2%2Fmedia&parent=56281"}],"wp:term":[{"taxonomy":"category","embeddable":true,"href":"https:\/\/noticiasveraces.com\/index.php?rest_route=%2Fwp%2Fv2%2Fcategories&post=56281"},{"taxonomy":"post_tag","embeddable":true,"href":"https:\/\/noticiasveraces.com\/index.php?rest_route=%2Fwp%2Fv2%2Ftags&post=56281"}],"curies":[{"name":"wp","href":"https:\/\/api.w.org\/{rel}","templated":true}]}}