{"id":56254,"date":"2026-01-21T03:02:04","date_gmt":"2026-01-21T07:02:04","guid":{"rendered":"https:\/\/noticiasveraces.com\/?p=56254"},"modified":"2026-01-21T03:02:04","modified_gmt":"2026-01-21T07:02:04","slug":"jose-kast-designo-a-dos-exabogados-de-pinochet-para-asumir-cargos-importantes-en-su-gabinete","status":"publish","type":"post","link":"https:\/\/noticiasveraces.com\/?p=56254","title":{"rendered":"Jos\u00e9 Kast design\u00f3 a dos exabogados de Pinochet para asumir cargos importantes en su gabinete"},"content":{"rendered":"<p> \n<\/p>\n<p>&nbsp;<\/p>\n<figure id=\"attachment_5870687\" aria-describedby=\"caption-attachment-5870687\" style=\"width: 640px\" class=\"wp-caption alignnone\"><img loading=\"lazy\" decoding=\"async\" class=\"wp-image-5870687\" src=\"https:\/\/sandia.datanubex.uk\/wp-content\/uploads\/2026\/01\/e3c2e8a01acc735d8ecc7f390fb6ff23cc4c26e1w.jpg\" alt=\"\" width=\"640\" height=\"427\" \/><figcaption id=\"caption-attachment-5870687\" class=\"wp-caption-text\">SANTIAGO DE CHILE (CHILE), 20\/01\/2026.- El presidente electo de Chile, Jos\u00e9 Antonio Kast, habla durante la presentaci\u00f3n de su gabinete este martes, en Santiago de Chile (Chile). La designaci\u00f3n este martes de dos antiguos abogados del general Augusto Pinochet (1973-1990) como futuros ministros de Justicia y Defensa en el Gobierno del ultraderechista Jos\u00e9 Antonio Kast despert\u00f3 cr\u00edticas y fue calificada de \u00abretroceso\u00bb y \u00abprovocaci\u00f3n\u00bb por parte de expertos y organizaciones de derechos humanos. EFE\/ Adriana Thomasa<\/figcaption><\/figure>\n<p>&nbsp;<\/p>\n<p>El presidente electo de Chile, Jos\u00e9 Antonio Kast, present\u00f3 este martes 20 de enero a los 25 ministros que le acompa\u00f1ar\u00e1n a partir del pr\u00f3ximo 11 de marzo para \u00abrecuperar y reconstruir\u00bb el pa\u00eds, entre los que se encuentran dos exabogados del dictador Augusto Pinochet (1973-1990).<\/p>\n<p>En Justicia y Derechos Humanos, Kast design\u00f3 a Fernando Rabat, acad\u00e9mico de la Universidad del Desarrollo y quien integr\u00f3 el equipo que defendi\u00f3 al general en distintas causas, entre ellas el denominado &#8216;Caso Riggs, el esc\u00e1ndalo sobre sus cuentas bancarias secretas en Estados Unidos.<\/p>\n<p>En Defensa, en tanto, asumir\u00e1 Fernando Barros, socio fundador de uno de los estudios de abogados m\u00e1s grande de Chile y quien colabor\u00f3 en la defensa de Pinochet cuando fue detenido en Londres, en 1998.<\/p>\n<p>Kast, el primer presidente de extrema derecha que llegar\u00e1 al poder tras el retorno de la democracia, design\u00f3 un gabinete poco pol\u00edtico, integrado por 13 hombres y 11 mujeres, en su gran mayor\u00eda sin militancia en partidos y provenientes del sector empresarial o acad\u00e9mico.<\/p>\n<p>&nbsp;<\/p>\n<p>&nbsp;<\/p>\n<blockquote>\n<p>LEE TAMBI\u00c9N: <strong>Jos\u00e9 Kast prometi\u00f3 \u201cpaz, orden y justicia\u201d tras su victoria en presidenciales de Chile<\/strong><\/p>\n<\/blockquote>\n<p>&nbsp;<\/p>\n<p>&nbsp;<\/p>\n<p>\u00abChile necesita decisi\u00f3n, car\u00e1cter, necesita un gobierno que act\u00fae con prontitud. Por eso, hoy les presento un gabinete para un gobierno de emergencia, un equipo convocado para terminar con la inercia y comenzar a recuperar Chile\u00bb, asegur\u00f3 Kast, de 59 a\u00f1os.<\/p>\n<p>El exdiputado ultracat\u00f3lico reserv\u00f3 pocos ministerios para miembros de su propio partido, el Republicano, y para las formaciones pol\u00edticas de la derecha tradicional que le apoyaron en la segunda vuelta de diciembre (UDI, Renovaci\u00f3n Nacional y Ev\u00f3poli), cuando arras\u00f3 con el 58 % de los votos.<\/p>\n<p>Entre los pocos cargos que recayeron en los partidos est\u00e1 el de ministro del Interior y jefe de gabinete, que ser\u00e1 ocupado por el exdiputado de la UDI Claudio Alvarado.<\/p>\n<h2><b>Una fiscal en Seguridad<\/b><\/h2>\n<p>Adem\u00e1s de Interior, hab\u00eda mucha expectaci\u00f3n por saber qui\u00e9n ocupar\u00e1 Seguridad y Hacienda, ya que Kast gan\u00f3 con la promesa de aplicar mano dura contra la delincuencia y la migraci\u00f3n irregular y de hacer un megarrecorte fiscal de 6.000 millones de d\u00f3lares en 18 meses.<\/p>\n<p>En Seguridad, design\u00f3 a Trinidad Steinert, hasta hoy fiscal de la regi\u00f3n fronteriza de Tarapac\u00e1, mientras que en Hacienda coloc\u00f3 a Jorge Quiroz, el economista ultraliberal que coordin\u00f3 las propuestas econ\u00f3micas de Kast durante su campa\u00f1a y que fue se\u00f1alado hace a\u00f1os en una causa de colusi\u00f3n de precios en el sector av\u00edcola.<\/p>\n<p>&nbsp;<\/p>\n<p>&nbsp;<\/p>\n<blockquote>\n<p>LEE TAMBI\u00c9N: <strong>Kast reafirm\u00f3 su plan de habilitar corredor humanitario para facilitar el retorno de venezolanos al pa\u00eds<\/strong><\/p>\n<\/blockquote>\n<p>&nbsp;<\/p>\n<p>&nbsp;<\/p>\n<p>Para Relaciones Exteriores, Kast eligi\u00f3 a un hombre que viene de la empresa y no del mundo diplom\u00e1tico: Francisco P\u00e9rez Mackenna, gerente general de Qui\u00f1enco, una de las firmas de Andr\u00f3nico Luksic, una de las grandes fortunas de Chile.<\/p>\n<p>Tambi\u00e9n opt\u00f3 por un hombre alto ejecutivo para llevar conjuntamente dos ministerios, Econom\u00eda y Miner\u00eda: el dirigente empresarial Daniel Mas.<\/p>\n<p>&nbsp;<\/p>\n<p>&nbsp;<\/p>\n<blockquote>\n<p>LEE TAMBI\u00c9N: <strong>Jos\u00e9 Antonio Kast dice que la detenci\u00f3n de Maduro es \u00abuna gran noticia\u00bb para la regi\u00f3n<\/strong><\/p>\n<\/blockquote>\n<p>&nbsp;<\/p>\n<p>&nbsp;<\/p>\n<p>Otra de las carteras que reserv\u00f3 a los partidos pol\u00edticos es la Secretar\u00eda General de la Presidencia (Segpres), que se encarga de las relaciones con el Parlamento y donde asumir\u00e1 el exsenador de RN Jos\u00e9 Garc\u00eda.<\/p>\n<p>El resto de la n\u00f3mina ministerial la integran la presentadora Mara Sedini (ministra portavoz), la soci\u00f3loga Mar\u00eda Jes\u00fas Wulf (Desarrollo Social), el arquitecto Iv\u00e1n Poduje (Vivienda), el economista Tom\u00e1s Rau (Trabajo y Previsi\u00f3n Social), la economista Mar\u00eda Paz Arzola (Educaci\u00f3n), la m\u00e9dico May Chomal\u00ed (Salud), el exintendente Mart\u00edn Arrau (Obras P\u00fablicas) y la exministra Catalina Parot (Bienes Nacionales).<\/p>\n<p>Tambi\u00e9n estar\u00e1n la profesora evang\u00e9lica Judith Mar\u00edn (Mujer y Equidad de G\u00e9nero), el exministro y exdiputado Jaime Campos (Agricultura), la exministra y exdiputada Ximena Rinc\u00f3n (Energ\u00eda), el exdirector del Metro Luis de Grange (Transporte y Telecomunicaciones), la exasesora presidencial Francisca Toledo (Medioambiente), la exatleta Natalia Duco (Deporte), el exdiputado Francisco Undurraga (Cultura) y la emprendedora tecnol\u00f3gica Ximena Lincolao (Ciencia, Tecnolog\u00eda, Conocimiento e Innovaci\u00f3n).<\/p>\n<p><strong>EFE<\/strong><\/p>\n\n","protected":false},"excerpt":{"rendered":"<p>&nbsp; SANTIAGO DE CHILE (CHILE), 20\/01\/2026.- El presidente electo de Chile, Jos\u00e9 Antonio Kast, habla durante la presentaci\u00f3n de su gabinete este martes, en Santiago de Chile (Chile). La designaci\u00f3n este martes de dos antiguos abogados del general Augusto Pinochet (1973-1990) como futuros ministros de Justicia y Defensa en el Gobierno del ultraderechista Jos\u00e9 Antonio &hellip;<\/p>\n","protected":false},"author":1,"featured_media":56256,"comment_status":"open","ping_status":"open","sticky":false,"template":"","format":"standard","meta":{"fifu_image_url":"https:\/\/sandia.datanubex.uk\/wp-content\/uploads\/2026\/01\/e3c2e8a01acc735d8ecc7f390fb6ff23cc4c26e1w.jpg","fifu_image_alt":"","footnotes":""},"categories":[13],"tags":[],"class_list":["post-56254","post","type-post","status-publish","format-standard","has-post-thumbnail","","category-mundo"],"_links":{"self":[{"href":"https:\/\/noticiasveraces.com\/index.php?rest_route=\/wp\/v2\/posts\/56254","targetHints":{"allow":["GET"]}}],"collection":[{"href":"https:\/\/noticiasveraces.com\/index.php?rest_route=\/wp\/v2\/posts"}],"about":[{"href":"https:\/\/noticiasveraces.com\/index.php?rest_route=\/wp\/v2\/types\/post"}],"author":[{"embeddable":true,"href":"https:\/\/noticiasveraces.com\/index.php?rest_route=\/wp\/v2\/users\/1"}],"replies":[{"embeddable":true,"href":"https:\/\/noticiasveraces.com\/index.php?rest_route=%2Fwp%2Fv2%2Fcomments&post=56254"}],"version-history":[{"count":0,"href":"https:\/\/noticiasveraces.com\/index.php?rest_route=\/wp\/v2\/posts\/56254\/revisions"}],"wp:featuredmedia":[{"embeddable":true,"href":"https:\/\/noticiasveraces.com\/index.php?rest_route=\/wp\/v2\/media\/56256"}],"wp:attachment":[{"href":"https:\/\/noticiasveraces.com\/index.php?rest_route=%2Fwp%2Fv2%2Fmedia&parent=56254"}],"wp:term":[{"taxonomy":"category","embeddable":true,"href":"https:\/\/noticiasveraces.com\/index.php?rest_route=%2Fwp%2Fv2%2Fcategories&post=56254"},{"taxonomy":"post_tag","embeddable":true,"href":"https:\/\/noticiasveraces.com\/index.php?rest_route=%2Fwp%2Fv2%2Ftags&post=56254"}],"curies":[{"name":"wp","href":"https:\/\/api.w.org\/{rel}","templated":true}]}}