{"id":56247,"date":"2026-01-20T23:55:51","date_gmt":"2026-01-21T03:55:51","guid":{"rendered":"https:\/\/noticiasveraces.com\/?p=56247"},"modified":"2026-01-20T23:55:51","modified_gmt":"2026-01-21T03:55:51","slug":"el-avion-de-trump-reporta-una-falla-y-regresa-a-ee-uu-tras-partir-hacia-davos","status":"publish","type":"post","link":"https:\/\/noticiasveraces.com\/?p=56247","title":{"rendered":"El avi\u00f3n de Trump reporta una falla y regresa a EE.UU. tras partir hacia Davos"},"content":{"rendered":"<p> \n<\/p>\n<div>\n<div class=\"ArticleView-timestamp-and-authors\">\n<p><span>Publicado:<\/span><time class=\"Timestamp-root Timestamp-isBlackColor \" datetime=\"2026-01-21T03:51:08+00:00\"><\/p>\n<p>        21 de enero de 2026 03:51 GMT<br \/>\n    <\/time><\/p>\n<\/div>\n<div class=\"ArticleView-coverWrap\">\n<figure class=\"Cover-root\">\n<div class=\"Cover-image\"><picture class=\"Picture-root Picture-default\"><!--[if IE 9]><video style=\"display: none;\"><![endif]--><source media=\"(-webkit-min-device-pixel-ratio: 2) and (min-resolution: 120dpi)\" data-srcset=\"&#10;                                            https:\/\/mfes.b37m.ru\/actualidad\/public_images\/static.es\/thumbnail\/rt-ultimo4.jpg 850w,&#10;                                    https:\/\/mfes.b37m.ru\/actualidad\/public_images\/static.es\/article\/rt-ultimo4.jpg 1960w,            \" srcset=\"&#10;                                    data:image\/png;base64,iVBORw0KGgoAAAANSUhEUgAAABAAAAAJCAQAAACRI2S5AAAAEElEQVR42mNkIAAYRxWAAQAG9gAKqv6+AwAAAABJRU5ErkJggg==&#10;                            \"><source data-srcset=\"&#10;                                            https:\/\/mfes.b37m.ru\/actualidad\/public_images\/static.es\/thumbnail\/rt-ultimo4.jpg 460w,&#10;                                  https:\/\/mfes.b37m.ru\/actualidad\/public_images\/static.es\/article\/rt-ultimo4.jpg 980w,&#10;            \" srcset=\"&#10;                                    data:image\/png;base64,iVBORw0KGgoAAAANSUhEUgAAABAAAAAJCAQAAACRI2S5AAAAEElEQVR42mNkIAAYRxWAAQAG9gAKqv6+AwAAAABJRU5ErkJggg==&#10;                            \"><!--[if IE 9]><\/video><![endif]--><img decoding=\"async\" data-sizes=\"auto\" src=\"&#10;                                    data:image\/png;base64,iVBORw0KGgoAAAANSUhEUgAAABAAAAAJCAQAAACRI2S5AAAAEElEQVR42mNkIAAYRxWAAQAG9gAKqv6+AwAAAABJRU5ErkJggg==&#10;                            \" class=\"Picture-root Picture-default lazyload\" data-src=\"https:\/\/mfes.b37m.ru\/actualidad\/public_images\/static.es\/thumbnail\/rt-ultimo4.jpg\" alt=\"El avi\u00f3n de Trump reporta una falla y regresa a EE.UU. tras partir hacia Davos\"\/><\/source><\/source><\/picture><!-- noscript pattern --><img decoding=\"async\" src=\"https:\/\/mfes.b37m.ru\/actualidad\/public_images\/static.es\/article\/rt-ultimo4.jpg\" alt=\"El avi\u00f3n de Trump reporta una falla y regresa a EE.UU. tras partir hacia Davos\"\/><\/div>\n<\/figure>\n<\/div>\n<div itemprop=\"articleBody\">\n<div class=\"Text-root Text-type_5 ArticleView-text ViewText-root \">\n<div class=\"EmbedBlock-root EmbedBlock-twitter\">\n<div class=\"TwitterEmbed\">\n<blockquote class=\"twitter-tweet lazyload\" data-twitter=\"twitter-tweet\" data-media-max-width=\"560\">\n<p lang=\"en\" dir=\"ltr\">\ud83d\udea8 \u00daLTIMA HORA: El Air Force One, que el presidente Trump abord\u00f3 recientemente para dirigirse al Foro Econ\u00f3mico Mundial en Davos, Suiza, de repente DIO LA VUELTA y parece dirigirse de regreso a DC. No est\u00e1 claro por qu\u00e9 el AF1 dio un giro en U. Oren por la seguridad del presidente Trump esta noche \ud83d\ude4f\ud83c\udffb <a href=\"https:\/\/t.co\/ILBGGYFtRe\">pic.twitter.com\/ILBGGYFtRe<\/a><\/p>\n<p>&#8211; Nick Sortor (@nicksortor) <a href=\"https:\/\/twitter.com\/nicksortor\/status\/2013815629191565800?ref_src=twsrc%5Etfw\">21 de enero de 2026<\/a><\/p><\/blockquote>\n<\/div>\n<\/div>\n<p><strong><em>M\u00e1s informaci\u00f3n, en breve.<\/em><\/strong><\/p>\n<\/div>\n<\/div>\n<div class=\"ArticleView-comments\"><noscript>Utiliza su navegador con JavaScript deshabilitado. Habilite JavaScript para comentarios.<\/noscript><\/div>\n<div class=\"articles-listing\" data-articleslisting=\"\/listing\/category.actualidad\/prepare\/articles-listing\/24\/1\" hidden=\"\"><span>\/actualidad\/583175-avion-trump-regresa-eeuu-falla<\/span><span>\/actualidad\/583171-viajo-washington-concierto-asesinada-punaladas<\/span><span>\/actualidad\/583165-trump-revelar-corte-suprema-fallar-contra-aranceles<\/span><span>\/actualidad\/583168-padre-futbolista-espanol-murio-tragico<\/span><span>\/actualidad\/583174-trump-eeuu-estara-bien-representado-davos<\/span><span>\/actualidad\/583161-sumision-seria-error-historico-lider-derecha-francesa<\/span><span>\/actualidad\/583173-primer-ministro-canada-viejo-orden-no-volver<\/span><span>\/actualidad\/583169-pentagono-podria-reducir-participacion-eeuu-otan<\/span><span>\/actualidad\/583163-hallan-muerto-celda-preso-condenado<\/span><span>\/actualidad\/583160-secretario-tesoro-eeuu-predice-apocalipsis-taiwan<\/span><span>\/actualidad\/583156-pais-latinoamericano-supera-eeuu-principal-exportador<\/span><span>\/actualidad\/583153-aliado-trump-mayor-embarque-autos-chinos<\/span><span>\/actualidad\/583139-primera-vez-100-anos-vecino-plan-ataque-eeuu<\/span><span>\/actualidad\/583166-diaz-canel-recibe-ministro-interior-rusia<\/span><span>\/actualidad\/583155-carney-llama-unirse-coercion-grandes-potencia<\/span><span>\/actualidad\/583154-razon-reino-unido-planea-darle-espalda-consejo-paz-trump<\/span><span>\/actualidad\/583162-macron-llama-dejarse-intimidar-amenazas<\/span><span>\/actualidad\/583159-trump-responder-consejo-paz-reemplazar-onu<\/span><span>\/actualidad\/583158-segundo-accidente-ferroviario-pocos-dias-espana<\/span><span>\/actualidad\/583164-tren-descarrila-polonia<\/span><span>\/actualidad\/583018-esta-detras-rechazo-macron-unirse-consejo-paz<\/span><span>\/actualidad\/583092-constatacion-anos-advertencia-macron-mensaje-trump<\/span><span>\/actualidad\/583151-ingresar-venezuela-primeros-ingresos-venta-crudo<\/span><span>\/actualidad\/583157-escena-terror-dejo-choque-tren-barcelona<\/span><\/div>\n<\/div>\n<p><script async src=\"https:\/\/platform.twitter.com\/widgets.js\" charset=\"utf-8\"><\/script><br \/>\n<br \/>\n","protected":false},"excerpt":{"rendered":"<p>Publicado: 21 de enero de 2026 03:51 GMT \ud83d\udea8 \u00daLTIMA HORA: El Air Force One, que el presidente Trump abord\u00f3 recientemente para dirigirse al Foro Econ\u00f3mico Mundial en Davos, Suiza, de repente DIO LA VUELTA y parece dirigirse de regreso a DC. No est\u00e1 claro por qu\u00e9 el AF1 dio un giro en U. Oren &hellip;<\/p>\n","protected":false},"author":1,"featured_media":56249,"comment_status":"open","ping_status":"open","sticky":false,"template":"","format":"standard","meta":{"fifu_image_url":"https:\/\/mfes.b37m.ru\/actualidad\/public_images\/static.es\/article\/rt-ultimo4.jpg","fifu_image_alt":"","footnotes":""},"categories":[13],"tags":[],"class_list":["post-56247","post","type-post","status-publish","format-standard","has-post-thumbnail","","category-mundo"],"_links":{"self":[{"href":"https:\/\/noticiasveraces.com\/index.php?rest_route=\/wp\/v2\/posts\/56247","targetHints":{"allow":["GET"]}}],"collection":[{"href":"https:\/\/noticiasveraces.com\/index.php?rest_route=\/wp\/v2\/posts"}],"about":[{"href":"https:\/\/noticiasveraces.com\/index.php?rest_route=\/wp\/v2\/types\/post"}],"author":[{"embeddable":true,"href":"https:\/\/noticiasveraces.com\/index.php?rest_route=\/wp\/v2\/users\/1"}],"replies":[{"embeddable":true,"href":"https:\/\/noticiasveraces.com\/index.php?rest_route=%2Fwp%2Fv2%2Fcomments&post=56247"}],"version-history":[{"count":0,"href":"https:\/\/noticiasveraces.com\/index.php?rest_route=\/wp\/v2\/posts\/56247\/revisions"}],"wp:featuredmedia":[{"embeddable":true,"href":"https:\/\/noticiasveraces.com\/index.php?rest_route=\/wp\/v2\/media\/56249"}],"wp:attachment":[{"href":"https:\/\/noticiasveraces.com\/index.php?rest_route=%2Fwp%2Fv2%2Fmedia&parent=56247"}],"wp:term":[{"taxonomy":"category","embeddable":true,"href":"https:\/\/noticiasveraces.com\/index.php?rest_route=%2Fwp%2Fv2%2Fcategories&post=56247"},{"taxonomy":"post_tag","embeddable":true,"href":"https:\/\/noticiasveraces.com\/index.php?rest_route=%2Fwp%2Fv2%2Ftags&post=56247"}],"curies":[{"name":"wp","href":"https:\/\/api.w.org\/{rel}","templated":true}]}}