{"id":56213,"date":"2026-01-20T17:06:23","date_gmt":"2026-01-20T21:06:23","guid":{"rendered":"https:\/\/noticiasveraces.com\/?p=56213"},"modified":"2026-01-20T17:06:23","modified_gmt":"2026-01-20T21:06:23","slug":"las-vias-cerradas-en-caracas-por-el-maraton-caf-2026","status":"publish","type":"post","link":"https:\/\/noticiasveraces.com\/?p=56213","title":{"rendered":"Las v\u00edas cerradas en Caracas por el Marat\u00f3n CAF 2026"},"content":{"rendered":"<p> \n<\/p>\n<div>\n<p>El domingo 8 de febrero de 2026 se realizar\u00e1 la <strong>Marat\u00f3n CAF 2026 en Caracas<\/strong>un evento que re\u00fane a <strong>10 mil corredores en Venezuela<\/strong>. <\/p>\n<p>Para la realizaci\u00f3n de la marat\u00f3n <strong>se restringir\u00e1 el tr\u00e1nsito de veh\u00edculos<\/strong> en parte de la ciudad, por lo que los conductores que necesiten movilizarse ese d\u00eda deber\u00e1n tomar v\u00edas alternas.<\/p>\n<h2 id=\"accesos-cerrados-por-el-maraton-caf-2026\" class=\"rb-heading-index-0-839766 wp-block-heading\"><strong>Accesos cerrados por el Marat\u00f3n CAF 2026<\/strong><\/h2>\n<figure class=\"wp-block-image size-large\"><picture fetchpriority=\"high\" decoding=\"async\" class=\"wp-image-813429\"><source type=\"image\/webp\" srcset=\"https:\/\/eldiario.com\/wp-content\/uploads\/2025\/09\/maraton-caf-2026-1200x900.jpg.webp 1200w, https:\/\/eldiario.com\/wp-content\/uploads\/2025\/09\/maraton-caf-2026-300x225.jpg.webp 300w, https:\/\/eldiario.com\/wp-content\/uploads\/2025\/09\/maraton-caf-2026-768x576.jpg.webp 768w, https:\/\/eldiario.com\/wp-content\/uploads\/2025\/09\/maraton-caf-2026-1536x1152.jpg.webp 1536w, https:\/\/eldiario.com\/wp-content\/uploads\/2025\/09\/maraton-caf-2026-860x645.jpg.webp 860w, https:\/\/eldiario.com\/wp-content\/uploads\/2025\/09\/maraton-caf-2026-150x113.jpg.webp 150w, https:\/\/eldiario.com\/wp-content\/uploads\/2025\/09\/maraton-caf-2026.jpg.webp 1600w\" sizes=\"(max-width: 1200px) 100vw, 1200px\"\/><img fetchpriority=\"high\" decoding=\"async\" width=\"1200\" height=\"900\" src=\"https:\/\/eldiario.com\/wp-content\/uploads\/2025\/09\/maraton-caf-2026-1200x900.jpg\" alt=\"Abrieron las inscripciones para el marat\u00f3n CAF 2026: \u00bfCu\u00e1nto cuesta participar?\" srcset=\"https:\/\/eldiario.com\/wp-content\/uploads\/2025\/09\/maraton-caf-2026-1200x900.jpg 1200w, https:\/\/eldiario.com\/wp-content\/uploads\/2025\/09\/maraton-caf-2026-300x225.jpg 300w, https:\/\/eldiario.com\/wp-content\/uploads\/2025\/09\/maraton-caf-2026-768x576.jpg 768w, https:\/\/eldiario.com\/wp-content\/uploads\/2025\/09\/maraton-caf-2026-1536x1152.jpg 1536w, https:\/\/eldiario.com\/wp-content\/uploads\/2025\/09\/maraton-caf-2026-860x645.jpg 860w, https:\/\/eldiario.com\/wp-content\/uploads\/2025\/09\/maraton-caf-2026-150x113.jpg 150w, https:\/\/eldiario.com\/wp-content\/uploads\/2025\/09\/maraton-caf-2026.jpg 1600w\" sizes=\"(max-width: 1200px) 100vw, 1200px\"\/>\n<\/picture><figcaption class=\"wp-element-caption\">Foto de : CAF<\/figcaption><\/figure>\n<p>\u2013Accesos desde la Av. Baralt hacia la Av. Oeste 6 <\/p>\n<p>\u2013Accesos desde la Av. Sucre hacia la plaza O\u2019Leary<\/p>\n<p>\u2013Accesos al puente de Los Leones desde el norte y oeste <\/p>\n<p>\u2013Accesos desde el Hospital P\u00e9rez Carre\u00f1o a la Av. O\u2019Higgins <\/p>\n<p>\u2013Todos los accesos a la redoma La India <\/p>\n<p>\u2013Accesos desde la Cota 905 <\/p>\n<p>\u2013Accesos desde la Av. Sur 5 hacia Roca Tarpeya <\/p>\n<p>\u2013Av. Fuerzas Armadas hasta la Av. Victoria <\/p>\n<p>\u2013Accesos hacia la Av. Victoria (sentido este) desde la Av. Nueva Granada <\/p>\n<p>\u2013Accesos desde la UCV a la Plaza Venezuela <\/p>\n<p>\u2013Accesos a los Estadios desde la autopista Gran Cacique Guaicaipuro jefe de jefes<\/p>\n<p>\u2013Accesos desde Ciudad Banesco a la prolongaci\u00f3n Av. Las Acacias <\/p>\n<p>\u2013Cierre total de la Av. Las Acacias entre Av. Casanova y Av. Solano <\/p>\n<p>\u2013Accesos a la Av. Venezuela (Bello Monte) desde la autopista Gran Cacique Guaicaipuro  <\/p>\n<p>\u2013Accesos desde la Av. Pichincha hacia la Av. Casanova <\/p>\n<p>\u2013Acceso desde la Av. Libertador hacia El Rosal <\/p>\n<p>\u2013Acceso a Chaca\u00edto desde la autopista Gran Cacique Guaicaipuro. \u2013Acceso desde la Avenida principal de Bello Monte hacia Las Mercedes <\/p>\n<p>\u2013Acceso desde Chaca\u00edto a la Avenida Lazo Mart\u00ed <\/p>\n<p>\u2013Acceso desde la Av. Veracruz hacia la Av. ppal de Las Mercedes <\/p>\n<p>\u2013Acceso desde la autopista de Prados del Este hacia el paseo Enrique Eraso <\/p>\n<p>\u2013Acceso desde el edificio de canalizaciones a la Av. Araure <\/p>\n<p>\u2013Regreso desde la av. R\u00edo de Janeiro hasta la Av. Araura <\/p>\n<p>\u2013Accesos a la Av. R\u00edo de Janeiro desde el distribuidor de Caurimare <\/p>\n<p>\u2013Acceso desde la Av. Trieste (Los Ruices Sur) a la Av. R\u00edo de Janeiro <\/p>\n<p>\u2013Acceso desde la Av. Trieste (La California Sur) a la Av. R\u00edo de Janeiro<\/p>\n<p>\u2013Accesos a la Av. R\u00edo de Janeiro desde el distribuidor El Llanito <\/p>\n<p>\u2013Av. ppal de Macaracuay a la altura del distribuidor Macaracuay<\/p>\n<p>\u2013Acceso hacia La California y Macaracuay (Av. San Francisco) desde la autopista \u00abGran Cacique Guaicaipuro jefe de jefes\u201d <\/p>\n<p>\u2013Acceso a la Av. Francisco de Miranda (sentido oeste) desde Petare <\/p>\n<p>\u2013Acceso a la Av. Francisco de Miranda (sentido oeste) desde la Av. Sucre de Los Dos Caminos <\/p>\n<p>\u2013Acceso a la Av. Francisco de Miranda desde la Av. ppal del Country Club 32. <\/p>\n<p>\u2013Accesos desde la Autopista Gran Cacique Guaicaipuro y la Av. Casanova <\/p>\n<p>\u2013Accesos desde Los Caobos y Quebrada Honda hacia el Paseo de la Resistencia Ind\u00edgena (antiguo Paseo Col\u00f3n) <\/p>\n<p>\u2013Acceso desde la autopista Gran Cacique Guaicaipuro al Paseo de la Resistencia Ind\u00edgena (antiguo paseo Col\u00f3n) <\/p>\n<p>\u2013Paseo de la Resistencia Indigena (antiguo Paseo Col\u00f3n) en ambos sentidos (desde el 18 de marzo a las 8:00 am hasta el 19 de marzo a las 4:00 pm) <\/p>\n<h2 id=\"rutas-alternas\" class=\"rb-heading-index-1-839766 wp-block-heading\"><strong>Rutas alternas<\/strong><\/h2>\n<p>Autopista Gran Cacique Guaicaipuro<\/p>\n<p>Avenida R\u00f3mulo Gallegos <\/p>\n<p>Avenida Libertador <\/p>\n<p>Avenida Urdaneta <\/p>\n<p>Avenida Andr\u00e9s Bello <\/p>\n<p>Avenida Sucre (desde el final de la avenida Urdaneta) <\/p>\n<h2 id=\"sobre-el-maraton-caf-2026\" class=\"rb-heading-index-2-839766 wp-block-heading\"><strong>Sobre el marat\u00f3n CAF 2026<\/strong><\/h2>\n<figure class=\"wp-block-image size-large\"><picture loading=\"lazy\" decoding=\"async\" class=\"wp-image-774417\"><source type=\"image\/webp\" srcset=\"https:\/\/eldiario.com\/wp-content\/uploads\/2025\/02\/Diseno-sin-titulo-11-1200x675.jpg.webp 1200w, https:\/\/eldiario.com\/wp-content\/uploads\/2025\/02\/Diseno-sin-titulo-11-300x169.jpg.webp 300w, https:\/\/eldiario.com\/wp-content\/uploads\/2025\/02\/Diseno-sin-titulo-11-768x432.jpg.webp 768w, https:\/\/eldiario.com\/wp-content\/uploads\/2025\/02\/Diseno-sin-titulo-11-1536x864.jpg.webp 1536w, https:\/\/eldiario.com\/wp-content\/uploads\/2025\/02\/Diseno-sin-titulo-11-860x484.jpg.webp 860w, https:\/\/eldiario.com\/wp-content\/uploads\/2025\/02\/Diseno-sin-titulo-11-150x84.jpg.webp 150w, https:\/\/eldiario.com\/wp-content\/uploads\/2025\/02\/Diseno-sin-titulo-11.jpg.webp 1920w\" sizes=\"(max-width: 1200px) 100vw, 1200px\"\/><img loading=\"lazy\" decoding=\"async\" width=\"1200\" height=\"675\" src=\"https:\/\/eldiario.com\/wp-content\/uploads\/2025\/02\/Diseno-sin-titulo-11-1200x675.jpg\" alt=\"Marat\u00f3n CAF: Caracas se convirti\u00f3 en el epicentro para corredores de 17 pa\u00edses\" srcset=\"https:\/\/eldiario.com\/wp-content\/uploads\/2025\/02\/Diseno-sin-titulo-11-1200x675.jpg 1200w, https:\/\/eldiario.com\/wp-content\/uploads\/2025\/02\/Diseno-sin-titulo-11-300x169.jpg 300w, https:\/\/eldiario.com\/wp-content\/uploads\/2025\/02\/Diseno-sin-titulo-11-768x432.jpg 768w, https:\/\/eldiario.com\/wp-content\/uploads\/2025\/02\/Diseno-sin-titulo-11-1536x864.jpg 1536w, https:\/\/eldiario.com\/wp-content\/uploads\/2025\/02\/Diseno-sin-titulo-11-860x484.jpg 860w, https:\/\/eldiario.com\/wp-content\/uploads\/2025\/02\/Diseno-sin-titulo-11-150x84.jpg 150w, https:\/\/eldiario.com\/wp-content\/uploads\/2025\/02\/Diseno-sin-titulo-11.jpg 1920w\" sizes=\"auto, (max-width: 1200px) 100vw, 1200px\"\/>\n<\/picture><figcaption class=\"wp-element-caption\">@marat\u00f3n_CAF<\/figcaption><\/figure>\n<p>La modalidad de la carrera tiene distancias de<strong> 21K, 42K<\/strong> y, en esta d\u00e9cima edici\u00f3n, tendr\u00e1 una variante de <strong>10K<\/strong>. <\/p>\n<p>El evento contar\u00e1 con una log\u00edstica de alto nivel: <strong>29 puntos de hidrataci\u00f3n <\/strong>(20 de agua y 9 de Gatorade), dos puntos con geles energ\u00e9ticos,<strong> <\/strong>8 estaciones de atenci\u00f3n m\u00e9dica, m\u00e1s de 50 puntos de animaci\u00f3n, 460 voluntarios desplegados por toda la ruta y el apoyo de m\u00e1s de 2000 efectivos de organismos de seguridad ciudadana. <\/p>\n<p><!-- CONTENT END 1 -->\n<\/div>\n\n","protected":false},"excerpt":{"rendered":"<p>El domingo 8 de febrero de 2026 se realizar\u00e1 la Marat\u00f3n CAF 2026 en Caracasun evento que re\u00fane a 10 mil corredores en Venezuela. Para la realizaci\u00f3n de la marat\u00f3n se restringir\u00e1 el tr\u00e1nsito de veh\u00edculos en parte de la ciudad, por lo que los conductores que necesiten movilizarse ese d\u00eda deber\u00e1n tomar v\u00edas alternas. &hellip;<\/p>\n","protected":false},"author":1,"featured_media":56215,"comment_status":"open","ping_status":"open","sticky":false,"template":"","format":"standard","meta":{"fifu_image_url":"https:\/\/eldiario.com\/wp-content\/uploads\/2025\/09\/maraton-caf-2026-2.jpg","fifu_image_alt":"","footnotes":""},"categories":[13],"tags":[],"class_list":["post-56213","post","type-post","status-publish","format-standard","has-post-thumbnail","","category-mundo"],"_links":{"self":[{"href":"https:\/\/noticiasveraces.com\/index.php?rest_route=\/wp\/v2\/posts\/56213","targetHints":{"allow":["GET"]}}],"collection":[{"href":"https:\/\/noticiasveraces.com\/index.php?rest_route=\/wp\/v2\/posts"}],"about":[{"href":"https:\/\/noticiasveraces.com\/index.php?rest_route=\/wp\/v2\/types\/post"}],"author":[{"embeddable":true,"href":"https:\/\/noticiasveraces.com\/index.php?rest_route=\/wp\/v2\/users\/1"}],"replies":[{"embeddable":true,"href":"https:\/\/noticiasveraces.com\/index.php?rest_route=%2Fwp%2Fv2%2Fcomments&post=56213"}],"version-history":[{"count":0,"href":"https:\/\/noticiasveraces.com\/index.php?rest_route=\/wp\/v2\/posts\/56213\/revisions"}],"wp:featuredmedia":[{"embeddable":true,"href":"https:\/\/noticiasveraces.com\/index.php?rest_route=\/wp\/v2\/media\/56215"}],"wp:attachment":[{"href":"https:\/\/noticiasveraces.com\/index.php?rest_route=%2Fwp%2Fv2%2Fmedia&parent=56213"}],"wp:term":[{"taxonomy":"category","embeddable":true,"href":"https:\/\/noticiasveraces.com\/index.php?rest_route=%2Fwp%2Fv2%2Fcategories&post=56213"},{"taxonomy":"post_tag","embeddable":true,"href":"https:\/\/noticiasveraces.com\/index.php?rest_route=%2Fwp%2Fv2%2Ftags&post=56213"}],"curies":[{"name":"wp","href":"https:\/\/api.w.org\/{rel}","templated":true}]}}