{"id":56198,"date":"2026-01-20T12:50:09","date_gmt":"2026-01-20T16:50:09","guid":{"rendered":"https:\/\/noticiasveraces.com\/?p=56198"},"modified":"2026-01-20T12:50:09","modified_gmt":"2026-01-20T16:50:09","slug":"efe-de-las-deportaciones-masivas-al-arresto-de-maduro-el-primer-ano-de-trump-en-10-momentos-albertonews","status":"publish","type":"post","link":"https:\/\/noticiasveraces.com\/?p=56198","title":{"rendered":"EFE | De las deportaciones masivas al arresto de Maduro: el primer a\u00f1o de Trump en 10 momentos &#8211; AlbertoNews"},"content":{"rendered":"<p> \n<\/p>\n<div>\n<p>El presidente de Estados Unidos, Donald Trump, cumple este martes un a\u00f1o desde su regreso a la Casa Blanca, un periodo de doce meses marcado por una profunda alteraci\u00f3n del orden internacional y por la aplicaci\u00f3n de una pol\u00edtica migratoria de l\u00ednea dura, que ha suscitado una oleada de protestas sociales.<\/p>\n<p>Estos son los diez momentos que definen este primer a\u00f1o de su segundo mandato:<\/p>\n<p><strong>1.- La investidura<\/strong><\/p>\n<p>Trump fue investido para un segundo mandato el 20 de enero de 2025 en una ceremonia en Washington que se celebr\u00f3 bajo techo debido a las g\u00e9lidas temperaturas y en la que proclam\u00f3 el inicio de la \u00abera dorada\u00bb de Estados Unidos.<\/p>\n<p>Ese mismo d\u00eda firm\u00f3 una bater\u00eda de decretos que marcaron el tono de su Gobierno, entre ellos el indulto a los participantes en el asalto al Capitolio de 2021 y la derogaci\u00f3n de varias pol\u00edticas de su antecesor, el dem\u00f3crata Joe Biden.<\/p>\n<p><strong>2.- La discusi\u00f3n con Zelenski<\/strong><\/p>\n<p>La discusi\u00f3n que Trump mantuvo con el presidente ucraniano, Volod\u00edmir Zelenski, el 28 de febrero de 2025 ante las c\u00e1maras en el Despacho Oval evidenci\u00f3 la ruptura del apoyo incondicional que EE.UU. hab\u00eda brindado a Ucrania en los \u00faltimos a\u00f1os.<\/p>\n<p>El republicano protagoniz\u00f3, en cambio, un acercamiento al presidente ruso, Vlad\u00edmir Putin, a quien recibi\u00f3 el 15 de agosto en Alaska, aunque hasta ahora no ha logrado poner fin a la guerra que prometi\u00f3 resolver en 24 horas.<\/p>\n<p><strong>3.- Las deportaciones masivas<\/strong><\/p>\n<p>Trump lleg\u00f3 al poder con la promesa de frenar la inmigraci\u00f3n, cerrar la frontera y ejecutar deportaciones masivas, una pol\u00edtica que puso en marcha el 15 de marzo de 2025 al invocar una ley de guerra firmada en 1798 para expulsar a m\u00e1s de 200 venezolanos a El Salvador, acusados de pertenecer a organizaciones criminales.<\/p>\n<p>El caso de Kilmar \u00c1brego Garc\u00eda, un salvadore\u00f1o deportado pese a contar con una orden judicial que lo proteg\u00eda, se convirti\u00f3 en un s\u00edmbolo de la oposici\u00f3n a estas medidas, que han provocado protestas en numerosas ciudades del pa\u00eds.<\/p>\n<p><strong>4.- La guerra arancelaria<\/strong><\/p>\n<p>Trump bautiz\u00f3 como el \u00abD\u00eda de la Liberaci\u00f3n\u00bb el 4 de abril de 2025, fecha en la que anunci\u00f3 una bater\u00eda de aranceles contra buena parte del mundo, incluidos los principales socios comerciales de Estados Unidos, con el argumento de fortalecer la industria y la seguridad nacionales.<\/p>\n<p>Las medidas sacudieron los mercados financieros y la Casa Blanca comenz\u00f3 a negociar ciertas exenciones con varios pa\u00edses para intentar evitar un aumento de la inflaci\u00f3n en Estados Unidos.<\/p>\n<p><strong>5.- La ruptura con Elon Musk<\/strong><\/p>\n<p>Trump forj\u00f3 una estrecha relaci\u00f3n con el magnate Elon Musk, a quien encarg\u00f3 liderar el despido de miles de empleados federales y el cierre de entidades hist\u00f3ricas como la Agencia de EE.UU. para el Desarrollo Internacional (USAID), pero la alianza se rompi\u00f3 por discrepancias sobre la ley de recortes fiscales y una creciente lucha de egos.<\/p>\n<p>Ambos protagonizaron una amarga disputa p\u00fablica el 5 de junio de 2025, en la que el presidente republicano amenaz\u00f3 con retirar contratos gubernamentales a empresas vinculadas a Musk.<\/p>\n<p><strong>6.- El bombardeo sobre Ir\u00e1n<\/strong><\/p>\n<p>Estados Unidos bombarde\u00f3 el 22 de junio de 2025 tres instalaciones nucleares de Ir\u00e1n con el objetivo de da\u00f1ar su programa at\u00f3mico y retrasar la capacidad de la Rep\u00fablica Isl\u00e1mica para desarrollar una bomba nuclear.<\/p>\n<p>El ataque, que se produjo tras una serie de bombardeos israel\u00edes, puso fin a las negociaciones entre Washington y Teher\u00e1n para alcanzar un nuevo acuerdo nuclear.<\/p>\n<p><strong>7.- El alto el fuego en Gaza<\/strong><\/p>\n<p>Trump logr\u00f3 un acuerdo de alto el fuego y de liberaci\u00f3n de rehenes en la Franja de Gaza, firmado el 9 de octubre de 2025 en Egipto, que prev\u00e9 la formaci\u00f3n de un gobierno para el enclave bajo la supervisi\u00f3n directa del propio l\u00edder estadounidense.<\/p>\n<p>Pese al acuerdo, los ataques israel\u00edes posteriores han causado la muerte de cientos de palestinos; Ham\u00e1s a\u00fan no ha localizado ni entregado los restos de uno de los rehenes, y la ayuda humanitaria contin\u00faa sin llegar en las cantidades necesarias.<\/p>\n<p><strong>8.- La destrucci\u00f3n del Ala Este<\/strong><\/p>\n<p>Trump, antiguo magnate inmobiliario, quiso dejar su huella arquitect\u00f3nica y orden\u00f3 la construcci\u00f3n de un gran sal\u00f3n de baile en la Casa Blanca, lo que llev\u00f3 a la demolici\u00f3n de la hist\u00f3rica Ala Este el 20 de octubre de 2025.<\/p>\n<p>Adem\u00e1s, el presidente ha incorporado remates dorados al Despacho Oval, pavimentado el jard\u00edn de rosas, rebautizado con su apellido el Centro Kennedy de las Artes Esc\u00e9nicas y proyecta la construcci\u00f3n de un gran arco de triunfo en la capital.<\/p>\n<p><strong>9.- La publicaci\u00f3n de los papeles de Epstein<\/strong><\/p>\n<p>Presionado por sectores de su propio partido, Trump firm\u00f3 el 19 de noviembre de 2025 una ley, respaldada tanto por republicanos como por dem\u00f3cratas, que obliga al Gobierno a hacer p\u00fablicos los documentos de la investigaci\u00f3n sobre el pederasta Jeffrey Epstein, fallecido en prisi\u00f3n en 2019.<\/p>\n<p>No existen indicios delictivos que vinculen a Trump, quien mantuvo una relaci\u00f3n de amistad con Epstein a\u00f1os atr\u00e1s; sin embargo, sus evasivas sobre el asunto abrieron una brecha con los sectores m\u00e1s radicales de su base electoral.<\/p>\n<p><strong>10.- El arresto de Maduro<\/strong><\/p>\n<p>Tras meses de presi\u00f3n militar y amenazas sobre Venezuela, Estados Unidos lanz\u00f3 una operaci\u00f3n el 3 de enero de 2026 que culmin\u00f3 con la captura del presidente Nicol\u00e1s Maduro y su esposa, Cilia Flores, trasladados a Nueva York para enfrentar cargos por narcotr\u00e1fico.<\/p>\n<p>Desde entonces, Trump ha estrechado relaciones con el nuevo Gobierno encabezado por Delcy Rodr\u00edguez, exvicepresidenta de Maduro, mientras ha marginado del proceso de transici\u00f3n a la l\u00edder opositora Mar\u00eda Corina Machado, quien incluso le entreg\u00f3 su medalla del Nobel de la Paz como gesto de acercamiento. EFE <\/p>\n<\/p>\n<p><strong><span style=\"font-size: 11.0pt; font-family: 'Segoe UI',sans-serif; mso-fareast-font-family: 'Segoe UI'; color: #333333;\">Si quieres recibir en tu celular esta y otras informaciones descarga Telegram, ingresa al link <\/span><\/strong><b><span style=\"font-size: 11.0pt; font-family: 'Segoe UI',sans-serif; mso-fareast-font-family: 'Segoe UI'; color: #f70d28;\">https:\/\/t.me\/albertorodnews<\/span><\/b><strong><span style=\"font-size: 11.0pt; font-family: 'Segoe UI',sans-serif; mso-fareast-font-family: 'Segoe UI'; color: #333333;\"> y dale click a +Unirme.  <\/span><\/strong><b style=\"mso-bidi-font-weight: normal;\"\/><\/p>\n<p><b><span style=\"font-size: 11.0pt; font-family: 'Segoe UI',sans-serif; mso-fareast-font-family: 'Segoe UI'; color: #f70d28;\">Alberto Noticias<\/span><\/b><b style=\"mso-bidi-font-weight: normal;\"\/><\/p>\n<p><span style=\"font-size: 11.0pt; font-family: 'Segoe UI',sans-serif; mso-fareast-font-family: 'Segoe UI'; color: #333333;\"> <\/span><\/p>\n<\/p><\/div>\n\n","protected":false},"excerpt":{"rendered":"<p>El presidente de Estados Unidos, Donald Trump, cumple este martes un a\u00f1o desde su regreso a la Casa Blanca, un periodo de doce meses marcado por una profunda alteraci\u00f3n del orden internacional y por la aplicaci\u00f3n de una pol\u00edtica migratoria de l\u00ednea dura, que ha suscitado una oleada de protestas sociales. Estos son los diez &hellip;<\/p>\n","protected":false},"author":1,"featured_media":56199,"comment_status":"open","ping_status":"open","sticky":false,"template":"","format":"standard","meta":{"fifu_image_url":"https:\/\/bitlyanews.com\/wp-content\/uploads\/2025\/12\/27dc-trump-venezuela-topart-qfgz-videoSixteenByNine3000.jpg","fifu_image_alt":"","footnotes":""},"categories":[13],"tags":[],"class_list":["post-56198","post","type-post","status-publish","format-standard","has-post-thumbnail","","category-mundo"],"_links":{"self":[{"href":"https:\/\/noticiasveraces.com\/index.php?rest_route=\/wp\/v2\/posts\/56198","targetHints":{"allow":["GET"]}}],"collection":[{"href":"https:\/\/noticiasveraces.com\/index.php?rest_route=\/wp\/v2\/posts"}],"about":[{"href":"https:\/\/noticiasveraces.com\/index.php?rest_route=\/wp\/v2\/types\/post"}],"author":[{"embeddable":true,"href":"https:\/\/noticiasveraces.com\/index.php?rest_route=\/wp\/v2\/users\/1"}],"replies":[{"embeddable":true,"href":"https:\/\/noticiasveraces.com\/index.php?rest_route=%2Fwp%2Fv2%2Fcomments&post=56198"}],"version-history":[{"count":0,"href":"https:\/\/noticiasveraces.com\/index.php?rest_route=\/wp\/v2\/posts\/56198\/revisions"}],"wp:featuredmedia":[{"embeddable":true,"href":"https:\/\/noticiasveraces.com\/index.php?rest_route=\/wp\/v2\/media\/56199"}],"wp:attachment":[{"href":"https:\/\/noticiasveraces.com\/index.php?rest_route=%2Fwp%2Fv2%2Fmedia&parent=56198"}],"wp:term":[{"taxonomy":"category","embeddable":true,"href":"https:\/\/noticiasveraces.com\/index.php?rest_route=%2Fwp%2Fv2%2Fcategories&post=56198"},{"taxonomy":"post_tag","embeddable":true,"href":"https:\/\/noticiasveraces.com\/index.php?rest_route=%2Fwp%2Fv2%2Ftags&post=56198"}],"curies":[{"name":"wp","href":"https:\/\/api.w.org\/{rel}","templated":true}]}}