{"id":56180,"date":"2026-01-20T10:43:54","date_gmt":"2026-01-20T14:43:54","guid":{"rendered":"https:\/\/noticiasveraces.com\/?p=56180"},"modified":"2026-01-20T10:43:54","modified_gmt":"2026-01-20T14:43:54","slug":"ayoube-amaimouni-echghouyab-la-ganga-que-dejo-escapar-laliga-y-se-debate-entre-espana-y-marruecos","status":"publish","type":"post","link":"https:\/\/noticiasveraces.com\/?p=56180","title":{"rendered":"Ayoube Amaimouni-Echghouyab, la &#8216;ganga&#8217; que dej\u00f3 escapar LaLiga y se debate entre Espa\u00f1a y Marruecos"},"content":{"rendered":"<p> \n<\/p>\n<div>\n<p data-mrf-recirculation=\"Links P\u00e1rrafos\" class=\"ue-c-article__paragraph paragraph ue-c-article--first-letter-highlighted\">Justo<strong> 20 minutos <\/strong>de juego le han bastado a<strong> Ayoube Amaimouni-Echghouyab (Vic, 30-11-2004)<\/strong> se ha convertido en el <strong>&#8216;futbolista revelaci\u00f3n&#8217;<\/strong> de lo que llevamos de 2026 en la <strong>Bundesliga<\/strong>. En su <strong>debut<\/strong> con el <strong>Eintracht Frankfurt,<\/strong> el 13 de enero, marc\u00f3 un <strong>gol<\/strong> en la derrota contra el <strong>Stuttgart (3-2)<\/strong> y en su segundo partido, ante el <strong>Werder Bremen (3-3)<\/strong>asisti\u00f3 a <strong>knauf<\/strong> para forzar el empate en el <strong>94&#39;<\/strong>.<\/p>\n<p data-mrf-recirculation=\"Links P\u00e1rrafos\" class=\"ue-c-article__paragraph paragraph\">Lo realmente curioso es su historia de vida. <strong>Habla cinco idiomas (espa\u00f1ol, ingl\u00e9s, catal\u00e1n, alem\u00e1n y bereber), pero\u00a0su coraz\u00f3n se divide entre Espa\u00f1a y Marruecos [tiene la doble nacionalidad]<\/strong>. Creci\u00f3 en Barcelona y con <strong>10 a\u00f1os<\/strong> se le present\u00f3 la oportunidad de ingresar en <strong>La Mas\u00eda<\/strong>. Su padre, sin embargo, tuvo que emigrar a Alemania por trabajo y <strong>no sera<\/strong>como se le conoce futbol\u00edsticamente, <strong>sigui\u00f3 sus pasos<\/strong>.<\/p>\n<p data-mrf-recirculation=\"Links P\u00e1rrafos\" class=\"ue-c-article__paragraph paragraph\">Su nueva realidad (social y ling\u00fc\u00edstica) provoc\u00f3 que sus inicios en el &#8216;fussball&#8217; no fueron f\u00e1ciles. Aun as\u00ed, <strong>con 18 a\u00f1os<\/strong>recibi\u00f3 varias propuestas para <strong>continuar su carrera en el extranjero<\/strong>. En esta ocasi\u00f3n, con la selectividad en el horizonte, <strong>prioriz\u00f3 los estudios<\/strong>.<\/p>\n<p data-mrf-recirculation=\"Links P\u00e1rrafos\" class=\"ue-c-article__paragraph paragraph\">Pas\u00f3 por <strong>TuS Eving-Lindenhorst, Rot-Weiss Essen, Arminia Bielefeld, Erkenschwick&#8230;<\/strong> hasta que, en <strong>2024<\/strong>estafa <strong>19 a\u00f1os,<\/strong> lleg\u00f3 al filial del <strong>Hoffenheim<\/strong>. \u00abNo es el t\u00edpico &#8216;talento tard\u00edo&#8217;. Su desarrollo ha estado marcado por la madurez, la responsabilidad y los valores familiares. Esa base es lo que le hace especial. <strong>Sabe exactamente de d\u00f3nde viene, aprecia lo que ha conseguido y se ha ganado cada paso de su progreso con trabajo duro y resiliencia<\/strong>\u00ab, aseguran a MARCA desde su entorno.<\/p>\n<blockquote class=\"ue-c-article__blockquote\">\n<p>Ayoube sabe exactamente de d\u00f3nde viene, aprecia lo que ha conseguido y se ha ganado cada paso de su progreso con trabajo duro y resiliencia<\/p>\n<\/blockquote>\n<p data-mrf-recirculation=\"Links P\u00e1rrafos\" class=\"ue-c-article__paragraph paragraph\">El hispano-marroqu\u00ed, que se inspira su f\u00fatbol en <strong>extremos<\/strong> de la talla de <strong>Lamine Yamal, Riyad Mahrez y Arjen Robben<\/strong>contribuy\u00f3 con <strong>siete goles y nueve asistencias<\/strong> en <strong>28 fiestas<\/strong> al ascenso del filial del <strong>Hoffenheim<\/strong> la pasada temporada. Este curso, <strong>ya en Tercera<\/strong>no le afect\u00f3 el salto de categor\u00eda: acumulaba <strong>nueve dianas y seis pases de gol<\/strong> en <strong>18 encuentros<\/strong>.<\/p>\n<h2 class=\"ue-c-article__subheadline\">Inter\u00e9s de Betis y Villarreal<\/h2>\n<p data-mrf-recirculation=\"Links P\u00e1rrafos\" class=\"ue-c-article__paragraph paragraph\">Cambi\u00f3 de representantes <strong>-firm\u00f3 por EMG-<\/strong> y parec\u00eda el momento de volver a Espa\u00f1a. Quedaba <strong>libre en junio<\/strong> y tanto <strong>Villarreal como Betis <\/strong>se plantearon su fichaje. Recibi\u00f3 ofertas de <strong>Borussia Dortmund, Bayer Leverkusen, Pa\u00edses Bajos, B\u00e9lgica y del propio Hoffenheim,<\/strong> pero, finalmente, el Eintracht se adelant\u00f3 <strong>pagando 200.000 euros<\/strong> por su fichaje<strong> -firm\u00f3 hasta 2031-<\/strong> en el mercado invernal.<\/p>\n<figure class=\"ue-c-article__media ue-c-article__media--image\">\n<div class=\"ue-c-article__media-img-container ue-l-article--expand-edge-right-until-tablet ue-l-article--expand-edge-left-until-tablet\"><picture><source type=\"image\/webp\" sizes=\"(min-width: 1010px) 660px, (min-width: 980px) calc(100vw - 350px), (min-width: 740px) calc(100vw - 320px), 100vw\" srcset=\"https:\/\/objetos-xlk.estaticos-marca.com\/files\/article_360_widen_webp\/uploads\/2026\/01\/20\/696f6d6dd0d8f.webp 360w,https:\/\/objetos-xlk.estaticos-marca.com\/files\/article_375_widen_webp\/uploads\/2026\/01\/20\/696f6d6dd0d8f.webp 375w,https:\/\/objetos-xlk.estaticos-marca.com\/files\/article_414_widen_webp\/uploads\/2026\/01\/20\/696f6d6dd0d8f.webp 414w,https:\/\/objetos-xlk.estaticos-marca.com\/files\/article_660_widen_webp\/uploads\/2026\/01\/20\/696f6d6dd0d8f.webp 660w,https:\/\/objetos-xlk.estaticos-marca.com\/files\/article_720_widen_webp\/uploads\/2026\/01\/20\/696f6d6dd0d8f.webp 720w,https:\/\/objetos-xlk.estaticos-marca.com\/files\/article_750_widen_webp\/uploads\/2026\/01\/20\/696f6d6dd0d8f.webp 750w,https:\/\/objetos-xlk.estaticos-marca.com\/files\/article_828_widen_webp\/uploads\/2026\/01\/20\/696f6d6dd0d8f.webp 828w,https:\/\/objetos-xlk.estaticos-marca.com\/files\/article_1320_widen_webp\/uploads\/2026\/01\/20\/696f6d6dd0d8f.webp 1320w\"><source type=\"image\/png\" sizes=\"(min-width: 1010px) 660px, (min-width: 980px) calc(100vw - 350px), (min-width: 740px) calc(100vw - 320px), 100vw\" srcset=\"https:\/\/objetos-xlk.estaticos-marca.com\/files\/article_360_widen\/uploads\/2026\/01\/20\/696f6d6dd0d8f.png 360w,https:\/\/objetos-xlk.estaticos-marca.com\/files\/article_375_widen\/uploads\/2026\/01\/20\/696f6d6dd0d8f.png 375w,https:\/\/objetos-xlk.estaticos-marca.com\/files\/article_414_widen\/uploads\/2026\/01\/20\/696f6d6dd0d8f.png 414w,https:\/\/objetos-xlk.estaticos-marca.com\/files\/article_660_widen\/uploads\/2026\/01\/20\/696f6d6dd0d8f.png 660w,https:\/\/objetos-xlk.estaticos-marca.com\/files\/article_720_widen\/uploads\/2026\/01\/20\/696f6d6dd0d8f.png 720w,https:\/\/objetos-xlk.estaticos-marca.com\/files\/article_750_widen\/uploads\/2026\/01\/20\/696f6d6dd0d8f.png 750w,https:\/\/objetos-xlk.estaticos-marca.com\/files\/article_828_widen\/uploads\/2026\/01\/20\/696f6d6dd0d8f.png 828w,https:\/\/objetos-xlk.estaticos-marca.com\/files\/article_1320_widen\/uploads\/2026\/01\/20\/696f6d6dd0d8f.png 1320w\"><img decoding=\"async\" width=\"1308\" height=\"744\" class=\"ue-c-article__image lazyload\" alt=\"Ayoube Amaimouni-Echghouyab firma su contrato con el Eintracht.\" loading=\"lazy\" src=\"https:\/\/objetos-xlk.estaticos-marca.com\/uploads\/2026\/01\/20\/696f6d6dd0d8f.png\"\/><\/source><\/source><\/picture><\/div><figcaption class=\"ue-c-article__media-caption\">\n<p><span class=\"ue-c-article__media-description\">Ayoube Amaimouni-Echghouyab firma su contrato con el Eintracht.<\/span><span class=\"ue-c-article__media-source\"><span class=\"ue-c-article__media-author\">Instagram<\/span><\/span><\/p>\n<\/figcaption><\/figure>\n<p data-mrf-recirculation=\"Links P\u00e1rrafos\" class=\"ue-c-article__paragraph paragraph\">A pesar de haber jugado s\u00f3lo <strong>20&#8242; con el Eintracht,<\/strong> que acaba de <strong>despedir a Dino Toppm\u00f6ller,<\/strong> el impacto de su f\u00fatbol, vertical, y de su regate ha sido brutal: <strong>promedia 2,96 tiros por 90&#8242; y 7,5 toques dentro del \u00e1rea rival<\/strong>. Eso por no hablar de su sacrificio defensivo. <strong>En Frankfurt ya se frotan las manos con una &#8216;ganga&#8217; que dej\u00f3 escapar LaLiga.<\/strong> <\/p>\n<\/div>\n\n","protected":false},"excerpt":{"rendered":"<p>Justo 20 minutos de juego le han bastado a Ayoube Amaimouni-Echghouyab (Vic, 30-11-2004) se ha convertido en el &#8216;futbolista revelaci\u00f3n&#8217; de lo que llevamos de 2026 en la Bundesliga. En su debut con el Eintracht Frankfurt, el 13 de enero, marc\u00f3 un gol en la derrota contra el Stuttgart (3-2) y en su segundo partido, &hellip;<\/p>\n","protected":false},"author":1,"featured_media":56182,"comment_status":"open","ping_status":"open","sticky":false,"template":"","format":"standard","meta":{"fifu_image_url":"https:\/\/objetos-xlk.estaticos-marca.com\/files\/article_main_microformat\/\/uploads\/2026\/01\/20\/696f6d06d611e.jpeg","fifu_image_alt":"","footnotes":""},"categories":[6],"tags":[],"class_list":["post-56180","post","type-post","status-publish","format-standard","has-post-thumbnail","","category-deportes"],"_links":{"self":[{"href":"https:\/\/noticiasveraces.com\/index.php?rest_route=\/wp\/v2\/posts\/56180","targetHints":{"allow":["GET"]}}],"collection":[{"href":"https:\/\/noticiasveraces.com\/index.php?rest_route=\/wp\/v2\/posts"}],"about":[{"href":"https:\/\/noticiasveraces.com\/index.php?rest_route=\/wp\/v2\/types\/post"}],"author":[{"embeddable":true,"href":"https:\/\/noticiasveraces.com\/index.php?rest_route=\/wp\/v2\/users\/1"}],"replies":[{"embeddable":true,"href":"https:\/\/noticiasveraces.com\/index.php?rest_route=%2Fwp%2Fv2%2Fcomments&post=56180"}],"version-history":[{"count":0,"href":"https:\/\/noticiasveraces.com\/index.php?rest_route=\/wp\/v2\/posts\/56180\/revisions"}],"wp:featuredmedia":[{"embeddable":true,"href":"https:\/\/noticiasveraces.com\/index.php?rest_route=\/wp\/v2\/media\/56182"}],"wp:attachment":[{"href":"https:\/\/noticiasveraces.com\/index.php?rest_route=%2Fwp%2Fv2%2Fmedia&parent=56180"}],"wp:term":[{"taxonomy":"category","embeddable":true,"href":"https:\/\/noticiasveraces.com\/index.php?rest_route=%2Fwp%2Fv2%2Fcategories&post=56180"},{"taxonomy":"post_tag","embeddable":true,"href":"https:\/\/noticiasveraces.com\/index.php?rest_route=%2Fwp%2Fv2%2Ftags&post=56180"}],"curies":[{"name":"wp","href":"https:\/\/api.w.org\/{rel}","templated":true}]}}