{"id":56169,"date":"2026-01-20T06:56:03","date_gmt":"2026-01-20T10:56:03","guid":{"rendered":"https:\/\/noticiasveraces.com\/?p=56169"},"modified":"2026-01-20T06:56:03","modified_gmt":"2026-01-20T10:56:03","slug":"textos-de-trump-vinculan-el-desaire-del-premio-nobel-de-la-paz-a-groenlandia","status":"publish","type":"post","link":"https:\/\/noticiasveraces.com\/?p=56169","title":{"rendered":"Textos de Trump vinculan el desaire del Premio Nobel de la Paz a Groenlandia"},"content":{"rendered":"<p> \n<\/p>\n<div id=\"site-content\">\n<div>\n<p aria-live=\"assertive\" class=\"css-1dv1kvn\">nuevo v\u00eddeo cargado: <!-- -->Textos de Trump vinculan el desaire del Premio Nobel de la Paz a Groenlandia<\/p>\n<div data-testid=\"video-header\">\n<div class=\"css-1g7y0i5 e1drnplw0\"><button tabindex=\"100\" class=\"css-1rtlxy\" type=\"button\" aria-label=\"close\"><svg width=\"60\" height=\"60\" viewbox=\"0 0 60 60\" fill=\"none\"><circle cx=\"30\" cy=\"30\" r=\"30\" fill=\"white\" fill-opacity=\"0.9\"\/><path fill-rule=\"evenodd\" clip-rule=\"evenodd\" d=\"M38.4844 20.1006L39.8986 21.5148L21.5138 39.8996L20.0996 38.4854L38.4844 20.1006Z\" fill=\"black\"\/><path fill-rule=\"evenodd\" clip-rule=\"evenodd\" d=\"M21.5156 20.1006L20.1014 21.5148L38.4862 39.8996L39.9004 38.4854L21.5156 20.1006Z\" fill=\"black\"\/><\/svg><\/button><\/p>\n<div class=\"css-18ow4sz e1drnplw2\">\n<div aria-labelledby=\"modal-title\" role=\"region\">\n<header class=\"css-1bzlfz\">\n<p>transcripci\u00f3n<\/p>\n<p><button type=\"button\" class=\"css-1igvuto\"><span>Atr\u00e1s<\/span><\/button><\/header>\n<div class=\"css-uzyn7p\">\n<div class=\"css-1vxywau\">\n<p class=\"css-1nng8z9\">transcripci\u00f3n<\/p>\n<h2 class=\"css-8p0vwh\">Textos de Trump vinculan el desaire del Premio Nobel de la Paz a Groenlandia<\/h2>\n<h4 class=\"css-qsd3hm\">En un intercambio de mensajes de texto con el primer ministro noruego, el presidente Trump vincul\u00f3 su desaire del Premio Nobel de la Paz con sus planes de adquirir Groenlandia. Mientras redoblaba sus amenazas, los l\u00edderes europeos se reunieron en el Foro Econ\u00f3mico Mundial.<\/h4>\n<\/div>\n<dl class=\"css-p98d0w\">\n<dt class=\"css-xx7kwh\"\/>\n<dd class=\"css-4gvq6l\">\n<p class=\"css-8hvvyd\">\u201c\u00bfQu\u00e9 piensa decirles a los l\u00edderes europeos en Davos cuando rechacen su plan para Groenlandia?\u201d \u00abBueno, no creo que vayan a retroceder demasiado. Mira, tenemos que tenerlo. Tienen que hacer esto. No pueden protegerlo\u00bb.<\/p>\n<\/dd>\n<\/dl>\n<\/div>\n<\/div>\n<\/div>\n<\/div>\n<header class=\"css-jgknzh\">\n<div class=\"css-1gn3fip\">\n<div class=\"css-p5izi2\">\n<div class=\"css-1h4tnhd\"><nyt-betamax class=\"css-j5i4vc\"><template shadowrootmode=\"open\" slotassignment=\"named\"><link rel=\"stylesheet\" href=\"https:\/\/static01.nyt.com\/video-static\/betamax\/player-0.2.13-CnxAEwcy.css\" crossorigin=\"\"\/><\/template><nyt-betamax-cover><template shadowrootmode=\"open\" slotassignment=\"named\"><link rel=\"stylesheet\" href=\"https:\/\/static01.nyt.com\/video-static\/betamax\/cover-0.2.13-eTrf0IGY.css\" crossorigin=\"\"\/><\/template><nyt-betamax-poster><template shadowrootmode=\"open\" slotassignment=\"named\"><link rel=\"stylesheet\" href=\"https:\/\/static01.nyt.com\/video-static\/betamax\/poster-0.2.13-BdueiXaE.css\" crossorigin=\"\"\/><img decoding=\"async\" alt=\"Donald Trump y Jonas Gahr Store est\u00e1n sentados en sillas ornamentadas, uno frente al otro, conversando. En primer plano, sobre una mesa pulida, hay un modelo de avi\u00f3n blanco.\" src=\"https:\/\/static01.nyt.com\/images\/2026\/01\/19\/multimedia\/19trump-norway-sub-vwjf\/19trump-norway-sub-vwjf-threeByTwoMediumAt2X.jpg?auto=webp&amp;quality=75\" data-testid=\"betamax-poster\" sizes=\"(width &lt; 1024px) 100vw, (width &lt; 1440px) 945px, 1200px\" srcset=\"https:\/\/static01.nyt.com\/images\/2026\/01\/19\/multimedia\/19trump-norway-sub-vwjf\/19trump-norway-sub-vwjf-videoThumb.jpg?auto=webp&amp;quality=75 75w, https:\/\/static01.nyt.com\/images\/2026\/01\/19\/multimedia\/19trump-norway-sub-vwjf\/19trump-norway-sub-vwjf-thumbWide.jpg?auto=webp&amp;quality=75 190w, https:\/\/static01.nyt.com\/images\/2026\/01\/19\/multimedia\/19trump-norway-sub-vwjf\/19trump-norway-sub-vwjf-mediumThreeByTwo210.jpg?auto=webp&amp;quality=75 210w, https:\/\/static01.nyt.com\/images\/2026\/01\/19\/multimedia\/19trump-norway-sub-vwjf\/19trump-norway-sub-vwjf-mediumThreeByTwo225.jpg?auto=webp&amp;quality=75 225w, https:\/\/static01.nyt.com\/images\/2026\/01\/19\/multimedia\/19trump-norway-sub-vwjf\/19trump-norway-sub-vwjf-mediumThreeByTwo252.jpg?auto=webp&amp;quality=75 252w, https:\/\/static01.nyt.com\/images\/2026\/01\/19\/multimedia\/19trump-norway-sub-vwjf\/19trump-norway-sub-vwjf-mediumThreeByTwo378.jpg?auto=webp&amp;quality=75 378w, https:\/\/static01.nyt.com\/images\/2026\/01\/19\/multimedia\/19trump-norway-sub-vwjf\/19trump-norway-sub-vwjf-mediumThreeByTwo440.jpg?auto=webp&amp;quality=75 440w, https:\/\/static01.nyt.com\/images\/2026\/01\/19\/multimedia\/19trump-norway-sub-vwjf\/19trump-norway-sub-vwjf-threeByTwoSmallAt2X.jpg?auto=webp&amp;quality=75 600w, https:\/\/static01.nyt.com\/images\/2026\/01\/19\/multimedia\/19trump-norway-sub-vwjf\/19trump-norway-sub-vwjf-videoLarge.jpg?auto=webp&amp;quality=75 768w, https:\/\/static01.nyt.com\/images\/2026\/01\/19\/multimedia\/19trump-norway-sub-vwjf\/19trump-norway-sub-vwjf-threeByTwoMediumAt2X.jpg?auto=webp&amp;quality=75 1500w, https:\/\/static01.nyt.com\/images\/2026\/01\/19\/multimedia\/19trump-norway-sub-vwjf\/19trump-norway-sub-vwjf-threeByTwoLargeAt2X.jpg?auto=webp&amp;quality=75 5662w\" fetchpriority=\"high\" class=\"_poster_13tnt_20\"\/><\/template><\/nyt-betamax-poster><\/nyt-betamax-cover><nyt-betamax-overlay-controls><template shadowrootmode=\"open\" slotassignment=\"named\"><link rel=\"stylesheet\" href=\"https:\/\/static01.nyt.com\/video-static\/betamax\/overlay-controls-0.2.13-DTyJF-yz.css\" crossorigin=\"\"\/><link rel=\"stylesheet\" href=\"https:\/\/static01.nyt.com\/video-static\/betamax\/scrubber-0.2.13-allGBXvP.css\" crossorigin=\"\"\/><\/template><\/nyt-betamax-overlay-controls><nyt-betamax-ads><template shadowrootmode=\"open\" slotassignment=\"named\"><link rel=\"stylesheet\" href=\"https:\/\/static01.nyt.com\/video-static\/betamax\/ads-0.2.13-C_YVzzUG.css\" crossorigin=\"\"\/><\/template><\/nyt-betamax-ads><\/nyt-betamax><\/div>\n<div class=\"css-1msb6m0\"><span class=\"css-hple31\">En un intercambio de mensajes de texto con el primer ministro noruego, el presidente Trump vincul\u00f3 su desaire del Premio Nobel de la Paz con sus planes de adquirir Groenlandia. Mientras redoblaba sus amenazas, los l\u00edderes europeos se reunieron en el Foro Econ\u00f3mico Mundial.<\/span><\/p>\n<p>Por Shawn Paik<\/p>\n<p>20 de enero de 2026<\/p>\n<\/div>\n<\/div>\n<\/div>\n<\/header>\n<\/div>\n<\/div>\n<\/div>\n\n","protected":false},"excerpt":{"rendered":"<p>nuevo v\u00eddeo cargado: Textos de Trump vinculan el desaire del Premio Nobel de la Paz a Groenlandia transcripci\u00f3n Atr\u00e1s transcripci\u00f3n Textos de Trump vinculan el desaire del Premio Nobel de la Paz a Groenlandia En un intercambio de mensajes de texto con el primer ministro noruego, el presidente Trump vincul\u00f3 su desaire del Premio Nobel &hellip;<\/p>\n","protected":false},"author":1,"featured_media":56171,"comment_status":"open","ping_status":"open","sticky":false,"template":"","format":"standard","meta":{"fifu_image_url":"https:\/\/static01.nyt.com\/images\/2026\/01\/19\/multimedia\/19trump-norway-sub-vwjf\/19trump-norway-sub-vwjf-facebookJumbo.jpg?video-overlay","fifu_image_alt":"","footnotes":""},"categories":[13],"tags":[],"class_list":["post-56169","post","type-post","status-publish","format-standard","has-post-thumbnail","","category-mundo"],"_links":{"self":[{"href":"https:\/\/noticiasveraces.com\/index.php?rest_route=\/wp\/v2\/posts\/56169","targetHints":{"allow":["GET"]}}],"collection":[{"href":"https:\/\/noticiasveraces.com\/index.php?rest_route=\/wp\/v2\/posts"}],"about":[{"href":"https:\/\/noticiasveraces.com\/index.php?rest_route=\/wp\/v2\/types\/post"}],"author":[{"embeddable":true,"href":"https:\/\/noticiasveraces.com\/index.php?rest_route=\/wp\/v2\/users\/1"}],"replies":[{"embeddable":true,"href":"https:\/\/noticiasveraces.com\/index.php?rest_route=%2Fwp%2Fv2%2Fcomments&post=56169"}],"version-history":[{"count":0,"href":"https:\/\/noticiasveraces.com\/index.php?rest_route=\/wp\/v2\/posts\/56169\/revisions"}],"wp:featuredmedia":[{"embeddable":true,"href":"https:\/\/noticiasveraces.com\/index.php?rest_route=\/wp\/v2\/media\/56171"}],"wp:attachment":[{"href":"https:\/\/noticiasveraces.com\/index.php?rest_route=%2Fwp%2Fv2%2Fmedia&parent=56169"}],"wp:term":[{"taxonomy":"category","embeddable":true,"href":"https:\/\/noticiasveraces.com\/index.php?rest_route=%2Fwp%2Fv2%2Fcategories&post=56169"},{"taxonomy":"post_tag","embeddable":true,"href":"https:\/\/noticiasveraces.com\/index.php?rest_route=%2Fwp%2Fv2%2Ftags&post=56169"}],"curies":[{"name":"wp","href":"https:\/\/api.w.org\/{rel}","templated":true}]}}