{"id":56140,"date":"2026-01-20T02:06:49","date_gmt":"2026-01-20T06:06:49","guid":{"rendered":"https:\/\/noticiasveraces.com\/?p=56140"},"modified":"2026-01-20T02:06:49","modified_gmt":"2026-01-20T06:06:49","slug":"chifagate-el-encuentro-clandestino-con-un-empresario-chino-que-pone-al-presidente-de-peru-en-la-mira","status":"publish","type":"post","link":"https:\/\/noticiasveraces.com\/?p=56140","title":{"rendered":"\u2018Chifagate\u2019: el encuentro clandestino con un empresario chino que pone al presidente de Per\u00fa en la mira"},"content":{"rendered":"<p> \n<br \/><img decoding=\"async\" src=\"https:\/\/s.france24.com\/media\/display\/ddb71ec4-f5a4-11f0-9988-005056a97e36\/w:1024\/p:16x9\/AP25283242674047.jpg\" \/><\/p>\n<div>\n<p>Luego de apenas 100 d\u00edas de gesti\u00f3n en sustituci\u00f3n de la destituida Dina Boluarte, el presidente interino de Per\u00fa, Jos\u00e9 Jer\u00ed, se enfrenta a su crisis m\u00e1s grande en medio de sospechas de manejos para favorecer a un empresario de origen chino en el otorgamiento de contratos sin licitaci\u00f3n.<\/p>\n<p>Jer\u00ed fue captado en sendas reuniones clandestinas con Zhihua \u2018Johnny\u2019 Yang, un hombre de negocios que, seg\u00fan medios peruanos, estar\u00eda vinculado al hermano de la expresidenta Boluarte, Nicanor, procesado por presuntos actos de corrupci\u00f3n.<\/p>\n<p>El primero de esos encuentros se produjo en un restaurante de comida china, que en Per\u00fa se conocen como \u2018chifa\u2019, lo que ha dado nombre de \u2018chifagate\u2019 al caso, por el que ahora Jer\u00ed podr\u00eda enfrentar una moci\u00f3n de vacancia si prosperan las gestiones de parlamentarios de la oposici\u00f3n de izquierda para sumarlo a la larga lista de presidentes destituidos y procesados en su pa\u00eds.<\/p>\n<div id=\"em-WBMZ363547-F24-ES-20260120\" class=\"m-em-flash\" data-xtwitter-script=\"\"><figcaption class=\"a-figcaption\">\n<\/figcaption><div class=\"o-em-consent \">\n<div class=\"o-em-consent__content\">\n<p class=\"o-em-consent__content__text\">Para mostrar este contenido de X (Twitter), debe autorizar las cookies de medici\u00f3n de audiencia y publicidad.<\/p>\n<p>        <button class=\"a-master-button a-master-button--dark\" data-action=\"accept\"><\/p>\n<p>            Aceptar<\/p>\n<p>  <svg class=\"a-svg a-svg--icon-check\">\n    <use xlink:href=\"http:\/\/www.france24.com\/build\/images\/svg\/sprite.17415c6ec01e4a8b145df03c806104d3.svg#icon-check\" href=\"http:\/\/www.france24.com\/build\/images\/svg\/sprite.17415c6ec01e4a8b145df03c806104d3.svg#icon-check\"\/>\n  <\/svg><br \/>\n        <\/button><br \/>\n        <button class=\"a-link\" data-action=\"manage\">Gestionar mis opciones<i class=\"a-svg a-svg--icon-edit\"\/><\/button>\n    <\/div>\n<\/div>\n<\/div>\n<p>Jer\u00ed dirigi\u00f3 sendas comunicaciones al Fiscal de la Naci\u00f3n, Tom\u00e1s G\u00e1lvez Villegas, y al presidente de la Comisi\u00f3n de Fiscalizaci\u00f3n y Contralor\u00eda del Congreso, Elvis Vergara, en las que mostr\u00f3 su disposici\u00f3n de ofrecer las \u201cdeclaraciones y aclaraciones que correspondan\u201d para el \u201cadecuado esclarecimiento de los hechos\u201d.<\/p>\n<h2><strong>Encapuchado y acompa\u00f1ado<\/strong><\/h2>\n<p>El primer encuentro de Jer\u00ed con \u2018Johnny\u2019 tuvo lugar el 26 de diciembre cerca de la medianoche, cuando asisti\u00f3 con su escolta presidencial y acompa\u00f1ado del ministro del Interior, Vicente Tiburcio, pero vestido con un abrigo con capucha para evitar ser reconocido.<\/p>\n<p>Jer\u00ed explic\u00f3 inicialmente que la reuni\u00f3n ten\u00eda como objetivo planificar los festejos del d\u00eda de la amistad entre China y Per\u00fa, previsto para los pr\u00f3ximos d\u00edas.<\/p>\n<p>El segundo encuentro se produjo el 6 de enero en una tienda de productos chinos, propiedad tambi\u00e9n de \u2018Johnny\u2019, a la que Jer\u00ed se present\u00f3 usando gafas oscuras y una chaqueta de la Fuerza A\u00e9rea Peruana.<\/p>\n<p>Al saber que los videos de vigilancia se hab\u00edan filtrado a los medios y que las im\u00e1genes ser\u00edan mostradas p\u00fablicamente, Jer\u00ed lanz\u00f3 una intempestiva comunicaci\u00f3n en redes sociales a las 2 de la madrugada del 18 de enero.<\/p>\n<div id=\"em-WBMZ363545-F24-ES-20260120\" class=\"m-em-flash\" data-xtwitter-script=\"\"><figcaption class=\"a-figcaption\">\n<\/figcaption><div class=\"o-em-consent \">\n<div class=\"o-em-consent__content\">\n<p class=\"o-em-consent__content__text\">Para mostrar este contenido de X (Twitter), debe autorizar las cookies de medici\u00f3n de audiencia y publicidad.<\/p>\n<p>        <button class=\"a-master-button a-master-button--dark\" data-action=\"accept\"><\/p>\n<p>            Aceptar<\/p>\n<p>  <svg class=\"a-svg a-svg--icon-check\">\n    <use xlink:href=\"http:\/\/www.france24.com\/build\/images\/svg\/sprite.17415c6ec01e4a8b145df03c806104d3.svg#icon-check\" href=\"http:\/\/www.france24.com\/build\/images\/svg\/sprite.17415c6ec01e4a8b145df03c806104d3.svg#icon-check\"\/>\n  <\/svg><br \/>\n        <\/button><br \/>\n        <button class=\"a-link\" data-action=\"manage\">Gestionar mis opciones<i class=\"a-svg a-svg--icon-edit\"\/><\/button>\n    <\/div>\n<\/div>\n<\/div>\n<p>El presidente interino reconoci\u00f3 en un mensaje grabado que estuvo acompa\u00f1ado de Tiburcio y que hab\u00eda actuado de forma errada, aunque neg\u00f3 que estuviera planificando alg\u00fan negocio il\u00edcito.<\/p>\n<p>La aclaraci\u00f3n se produjo como respuesta a denuncias period\u00edsticas de que planeaba el otorgamiento de un contrato sin licitaci\u00f3n para la colocaci\u00f3n de c\u00e1maras de vigilancia en unidades de transporte p\u00fablico, como una forma de enfrentar la situaci\u00f3n de inseguridad personal que atraviesa el pa\u00eds.<\/p>\n<h2><strong>\u00bfEs un error \u201cjuvenil\u201d o una trampa deliberada?<\/strong><\/h2>\n<p>El vicepresidente, Ernesto \u00c1lvarez, ha salido en defensa de Jer\u00ed, al afirmar que fue sorprendido en su buena fe, embaucado en una \u201ctrampa por los elogios, por su juventud\u201d, seg\u00fan \u00e9l tendida por empresarios que le cobraban haber quedado apartados de contratos oficiales.<\/p>\n<blockquote class=\"quote\">\n<p>\u00abA m\u00ed me parece que ha habido una trampa. Si revisamos las evidencias, el video es del interior de la tienda y ese control solo lo puede tener el empresario y su entorno, y esta visita y la otra han sido filtradas en forma paulatina para hacerle da\u00f1o\u00bb, afirm\u00f3 \u00c1lvarez, en declaraciones al portal del diario \u2018El Comercio\u2019.<\/p>\n<\/blockquote>\n<p>Por su parte, el presidente del Congreso, el fujimorista Fernando Rospiglosi, consider\u00f3 que Jer\u00ed hab\u00eda tenido una \u201cactitud incorrecta\u201d que \u201c\u00e9l mismo reconoci\u00f3 en un mensaje a la naci\u00f3n\u201d, pero se mostr\u00f3 opuesto a la activaci\u00f3n de una moci\u00f3n de vacancia.<\/p>\n<p>Rospiglosi record\u00f3 que Per\u00fa se encuentra en medio de un proceso electoral, previsto para el 12 de abril, y que \u201csi alguien encuentra algo il\u00edcito en el presidente tiene por supuesto todo el derecho de denunciarlo y eventualmente procesarlo\u201d, pero despu\u00e9s del 29 de julio, cuando est\u00e1 previsto el traspaso de mando, para evitar un nuevo vac\u00edo de poder.<\/p>\n<p>Con EFE y medios locales<\/p>\n<\/p><\/div>\n\n","protected":false},"excerpt":{"rendered":"<p>Luego de apenas 100 d\u00edas de gesti\u00f3n en sustituci\u00f3n de la destituida Dina Boluarte, el presidente interino de Per\u00fa, Jos\u00e9 Jer\u00ed, se enfrenta a su crisis m\u00e1s grande en medio de sospechas de manejos para favorecer a un empresario de origen chino en el otorgamiento de contratos sin licitaci\u00f3n. Jer\u00ed fue captado en sendas reuniones &hellip;<\/p>\n","protected":false},"author":1,"featured_media":56142,"comment_status":"open","ping_status":"open","sticky":false,"template":"","format":"standard","meta":{"fifu_image_url":"https:\/\/s.france24.com\/media\/display\/ddb71ec4-f5a4-11f0-9988-005056a97e36\/w:1280\/p:16x9\/AP25283242674047.jpg","fifu_image_alt":"","footnotes":""},"categories":[13],"tags":[],"class_list":["post-56140","post","type-post","status-publish","format-standard","has-post-thumbnail","","category-mundo"],"_links":{"self":[{"href":"https:\/\/noticiasveraces.com\/index.php?rest_route=\/wp\/v2\/posts\/56140","targetHints":{"allow":["GET"]}}],"collection":[{"href":"https:\/\/noticiasveraces.com\/index.php?rest_route=\/wp\/v2\/posts"}],"about":[{"href":"https:\/\/noticiasveraces.com\/index.php?rest_route=\/wp\/v2\/types\/post"}],"author":[{"embeddable":true,"href":"https:\/\/noticiasveraces.com\/index.php?rest_route=\/wp\/v2\/users\/1"}],"replies":[{"embeddable":true,"href":"https:\/\/noticiasveraces.com\/index.php?rest_route=%2Fwp%2Fv2%2Fcomments&post=56140"}],"version-history":[{"count":0,"href":"https:\/\/noticiasveraces.com\/index.php?rest_route=\/wp\/v2\/posts\/56140\/revisions"}],"wp:featuredmedia":[{"embeddable":true,"href":"https:\/\/noticiasveraces.com\/index.php?rest_route=\/wp\/v2\/media\/56142"}],"wp:attachment":[{"href":"https:\/\/noticiasveraces.com\/index.php?rest_route=%2Fwp%2Fv2%2Fmedia&parent=56140"}],"wp:term":[{"taxonomy":"category","embeddable":true,"href":"https:\/\/noticiasveraces.com\/index.php?rest_route=%2Fwp%2Fv2%2Fcategories&post=56140"},{"taxonomy":"post_tag","embeddable":true,"href":"https:\/\/noticiasveraces.com\/index.php?rest_route=%2Fwp%2Fv2%2Ftags&post=56140"}],"curies":[{"name":"wp","href":"https:\/\/api.w.org\/{rel}","templated":true}]}}