{"id":56138,"date":"2026-01-20T01:04:13","date_gmt":"2026-01-20T05:04:13","guid":{"rendered":"https:\/\/noticiasveraces.com\/?p=56138"},"modified":"2026-01-20T01:04:13","modified_gmt":"2026-01-20T05:04:13","slug":"kim-jong-un-destituye-publicamente-a-su-viceprimer-ministro","status":"publish","type":"post","link":"https:\/\/noticiasveraces.com\/?p=56138","title":{"rendered":"Kim Jong-un destituye p\u00fablicamente a su viceprimer ministro"},"content":{"rendered":"<p> \n<\/p>\n<div data-tracking-name=\"rich-text\" data-tracking-skip=\"true\">\n<p>El mandatario norcoreano, Kim Jong-un, destituy\u00f3 a su viceprimer ministro Yang Sung-ho durante un acto oficial y de manera p\u00fablica,\u00a0seg\u00fan inform\u00f3 este martes (20.01.2026) la agencia estatal de noticias CNA.<\/p>\n<p>Este inusual\u00a0gesto p\u00fablico de Kim refuerza las se\u00f1ales de reestructuraci\u00f3n interna de cara a un congreso clave del Partido de los Trabajadores.<\/p>\n<p>\u00abKim Jong-un destituy\u00f3 a Yang Sung-ho inmediatamente\u00bb, dijo KCNA sobre el suceso, ocurrido el lunes durante la ceremonia de finalizaci\u00f3n de la primera fase del proyecto de modernizaci\u00f3n del Complejo de Maquinaria de Ryongsong, que suministra equipos a minas y otras industrias norcoreanas, en la provincia de Hamgyong del Sur, al noreste de Pyongyang.<\/p>\n<p>Aunque celebr\u00f3 la conclusi\u00f3n de la primera fase del proyecto, Kim aprovech\u00f3 el acto para denunciar graves fallos de gesti\u00f3n de Yang, encargado de supervisar la industria de maquinaria, y los responsables de orientaci\u00f3n econ\u00f3mica, que provocaron p\u00e9rdidas econ\u00f3micas.<\/p>\n<p>\u00abFue como enganchar un carro a una cabra&#8230; \u00bfAcaso es una cabra la que tira de un carro, o un buey?\u00bb, dijo el l\u00edder del r\u00e9gimen\u00a0herm\u00e9tico sobre los fallos en el desarrollo de la primera fase.<\/p>\n<p>La destituci\u00f3n de Yang se produce ante rumores sobre posibles sanciones al exprimer ministro Kim Tok-hun, tras su ausencia p\u00fablica en la 13\u00aa sesi\u00f3n plenaria del partido celebrada en diciembre.<\/p>\n<p>La inteligencia surcoreana y expertos locales indican que Pyongyang celebrar\u00e1 su 9\u00ba Congreso del Partido este mes o en febrero, donde se anticipan cambios de personal. Las \u00faltimas medidas de Kim podr\u00edan interpretarse con un adelanto a tal reestructuraci\u00f3n.<\/p>\n<p>gs (efe, afp)<\/p>\n<\/div>\n\n","protected":false},"excerpt":{"rendered":"<p>El mandatario norcoreano, Kim Jong-un, destituy\u00f3 a su viceprimer ministro Yang Sung-ho durante un acto oficial y de manera p\u00fablica,\u00a0seg\u00fan inform\u00f3 este martes (20.01.2026) la agencia estatal de noticias CNA. Este inusual\u00a0gesto p\u00fablico de Kim refuerza las se\u00f1ales de reestructuraci\u00f3n interna de cara a un congreso clave del Partido de los Trabajadores. \u00abKim Jong-un destituy\u00f3 &hellip;<\/p>\n","protected":false},"author":1,"featured_media":56139,"comment_status":"open","ping_status":"open","sticky":false,"template":"","format":"standard","meta":{"fifu_image_url":"https:\/\/static.dw.com\/image\/75573108_6.jpg","fifu_image_alt":"","footnotes":""},"categories":[13],"tags":[],"class_list":["post-56138","post","type-post","status-publish","format-standard","has-post-thumbnail","","category-mundo"],"_links":{"self":[{"href":"https:\/\/noticiasveraces.com\/index.php?rest_route=\/wp\/v2\/posts\/56138","targetHints":{"allow":["GET"]}}],"collection":[{"href":"https:\/\/noticiasveraces.com\/index.php?rest_route=\/wp\/v2\/posts"}],"about":[{"href":"https:\/\/noticiasveraces.com\/index.php?rest_route=\/wp\/v2\/types\/post"}],"author":[{"embeddable":true,"href":"https:\/\/noticiasveraces.com\/index.php?rest_route=\/wp\/v2\/users\/1"}],"replies":[{"embeddable":true,"href":"https:\/\/noticiasveraces.com\/index.php?rest_route=%2Fwp%2Fv2%2Fcomments&post=56138"}],"version-history":[{"count":0,"href":"https:\/\/noticiasveraces.com\/index.php?rest_route=\/wp\/v2\/posts\/56138\/revisions"}],"wp:featuredmedia":[{"embeddable":true,"href":"https:\/\/noticiasveraces.com\/index.php?rest_route=\/wp\/v2\/media\/56139"}],"wp:attachment":[{"href":"https:\/\/noticiasveraces.com\/index.php?rest_route=%2Fwp%2Fv2%2Fmedia&parent=56138"}],"wp:term":[{"taxonomy":"category","embeddable":true,"href":"https:\/\/noticiasveraces.com\/index.php?rest_route=%2Fwp%2Fv2%2Fcategories&post=56138"},{"taxonomy":"post_tag","embeddable":true,"href":"https:\/\/noticiasveraces.com\/index.php?rest_route=%2Fwp%2Fv2%2Ftags&post=56138"}],"curies":[{"name":"wp","href":"https:\/\/api.w.org\/{rel}","templated":true}]}}