{"id":56135,"date":"2026-01-20T00:02:53","date_gmt":"2026-01-20T04:02:53","guid":{"rendered":"https:\/\/noticiasveraces.com\/?p=56135"},"modified":"2026-01-20T00:02:53","modified_gmt":"2026-01-20T04:02:53","slug":"detenidos-de-isis-escapan-de-la-prision-siria-en-medio-del-traspaso-de-las-sdf-a-nuevas-fuerzas","status":"publish","type":"post","link":"https:\/\/noticiasveraces.com\/?p=56135","title":{"rendered":"Detenidos de ISIS escapan de la prisi\u00f3n siria en medio del traspaso de las SDF a nuevas fuerzas"},"content":{"rendered":"<p> \n<\/p>\n<div>\n<div id=\"beyondwords-wrapper\" class=\"beyondwords-wrapper\">\n<p><span class=\"label-bg\">NUEVO<\/span>\u00a1Ahora puedes escuchar los art\u00edculos de Fox News!\n  <\/p>\n<\/div>\n<p class=\"speakable\">Militantes del grupo Estado Isl\u00e1mico escaparon de una prisi\u00f3n en el este de Siria en medio de una ca\u00f3tica transferencia de control entre las Fuerzas Democr\u00e1ticas Sirias (SDF) lideradas por los kurdos y el gobierno sirio el lunes, seg\u00fan funcionarios estadounidenses y fuentes regionales.<\/p>\n<p class=\"speakable\">El incidente ocurri\u00f3 en la prisi\u00f3n de Al-Shaddadi en la provincia siria de Hasakah despu\u00e9s de que se hubiera negociado un alto el fuego que, seg\u00fan los informes, no hab\u00eda avanzado lo suficientemente r\u00e1pido.<\/p>\n<p>La tregua se produjo despu\u00e9s de d\u00edas de combates, con Damasco acusando a las SDF de demorarse en los traspasos de seguridad, dijeron fuentes a Fox News Digital.<\/p>\n<p>El l\u00edder sirio Ahmed al-Sharaa hab\u00eda manifestado p\u00fablicamente su impaciencia con la autonom\u00eda kurda, dici\u00e9ndole efectivamente a los l\u00edderes de las SDF que era hora de disolverse.<\/p>\n<p><strong>EE.UU. anuncia m\u00e1s acciones militares contra ISIS: &#39;NO cederemos&#39;<\/strong><\/p>\n<div class=\"image-ct inline\">\n<div class=\"m\"><picture><source media=\"(max-width: 767px)\" srcset=\"https:\/\/a57.foxnews.com\/static.foxnews.com\/foxnews.com\/content\/uploads\/2026\/01\/343\/192\/sdf-al-aqtan-prison.jpg?ve=1&amp;tl=1, https:\/\/a57.foxnews.com\/static.foxnews.com\/foxnews.com\/content\/uploads\/2026\/01\/686\/384\/sdf-al-aqtan-prison.jpg?ve=1&amp;tl=1 2x\" height=\"192\" width=\"343\"><source media=\"(min-width: 768px) and (max-width: 1023px)\" srcset=\"https:\/\/a57.foxnews.com\/static.foxnews.com\/foxnews.com\/content\/uploads\/2026\/01\/672\/378\/sdf-al-aqtan-prison.jpg?ve=1&amp;tl=1, https:\/\/a57.foxnews.com\/static.foxnews.com\/foxnews.com\/content\/uploads\/2026\/01\/1344\/756\/sdf-al-aqtan-prison.jpg?ve=1&amp;tl=1 2x\" height=\"378\" width=\"672\"><source media=\"(min-width: 1024px) and (max-width: 1279px)\" srcset=\"https:\/\/a57.foxnews.com\/static.foxnews.com\/foxnews.com\/content\/uploads\/2026\/01\/931\/523\/sdf-al-aqtan-prison.jpg?ve=1&amp;tl=1, https:\/\/a57.foxnews.com\/static.foxnews.com\/foxnews.com\/content\/uploads\/2026\/01\/1862\/1046\/sdf-al-aqtan-prison.jpg?ve=1&amp;tl=1 2x\" height=\"523\" width=\"931\"><source media=\"(min-width: 1280px)\" srcset=\"https:\/\/a57.foxnews.com\/static.foxnews.com\/foxnews.com\/content\/uploads\/2026\/01\/720\/405\/sdf-al-aqtan-prison.jpg?ve=1&amp;tl=1, https:\/\/a57.foxnews.com\/static.foxnews.com\/foxnews.com\/content\/uploads\/2026\/01\/1440\/810\/sdf-al-aqtan-prison.jpg?ve=1&amp;tl=1 2x\" height=\"405\" width=\"720\"><img loading=\"lazy\" decoding=\"async\" src=\"https:\/\/a57.foxnews.com\/static.foxnews.com\/foxnews.com\/content\/uploads\/2026\/01\/1200\/675\/sdf-al-aqtan-prison.jpg?ve=1&amp;tl=1\" alt=\"Prisi\u00f3n de Siria.\" width=\"1200\" height=\"675\"\/><\/source><\/source><\/source><\/source><\/picture><\/div>\n<div class=\"info\">\n<div class=\"caption\">\n<p><span>Militantes de ISIS escapan de una prisi\u00f3n siria durante un ca\u00f3tico traslado de las fuerzas lideradas por los kurdos al control gubernamental en la prisi\u00f3n de Al-Shaddadi.<\/span> <span>(Ali Haj Suleiman\/Getty Images)<\/span><\/p>\n<\/div>\n<\/div>\n<\/div>\n<p>Seg\u00fan un acuerdo de integraci\u00f3n alcanzado el domingo, las SDF tambi\u00e9n acordaron retirarse de dos provincias de mayor\u00eda \u00e1rabe que hab\u00edan controlado durante a\u00f1os.<\/p>\n<p>Luego, el acuerdo inclu\u00eda la responsabilidad de las prisiones que albergaban a los detenidos de ISIS que ser\u00edan transferidos de las SDF al gobierno sirio.<\/p>\n<p>Estados Unidos hab\u00eda trabajado con las SDF para trasladar a los peores combatientes extranjeros de ISIS a otras prisiones sirias m\u00e1s seguras antes del alto el fuego.<\/p>\n<p><strong>TURQU\u00cdA DICE QUE SIRIA EL USO DE LA FUERZA ES UNA OPCI\u00d3N CONTRA LOS COMBATIENTES RESPALDADOS POR ESTADOS UNIDOS QUE AYUDARON A DERROTAR A ISIS<\/strong><\/p>\n<div class=\"image-ct inline\">\n<div class=\"m\"><picture><source media=\"(max-width: 767px)\" srcset=\"https:\/\/a57.foxnews.com\/static.foxnews.com\/foxnews.com\/content\/uploads\/2026\/01\/343\/192\/syrian-government-forces.jpg?ve=1&amp;tl=1, https:\/\/a57.foxnews.com\/static.foxnews.com\/foxnews.com\/content\/uploads\/2026\/01\/686\/384\/syrian-government-forces.jpg?ve=1&amp;tl=1 2x\" height=\"192\" width=\"343\"><source media=\"(min-width: 768px) and (max-width: 1023px)\" srcset=\"https:\/\/a57.foxnews.com\/static.foxnews.com\/foxnews.com\/content\/uploads\/2026\/01\/672\/378\/syrian-government-forces.jpg?ve=1&amp;tl=1, https:\/\/a57.foxnews.com\/static.foxnews.com\/foxnews.com\/content\/uploads\/2026\/01\/1344\/756\/syrian-government-forces.jpg?ve=1&amp;tl=1 2x\" height=\"378\" width=\"672\"><source media=\"(min-width: 1024px) and (max-width: 1279px)\" srcset=\"https:\/\/a57.foxnews.com\/static.foxnews.com\/foxnews.com\/content\/uploads\/2026\/01\/931\/523\/syrian-government-forces.jpg?ve=1&amp;tl=1, https:\/\/a57.foxnews.com\/static.foxnews.com\/foxnews.com\/content\/uploads\/2026\/01\/1862\/1046\/syrian-government-forces.jpg?ve=1&amp;tl=1 2x\" height=\"523\" width=\"931\"><source media=\"(min-width: 1280px)\" srcset=\"https:\/\/a57.foxnews.com\/static.foxnews.com\/foxnews.com\/content\/uploads\/2026\/01\/720\/405\/syrian-government-forces.jpg?ve=1&amp;tl=1, https:\/\/a57.foxnews.com\/static.foxnews.com\/foxnews.com\/content\/uploads\/2026\/01\/1440\/810\/syrian-government-forces.jpg?ve=1&amp;tl=1 2x\" height=\"405\" width=\"720\"><img loading=\"lazy\" decoding=\"async\" src=\"https:\/\/a57.foxnews.com\/static.foxnews.com\/foxnews.com\/content\/uploads\/2026\/01\/1200\/675\/syrian-government-forces.jpg?ve=1&amp;tl=1\" alt=\"Fuerzas del gobierno sirio.\" width=\"1200\" height=\"675\"\/><\/source><\/source><\/source><\/source><\/picture><\/div>\n<div class=\"info\">\n<div class=\"caption\">\n<p><span>El alto el fuego kurdo-sirio provoc\u00f3 una fuga de la prisi\u00f3n de ISIS en el este de Siria cuando las fuerzas abandonaron el centro de detenci\u00f3n de Al-Shaddadi durante la transici\u00f3n de seguridad, confirmaron funcionarios estadounidenses.<\/span> <!----><\/p>\n<\/div>\n<\/div>\n<\/div>\n<p>Las fuentes dijeron que anteriormente hab\u00eda menos de 1.000 detenidos en la prisi\u00f3n de Al-Shaddadi, pero s\u00f3lo unos 200 estaban all\u00ed cuando se produjo la complicada transici\u00f3n el lunes.<\/p>\n<p>Cuando los guardias de las SDF abandonaron la prisi\u00f3n de Al-Shaddadi y las fuerzas sirias se movieron para tomar el control, los residentes locales sacaron a aproximadamente 200 detenidos de ISIS de la instalaci\u00f3n, dijeron las fuentes.<\/p>\n<p>\u00abLa mayor\u00eda de ellos eran combatientes locales de bajo nivel, no combatientes extranjeros aguerridos\u00bb, explic\u00f3 una fuente bien situada.<\/p>\n<p>El ej\u00e9rcito estadounidense tambi\u00e9n dijo que hab\u00eda trabajado estrechamente con las SDF en los \u00faltimos meses para reubicar a los detenidos extranjeros m\u00e1s peligrosos de ISIS en prisiones m\u00e1s seguras antes del alto el fuego. <\/p>\n<p>Tambi\u00e9n se dijo que las fuerzas estadounidenses estaban siguiendo de cerca los acontecimientos a medida que se desarrollaba la transici\u00f3n.<\/p>\n<p><strong>FUNCIONARIO ISRAEL\u00cd PRODUCE UNA ADVERTENCIA FUERTE DESPU\u00c9S DE QUE SURVAN A LA SUPERFICIE LOS C\u00c1NTICOS DE GUERRA MILITAR SIRIA<\/strong><\/p>\n<div class=\"image-ct inline\">\n<div class=\"m\"><picture><source media=\"(max-width: 767px)\" srcset=\"https:\/\/a57.foxnews.com\/static.foxnews.com\/foxnews.com\/content\/uploads\/2025\/11\/343\/192\/syrian-leader.jpg?ve=1&amp;tl=1, https:\/\/a57.foxnews.com\/static.foxnews.com\/foxnews.com\/content\/uploads\/2025\/11\/686\/384\/syrian-leader.jpg?ve=1&amp;tl=1 2x\" height=\"192\" width=\"343\"><source media=\"(min-width: 768px) and (max-width: 1023px)\" srcset=\"https:\/\/a57.foxnews.com\/static.foxnews.com\/foxnews.com\/content\/uploads\/2025\/11\/672\/378\/syrian-leader.jpg?ve=1&amp;tl=1, https:\/\/a57.foxnews.com\/static.foxnews.com\/foxnews.com\/content\/uploads\/2025\/11\/1344\/756\/syrian-leader.jpg?ve=1&amp;tl=1 2x\" height=\"378\" width=\"672\"><source media=\"(min-width: 1024px) and (max-width: 1279px)\" srcset=\"https:\/\/a57.foxnews.com\/static.foxnews.com\/foxnews.com\/content\/uploads\/2025\/11\/931\/523\/syrian-leader.jpg?ve=1&amp;tl=1, https:\/\/a57.foxnews.com\/static.foxnews.com\/foxnews.com\/content\/uploads\/2025\/11\/1862\/1046\/syrian-leader.jpg?ve=1&amp;tl=1 2x\" height=\"523\" width=\"931\"><source media=\"(min-width: 1280px)\" srcset=\"https:\/\/a57.foxnews.com\/static.foxnews.com\/foxnews.com\/content\/uploads\/2025\/11\/720\/405\/syrian-leader.jpg?ve=1&amp;tl=1, https:\/\/a57.foxnews.com\/static.foxnews.com\/foxnews.com\/content\/uploads\/2025\/11\/1440\/810\/syrian-leader.jpg?ve=1&amp;tl=1 2x\" height=\"405\" width=\"720\"><img loading=\"lazy\" decoding=\"async\" src=\"https:\/\/a57.foxnews.com\/static.foxnews.com\/foxnews.com\/content\/uploads\/2025\/11\/1200\/675\/syrian-leader.jpg?ve=1&amp;tl=1\" alt=\"El l\u00edder sirio Ahmed al-Sharaa sentado en una silla con las manos cruzadas.\" width=\"1200\" height=\"675\"\/><\/source><\/source><\/source><\/source><\/picture><\/div>\n<div class=\"info\">\n<div class=\"caption\">\n<p><span>El l\u00edder sirio Ahmed al-Sharaa hab\u00eda manifestado p\u00fablicamente su impaciencia con la autonom\u00eda kurda.<\/span> <span>(Salwan Georges\/The Washington Post v\u00eda Getty Images)<\/span><\/p>\n<\/div>\n<\/div>\n<\/div>\n<p>Un alto funcionario estadounidense tambi\u00e9n dijo a Fox News que la mayor\u00eda de los prisioneros fugitivos fueron r\u00e1pidamente detenidos y devueltos a la prisi\u00f3n, que ahora est\u00e1 bajo control del gobierno sirio.<\/p>\n<p>El lunes, el ej\u00e9rcito sirio impuso un toque de queda total en la ciudad de Shaddadi y lanz\u00f3 amplias operaciones de seguridad para localizar a los fugitivos restantes, seg\u00fan los informes.<\/p>\n<p>Mientras tanto, funcionarios estadounidenses confirmaron que estaban \u00abreforzando nuestra presencia por aire, tierra y mar\u00bb, y que el ej\u00e9rcito vigilaba muy de cerca la situaci\u00f3n.<\/p>\n<p><strong>HAGA CLIC AQU\u00cd PARA DESCARGAR LA APLICACI\u00d3N FOX NEWS<\/strong><\/p>\n<p>Un escuadr\u00f3n de aviones de combate F-15 fue reposicionado y llegaron a la zona aviones C-17 con equipo pesado. Se espera que el USS Abraham Lincoln ingrese al \u00e1rea del Comando Central de EE. UU. el 25 de enero.<\/p>\n<p>En Irak, los manifestantes kurdos tambi\u00e9n fueron controlados despu\u00e9s de concentrarse en el consulado de Estados Unidos en Erbil, con informes de manifestantes parados en las paredes.<\/p>\n<p> <!----> <\/p>\n<div class=\"article-meta\">\n<div class=\"author-bio\">\n<p>Emma Bussey es redactora de noticias de \u00faltima hora para Fox News Digital. Antes de unirse a Fox, trabaj\u00f3 en The Telegraph con el equipo nocturno de EE. UU., en \u00e1reas que inclu\u00edan asuntos exteriores, pol\u00edtica, noticias, deportes y cultura. <\/p>\n<\/div>\n<\/div>\n<\/div>\n\n","protected":false},"excerpt":{"rendered":"<p>NUEVO\u00a1Ahora puedes escuchar los art\u00edculos de Fox News! Militantes del grupo Estado Isl\u00e1mico escaparon de una prisi\u00f3n en el este de Siria en medio de una ca\u00f3tica transferencia de control entre las Fuerzas Democr\u00e1ticas Sirias (SDF) lideradas por los kurdos y el gobierno sirio el lunes, seg\u00fan funcionarios estadounidenses y fuentes regionales. El incidente ocurri\u00f3 &hellip;<\/p>\n","protected":false},"author":1,"featured_media":56137,"comment_status":"open","ping_status":"open","sticky":false,"template":"","format":"standard","meta":{"fifu_image_url":"https:\/\/static.foxnews.com\/foxnews.com\/content\/uploads\/2026\/01\/sdf-al-aqtan-prison.jpg","fifu_image_alt":"","footnotes":""},"categories":[13],"tags":[],"class_list":["post-56135","post","type-post","status-publish","format-standard","has-post-thumbnail","","category-mundo"],"_links":{"self":[{"href":"https:\/\/noticiasveraces.com\/index.php?rest_route=\/wp\/v2\/posts\/56135","targetHints":{"allow":["GET"]}}],"collection":[{"href":"https:\/\/noticiasveraces.com\/index.php?rest_route=\/wp\/v2\/posts"}],"about":[{"href":"https:\/\/noticiasveraces.com\/index.php?rest_route=\/wp\/v2\/types\/post"}],"author":[{"embeddable":true,"href":"https:\/\/noticiasveraces.com\/index.php?rest_route=\/wp\/v2\/users\/1"}],"replies":[{"embeddable":true,"href":"https:\/\/noticiasveraces.com\/index.php?rest_route=%2Fwp%2Fv2%2Fcomments&post=56135"}],"version-history":[{"count":0,"href":"https:\/\/noticiasveraces.com\/index.php?rest_route=\/wp\/v2\/posts\/56135\/revisions"}],"wp:featuredmedia":[{"embeddable":true,"href":"https:\/\/noticiasveraces.com\/index.php?rest_route=\/wp\/v2\/media\/56137"}],"wp:attachment":[{"href":"https:\/\/noticiasveraces.com\/index.php?rest_route=%2Fwp%2Fv2%2Fmedia&parent=56135"}],"wp:term":[{"taxonomy":"category","embeddable":true,"href":"https:\/\/noticiasveraces.com\/index.php?rest_route=%2Fwp%2Fv2%2Fcategories&post=56135"},{"taxonomy":"post_tag","embeddable":true,"href":"https:\/\/noticiasveraces.com\/index.php?rest_route=%2Fwp%2Fv2%2Ftags&post=56135"}],"curies":[{"name":"wp","href":"https:\/\/api.w.org\/{rel}","templated":true}]}}