{"id":56128,"date":"2026-01-19T20:54:57","date_gmt":"2026-01-20T00:54:57","guid":{"rendered":"https:\/\/noticiasveraces.com\/?p=56128"},"modified":"2026-01-19T20:54:57","modified_gmt":"2026-01-20T00:54:57","slug":"el-chavismo-anuncio-una-marcha-el-23-de-enero-lo-que-se-sabe-de-la-movilizacion","status":"publish","type":"post","link":"https:\/\/noticiasveraces.com\/?p=56128","title":{"rendered":"El chavismo anunci\u00f3 una marcha el 23 de enero: lo que se sabe de la movilizaci\u00f3n"},"content":{"rendered":"<p> \n<\/p>\n<div>\n<article>\n<div class=\"image-featured\">\n<img src=\"data:image\/png;base64,iVBORw0KGgoAAAANSUhEUgAABQAAAANVAQAAAAAPDG4kAAAAAnRSTlMAAHaTzTgAAACcSURBVHja7cExAQAAAMKg9U9tCU+gAAAAAAAAAAAAAAAAAAAAAAAAAAAAAAAAAAAAAAAAAAAAAAAAAAAAAAAAAAAAAAAAAAAAAAAAAAAAAAAAAAAAAAAAAAAAAAAAAAAAAAAAAAAAAAAAAAAAAAAAAAAAAAAAAAAAAAAAAAAAAAAAAAAAAAAAAAAAAAAAAAAAAAAAAAAAAAAAAI4GGJMAAVbYOkkAAAAASUVORK5CYII=\" alt=\"Cabello anuncia una movilizaci\u00f3n para conmemorar la ca\u00edda de la dictadura de P\u00e9rez Jim\u00e9nez\" data-src=\"https:\/\/elnacional-uploads.nyc3.digitaloceanspaces.com\/wp-content\/uploads\/2026\/01\/19200851\/e851a9aa2b7975092d524c56ec9a261efcf2b6a0w-1280x853.jpg\" decoding=\"async\" class=\"lazyload\" data-eio-rwidth=\"1280\" data-eio-rheight=\"853\"\/><img decoding=\"async\" src=\"https:\/\/elnacional-uploads.nyc3.digitaloceanspaces.com\/wp-content\/uploads\/2026\/01\/19200851\/e851a9aa2b7975092d524c56ec9a261efcf2b6a0w-1280x853.jpg\" alt=\"Cabello anuncia una movilizaci\u00f3n para conmemorar la ca\u00edda de la dictadura de P\u00e9rez Jim\u00e9nez\" data-eio=\"l\"\/><figcaption>El secretario general del Partido Socialista Unido de Venezuela (PSUV), Diosdado Cabello, en una fotograf\u00eda de archivo. EFE\/ Miguel Gutierrez<\/figcaption><\/div>\n<p>El <strong>secretario general del Partido Socialista Unido de Venezuela (PSUV), Diosdado Cabello<\/strong>anunci\u00f3 este lunes la <strong>convocatoria a una \u201cgran movilizaci\u00f3n\u201d en Caracas<\/strong> para el <strong>pr\u00f3ximo 23 de enero<\/strong>fecha en la que se <strong>conmemora la ca\u00edda de la dictadura de Marcos P\u00e9rez Jim\u00e9nez en 1958<\/strong>.<\/p>\n<p>En una <strong>rueda de prensa semanal del PSUV<\/strong>transmitida por el <strong>canal estatal VTV<\/strong>Cabello indic\u00f3 que la actividad ser\u00e1 parte de una <strong>serie de movilizaciones<\/strong> a <strong>exigir la liberaci\u00f3n de Nicol\u00e1s Maduro y de su esposa, Cilia Flores<\/strong>quienes fueron <strong>capturados por Estados Unidos en Caracas el 3 de enero<\/strong>.<\/p>\n<p><strong>\u00abHoy son 17 d\u00edas del secuestro del hermano presidente y de la compa\u00f1era Cilia Flores\u00bb<\/strong>afirm\u00f3 Cabello, al denunciar que ambos est\u00e1n <strong>\u201csecuestrados\u201d y sometidos a una situaci\u00f3n de \u201cprisioneros de guerra\u201d<\/strong>.<\/p>\n<p><strong>\u00abTodos enfocados, como primer objetivo, en la liberaci\u00f3n del presidente y de Cilia\u00bb<\/strong>agreg\u00f3, asegurando que el chavismo <strong>no se detendr\u00e1 y seguir\u00e1 gobernando<\/strong>.<\/p>\n<p>Desde la <strong>captura de Maduro y Flores<\/strong>el <strong>chavismo ha convocado manifestaciones<\/strong> para exigir su <strong>liberaci\u00f3n<\/strong> y ha prometido <strong>no descansar hasta traerlos de vuelta a Venezuela<\/strong>.<\/p>\n<p>El domingo, <strong>dirigentes chavistas confiaron<\/strong> en que, ante la <strong>presi\u00f3n internacional<\/strong>se logre un <strong>acuerdo para liberar a Maduro y a su esposa<\/strong>.<\/p>\n<p>Los manifestantes tambi\u00e9n han expresado su <strong>respaldo a Delcy Rodr\u00edguez<\/strong>quien asumi\u00f3 como <strong>presidenta encargada el 5 de enero<\/strong>tras ser <strong>convocada por el Tribunal Supremo de Justicia<\/strong>.<\/p>\n<\/article>\n<\/div>\n\n","protected":false},"excerpt":{"rendered":"<p>El secretario general del Partido Socialista Unido de Venezuela (PSUV), Diosdado Cabello, en una fotograf\u00eda de archivo. EFE\/ Miguel Gutierrez El secretario general del Partido Socialista Unido de Venezuela (PSUV), Diosdado Cabelloanunci\u00f3 este lunes la convocatoria a una \u201cgran movilizaci\u00f3n\u201d en Caracas para el pr\u00f3ximo 23 de enerofecha en la que se conmemora la ca\u00edda &hellip;<\/p>\n","protected":false},"author":1,"featured_media":56129,"comment_status":"open","ping_status":"open","sticky":false,"template":"","format":"standard","meta":{"fifu_image_url":"https:\/\/elnacional-uploads.nyc3.digitaloceanspaces.com\/wp-content\/uploads\/2026\/01\/19200851\/e851a9aa2b7975092d524c56ec9a261efcf2b6a0w.jpg","fifu_image_alt":"","footnotes":""},"categories":[13],"tags":[],"class_list":["post-56128","post","type-post","status-publish","format-standard","has-post-thumbnail","","category-mundo"],"_links":{"self":[{"href":"https:\/\/noticiasveraces.com\/index.php?rest_route=\/wp\/v2\/posts\/56128","targetHints":{"allow":["GET"]}}],"collection":[{"href":"https:\/\/noticiasveraces.com\/index.php?rest_route=\/wp\/v2\/posts"}],"about":[{"href":"https:\/\/noticiasveraces.com\/index.php?rest_route=\/wp\/v2\/types\/post"}],"author":[{"embeddable":true,"href":"https:\/\/noticiasveraces.com\/index.php?rest_route=\/wp\/v2\/users\/1"}],"replies":[{"embeddable":true,"href":"https:\/\/noticiasveraces.com\/index.php?rest_route=%2Fwp%2Fv2%2Fcomments&post=56128"}],"version-history":[{"count":0,"href":"https:\/\/noticiasveraces.com\/index.php?rest_route=\/wp\/v2\/posts\/56128\/revisions"}],"wp:featuredmedia":[{"embeddable":true,"href":"https:\/\/noticiasveraces.com\/index.php?rest_route=\/wp\/v2\/media\/56129"}],"wp:attachment":[{"href":"https:\/\/noticiasveraces.com\/index.php?rest_route=%2Fwp%2Fv2%2Fmedia&parent=56128"}],"wp:term":[{"taxonomy":"category","embeddable":true,"href":"https:\/\/noticiasveraces.com\/index.php?rest_route=%2Fwp%2Fv2%2Fcategories&post=56128"},{"taxonomy":"post_tag","embeddable":true,"href":"https:\/\/noticiasveraces.com\/index.php?rest_route=%2Fwp%2Fv2%2Ftags&post=56128"}],"curies":[{"name":"wp","href":"https:\/\/api.w.org\/{rel}","templated":true}]}}