{"id":56125,"date":"2026-01-19T20:53:42","date_gmt":"2026-01-20T00:53:42","guid":{"rendered":"https:\/\/noticiasveraces.com\/?p=56125"},"modified":"2026-01-19T20:53:42","modified_gmt":"2026-01-20T00:53:42","slug":"el-emotivo-y-estremecedor-mensaje-de-brahim-diaz-tras-fallar-penal-en-final-marruecos-vs-senegal-curiosidades-de-futbol","status":"publish","type":"post","link":"https:\/\/noticiasveraces.com\/?p=56125","title":{"rendered":"El emotivo y estremecedor mensaje de Brahim D\u00edaz tras fallar penal en final Marruecos vs Senegal | Curiosidades de f\u00fatbol"},"content":{"rendered":"<p> \n<br \/><img decoding=\"async\" src=\"https:\/\/www.futbolred.com\/files\/article_graphic\/files\/crop\/uploads\/2026\/01\/19\/696eaa811fd7b.r_1352554.0-0-600-300.png\" \/><\/p>\n<div id=\"cuerpoArticulo\">\n<p class=\"texto intro cnx-companion-firstparagraph\" id=\"p261035-m780-779-781\">Los ojos del mundo siguen puestos sobre la pasada final entre Marruecos y Senegal por la Copa Africana de Naciones, en especial sobre Brahim D\u00edaz, quien tuvo la oportunidad desde los doce pasos para poner a los &#8216;leones&#8217; a la delantera en el marcador, pero que, desperdici\u00f3 el disparo tras intentar la conocida &#8216;panenka&#8217;.<\/p>\n<p>El resultado final conden\u00f3 lo hecho por el futbolista del Real Madrid, quien de inmediato recibi\u00f3 cuestionamientos y cr\u00edticas ante lo sucedido el pasado domingo 18 de enero. <\/p>\n<p class=\"texto contenido-parrafo-articulo cnx-companion-paragraph\" id=\"p261035-m843-3-844\">\u201cTengo el coraz\u00f3n roto. He so\u00f1ado con este t\u00edtulo gracias a todo vuestro cari\u00f1o, cada mensaje y cada muestra de apoyo que me hizo sentir que no estaba solo\u00bb, escribi\u00f3 el jugador en su cuenta oficial de Instagram. <\/p>\n<p>Seguidamente, dej\u00f3 en claro que lo ocurrido fue totalmente su responsabilidad.\u00a0\u201cHe luchado con todas mis fuerzas, con el coraz\u00f3n por delante. Ayer fall\u00e9 y asumo toda la responsabilidad. Les presento mis disculpas m\u00e1s sinceras\u201d, agreg\u00f3. <\/p>\n<p>Para D\u00edaz, la \u00abrecuperaci\u00f3n ser\u00e1 dif\u00edcil, porque esta herida no cicatriza f\u00e1cilmente, pero lo intentar\u00e9\u00bb, teniendo la motivaci\u00f3n de \u00ablos\u00a0que creyeron en m\u00ed y por todos los que sufrieron conmigo\u00bb, dijo. <\/p>\n<p>\u00abSeguir\u00e9 hasta que alg\u00fan d\u00eda pueda devolver todo ese cari\u00f1o y ser motivo de orgullo para el pueblo marroqu\u00ed\u201d, concluy\u00f3. <\/p>\n<p>Vale resaltar que Brahim fue galardonado con la Bota de Oro del certamen africano y al momento de recibir el premio, lo hizo llorando entre aplausos de compa\u00f1eros y rivales. <\/p>\n<\/div>\n\n","protected":false},"excerpt":{"rendered":"<p>Los ojos del mundo siguen puestos sobre la pasada final entre Marruecos y Senegal por la Copa Africana de Naciones, en especial sobre Brahim D\u00edaz, quien tuvo la oportunidad desde los doce pasos para poner a los &#8216;leones&#8217; a la delantera en el marcador, pero que, desperdici\u00f3 el disparo tras intentar la conocida &#8216;panenka&#8217;. El &hellip;<\/p>\n","protected":false},"author":1,"featured_media":56127,"comment_status":"open","ping_status":"open","sticky":false,"template":"","format":"standard","meta":{"fifu_image_url":"https:\/\/www.futbolred.com\/files\/og_thumbnail\/uploads\/2026\/01\/19\/696eaa811fd7b.png","fifu_image_alt":"","footnotes":""},"categories":[6],"tags":[],"class_list":["post-56125","post","type-post","status-publish","format-standard","has-post-thumbnail","","category-deportes"],"_links":{"self":[{"href":"https:\/\/noticiasveraces.com\/index.php?rest_route=\/wp\/v2\/posts\/56125","targetHints":{"allow":["GET"]}}],"collection":[{"href":"https:\/\/noticiasveraces.com\/index.php?rest_route=\/wp\/v2\/posts"}],"about":[{"href":"https:\/\/noticiasveraces.com\/index.php?rest_route=\/wp\/v2\/types\/post"}],"author":[{"embeddable":true,"href":"https:\/\/noticiasveraces.com\/index.php?rest_route=\/wp\/v2\/users\/1"}],"replies":[{"embeddable":true,"href":"https:\/\/noticiasveraces.com\/index.php?rest_route=%2Fwp%2Fv2%2Fcomments&post=56125"}],"version-history":[{"count":0,"href":"https:\/\/noticiasveraces.com\/index.php?rest_route=\/wp\/v2\/posts\/56125\/revisions"}],"wp:featuredmedia":[{"embeddable":true,"href":"https:\/\/noticiasveraces.com\/index.php?rest_route=\/wp\/v2\/media\/56127"}],"wp:attachment":[{"href":"https:\/\/noticiasveraces.com\/index.php?rest_route=%2Fwp%2Fv2%2Fmedia&parent=56125"}],"wp:term":[{"taxonomy":"category","embeddable":true,"href":"https:\/\/noticiasveraces.com\/index.php?rest_route=%2Fwp%2Fv2%2Fcategories&post=56125"},{"taxonomy":"post_tag","embeddable":true,"href":"https:\/\/noticiasveraces.com\/index.php?rest_route=%2Fwp%2Fv2%2Ftags&post=56125"}],"curies":[{"name":"wp","href":"https:\/\/api.w.org\/{rel}","templated":true}]}}